{"id":1693,"date":"2012-10-23T11:11:17","date_gmt":"2012-10-23T14:11:17","guid":{"rendered":"http:\/\/www.curva1.com.ar\/?p=1693"},"modified":"2012-10-23T11:11:17","modified_gmt":"2012-10-23T14:11:17","slug":"terranova-el-mejor-de-la-primera-etapa-del-desafio-ruta-40","status":"publish","type":"post","link":"https:\/\/curva1.com.ar\/?p=1693","title":{"rendered":"Terranova el mejor de la primera etapa del Desaf\u00edo Ruta 40"},"content":{"rendered":"<p><img loading=\"lazy\" decoding=\"async\" class=\"aligncenter size-full wp-image-1695\" title=\"gal-490674\" src=\"http:\/\/www.curva1.com.ar\/wp-content\/uploads\/2012\/10\/gal-490674.jpg\" alt=\"\" width=\"500\" height=\"281\" srcset=\"https:\/\/curva1.com.ar\/wp-content\/uploads\/2012\/10\/gal-490674.jpg 500w, https:\/\/curva1.com.ar\/wp-content\/uploads\/2012\/10\/gal-490674-300x168.jpg 300w\" sizes=\"auto, (max-width: 500px) 100vw, 500px\" \/><\/p>\n<p>El Desaf\u00edo Ruta 40, la competencia v\u00e1lida por el campeonato Argentino de Rally Cross Country, disput\u00f3 ayer su primera etapa entre San Juan y Chilecito, en La Rioja.<\/p>\n<p>En la categor\u00eda Autos, no hubo sorpresas y Orlando Terranova se qued\u00f3 con el \u00e9xito. El mendocino, a bordo de su BMW X3, super\u00f3 por 38\u2019 a su comprovinciano Alejandro Sargo (VW Amarok) y al marplatense Omar G\u00e1ndara (Toyota SW4), que est\u00e1 a m\u00e1s de dos horas de Orly.<br \/>\nMientras, Adri\u00e1n Yacopini (VW Amarok) culmin\u00f3 sexto, Alejandro Yacopini (Toyota SW4) logr\u00f3 el octavo lugar y Jos\u00e9 Silva (Subaru Forester) lleg\u00f3 relegado en 16\u00b0 lugar.<\/p>\n<p>Entre las Motos, el chileno Daniel Gouet (Honda) comand\u00f3 con m\u00e1s de 16\u2019 de ventaja en relaci\u00f3n a Pablo Rodr\u00edguez (Honda) y por m\u00e1s de una hora sobre Alberto Ontiveros (Beta), quien lleg\u00f3 tercero.<\/p>\n<p>El \u00fanico mendocino en dos ruedas es Juan Carlos Pereira (KTM). El hombre del Shell Moto Sport San Rafael finaliz\u00f3 en la cuarta plaza.<\/p>\n<p>El uruguayo Sergio Lafuente (Yamaha) y el cordob\u00e9s Claudio Cavigliasso (Can Am) lideran en Cuatriciclos 4&#215;2 Y 4&#215;4 respectivamente, mientras que el riojano Omar Yoma lidera en los UTV superando al mendocino Bernardo Graue con m\u00e1s de 50\u2019 de diferencia.<\/p>\n<p>El tambi\u00e9n mendocino Fabi\u00e1n Miranda est\u00e1 tercero, Edgardo Dris marcha cuarto y Marco Terranova se ubica en la quinta posici\u00f3n.<\/p>\n<p>Los Andes.<\/p>\n","protected":false},"excerpt":{"rendered":"<p>El Desaf\u00edo Ruta 40, la competencia v\u00e1lida por el campeonato Argentino de Rally Cross Country,<\/p>\n","protected":false},"author":1,"featured_media":1695,"comment_status":"open","ping_status":"closed","sticky":false,"template":"","format":"standard","meta":{"footnotes":""},"categories":[6],"tags":[],"class_list":["post-1693","post","type-post","status-publish","format-standard","has-post-thumbnail","hentry","category-nacionales"],"featured_image_urls":{"full":["https:\/\/curva1.com.ar\/wp-content\/uploads\/2012\/10\/gal-490674.jpg",500,281,false],"thumbnail":["https:\/\/curva1.com.ar\/wp-content\/uploads\/2012\/10\/gal-490674-150x150.jpg",150,150,true],"medium":["https:\/\/curva1.com.ar\/wp-content\/uploads\/2012\/10\/gal-490674-300x168.jpg",300,168,true],"medium_large":["https:\/\/curva1.com.ar\/wp-content\/uploads\/2012\/10\/gal-490674.jpg",500,281,false],"large":["https:\/\/curva1.com.ar\/wp-content\/uploads\/2012\/10\/gal-490674.jpg",500,281,false],"1536x1536":["https:\/\/curva1.com.ar\/wp-content\/uploads\/2012\/10\/gal-490674.jpg",500,281,false],"2048x2048":["https:\/\/curva1.com.ar\/wp-content\/uploads\/2012\/10\/gal-490674.jpg",500,281,false],"chromenews-featured":["https:\/\/curva1.com.ar\/wp-content\/uploads\/2012\/10\/gal-490674.jpg",500,281,false],"chromenews-large":["https:\/\/curva1.com.ar\/wp-content\/uploads\/2012\/10\/gal-490674.jpg",500,281,false],"chromenews-medium":["https:\/\/curva1.com.ar\/wp-content\/uploads\/2012\/10\/gal-490674.jpg",500,281,false]},"author_info":{"display_name":"Jos\u00e9 Bravo","author_link":"https:\/\/curva1.com.ar\/?author=1"},"category_info":"<a href=\"https:\/\/curva1.com.ar\/?cat=6\" rel=\"category\">Nacionales<\/a>","tag_info":"Nacionales","comment_count":"0","yoast_head":"<!-- This site is optimized with the Yoast SEO Premium plugin v14.7 - https:\/\/yoast.com\/wordpress\/plugins\/seo\/ -->\n<title>Terranova el mejor de la primera etapa del Desaf\u00edo Ruta 40 - Curva 1<\/title>\n<meta name=\"robots\" content=\"index, follow\" \/>\n<meta name=\"googlebot\" content=\"index, follow, max-snippet:-1, max-image-preview:large, max-video-preview:-1\" \/>\n<meta name=\"bingbot\" content=\"index, follow, max-snippet:-1, max-image-preview:large, max-video-preview:-1\" \/>\n<link rel=\"canonical\" href=\"https:\/\/curva1.com.ar\/?p=1693\" \/>\n<meta property=\"og:locale\" content=\"en_US\" \/>\n<meta property=\"og:type\" content=\"article\" \/>\n<meta property=\"og:title\" content=\"Terranova el mejor de la primera etapa del Desaf\u00edo Ruta 40 - Curva 1\" \/>\n<meta property=\"og:description\" content=\"El Desaf\u00edo Ruta 40, la competencia v\u00e1lida por el campeonato Argentino de Rally Cross Country,\" \/>\n<meta property=\"og:url\" content=\"https:\/\/curva1.com.ar\/?p=1693\" \/>\n<meta property=\"og:site_name\" content=\"Curva 1\" \/>\n<meta property=\"article:publisher\" content=\"https:\/\/www.facebook.com\/revistacurva1\/\" \/>\n<meta property=\"article:published_time\" content=\"2012-10-23T14:11:17+00:00\" \/>\n<meta property=\"og:image\" content=\"https:\/\/curva1.com.ar\/wp-content\/uploads\/2012\/10\/gal-490674.jpg\" \/>\n\t<meta property=\"og:image:width\" content=\"500\" \/>\n\t<meta property=\"og:image:height\" content=\"281\" \/>\n<meta property=\"fb:app_id\" content=\"1593067817533208\" \/>\n<meta name=\"twitter:card\" content=\"summary_large_image\" \/>\n<meta name=\"twitter:creator\" content=\"@curva1mendoza\" \/>\n<meta name=\"twitter:site\" content=\"@curva1mendoza\" \/>\n<script type=\"application\/ld+json\" class=\"yoast-schema-graph\">{\"@context\":\"https:\/\/schema.org\",\"@graph\":[{\"@type\":\"WebSite\",\"@id\":\"https:\/\/curva1.com.ar\/#website\",\"url\":\"https:\/\/curva1.com.ar\/\",\"name\":\"Curva 1\",\"description\":\"Automovilismo de Mendoza\",\"potentialAction\":[{\"@type\":\"SearchAction\",\"target\":\"https:\/\/curva1.com.ar\/?s={search_term_string}\",\"query-input\":\"required name=search_term_string\"}],\"inLanguage\":\"en-US\"},{\"@type\":\"ImageObject\",\"@id\":\"https:\/\/curva1.com.ar\/?p=1693#primaryimage\",\"inLanguage\":\"en-US\",\"url\":\"https:\/\/curva1.com.ar\/wp-content\/uploads\/2012\/10\/gal-490674.jpg\",\"width\":\"500\",\"height\":\"281\"},{\"@type\":\"WebPage\",\"@id\":\"https:\/\/curva1.com.ar\/?p=1693#webpage\",\"url\":\"https:\/\/curva1.com.ar\/?p=1693\",\"name\":\"Terranova el mejor de la primera etapa del Desaf\\u00edo Ruta 40 - Curva 1\",\"isPartOf\":{\"@id\":\"https:\/\/curva1.com.ar\/#website\"},\"primaryImageOfPage\":{\"@id\":\"https:\/\/curva1.com.ar\/?p=1693#primaryimage\"},\"datePublished\":\"2012-10-23T14:11:17+00:00\",\"dateModified\":\"2012-10-23T14:11:17+00:00\",\"author\":{\"@id\":\"https:\/\/curva1.com.ar\/#\/schema\/person\/f5fd12984d70df7314fbd9ab42f31033\"},\"inLanguage\":\"en-US\",\"potentialAction\":[{\"@type\":\"ReadAction\",\"target\":[\"https:\/\/curva1.com.ar\/?p=1693\"]}]},{\"@type\":[\"Person\"],\"@id\":\"https:\/\/curva1.com.ar\/#\/schema\/person\/f5fd12984d70df7314fbd9ab42f31033\",\"name\":\"Jos\\u00e9 Bravo\",\"image\":{\"@type\":\"ImageObject\",\"@id\":\"https:\/\/curva1.com.ar\/#personlogo\",\"inLanguage\":\"en-US\",\"url\":\"https:\/\/secure.gravatar.com\/avatar\/3ae0b1fdc6ddeb723a6e6c23609ed39de1d40a94b8112fd2c0c2032e2dabf28b?s=96&d=identicon&r=g\",\"caption\":\"Jos\\u00e9 Bravo\"}}]}<\/script>\n<!-- \/ Yoast SEO Premium plugin. -->","_links":{"self":[{"href":"https:\/\/curva1.com.ar\/index.php?rest_route=\/wp\/v2\/posts\/1693","targetHints":{"allow":["GET"]}}],"collection":[{"href":"https:\/\/curva1.com.ar\/index.php?rest_route=\/wp\/v2\/posts"}],"about":[{"href":"https:\/\/curva1.com.ar\/index.php?rest_route=\/wp\/v2\/types\/post"}],"author":[{"embeddable":true,"href":"https:\/\/curva1.com.ar\/index.php?rest_route=\/wp\/v2\/users\/1"}],"replies":[{"embeddable":true,"href":"https:\/\/curva1.com.ar\/index.php?rest_route=%2Fwp%2Fv2%2Fcomments&post=1693"}],"version-history":[{"count":2,"href":"https:\/\/curva1.com.ar\/index.php?rest_route=\/wp\/v2\/posts\/1693\/revisions"}],"predecessor-version":[{"id":1697,"href":"https:\/\/curva1.com.ar\/index.php?rest_route=\/wp\/v2\/posts\/1693\/revisions\/1697"}],"wp:featuredmedia":[{"embeddable":true,"href":"https:\/\/curva1.com.ar\/index.php?rest_route=\/wp\/v2\/media\/1695"}],"wp:attachment":[{"href":"https:\/\/curva1.com.ar\/index.php?rest_route=%2Fwp%2Fv2%2Fmedia&parent=1693"}],"wp:term":[{"taxonomy":"category","embeddable":true,"href":"https:\/\/curva1.com.ar\/index.php?rest_route=%2Fwp%2Fv2%2Fcategories&post=1693"},{"taxonomy":"post_tag","embeddable":true,"href":"https:\/\/curva1.com.ar\/index.php?rest_route=%2Fwp%2Fv2%2Ftags&post=1693"}],"curies":[{"name":"wp","href":"https:\/\/api.w.org\/{rel}","templated":true}]}}