{"id":1703,"date":"2012-10-23T11:36:34","date_gmt":"2012-10-23T14:36:34","guid":{"rendered":"http:\/\/www.curva1.com.ar\/?p=1703"},"modified":"2012-10-23T11:38:00","modified_gmt":"2012-10-23T14:38:00","slug":"se-inauguro-en-san-martin-la-pista-de-rc-el-pinguinitro","status":"publish","type":"post","link":"https:\/\/curva1.com.ar\/?p=1703","title":{"rendered":"Se inaugur\u00f3 en San Mart\u00edn la pista de RC &#8220;El Ping\u00fcinitro&#8221;"},"content":{"rendered":"<p><img loading=\"lazy\" decoding=\"async\" class=\"aligncenter size-full wp-image-1704\" title=\"automodelismo 06\" src=\"http:\/\/www.curva1.com.ar\/wp-content\/uploads\/2012\/10\/automodelismo-06.jpg\" alt=\"\" width=\"500\" height=\"281\" srcset=\"https:\/\/curva1.com.ar\/wp-content\/uploads\/2012\/10\/automodelismo-06.jpg 500w, https:\/\/curva1.com.ar\/wp-content\/uploads\/2012\/10\/automodelismo-06-300x168.jpg 300w\" sizes=\"auto, (max-width: 500px) 100vw, 500px\" \/><\/p>\n<p>Un emprendimiento privado construy\u00f3 una pista para la competencia de autos de radiocontrol 1\/8. La fecha inaugural cont\u00f3 con pilotos de San Juan, C\u00f3rdoba y Mendoza. Aspiran a contar con una fecha del Campeonato Argentino.<\/p>\n<p><em>Por Javier Disparti &#8211; Este On Line<\/em><\/p>\n<p align=\"left\">Sin dudas, San Mart\u00edn se ha convirtiendo en una importante plaza para el automovilismo nacional e internacional. Al remodelado circuito Jorge \u00c1ngel Pena y el flamante kart\u00f3dromo, hay que sumarle la primera pista de automodelismo RC reglamentaria de Mendoza.<\/p>\n<p align=\"left\">En las \u00faltimas semanas, un grupo de j\u00f3venes entusiastas de San Mart\u00edn, inaugur\u00f3 el circuito \u201cEl Ping\u00fcinitro\u201d, ubicado sobre la calle Villegas, a 800 metros del carril Chimbas, al Norte del departamento del Este.<\/p>\n<p align=\"left\">Se trata de un circuito para autos de radiocontrol 1\/8 TT de una extensi\u00f3n de 300 metros, por cuatro metros de ancho, con riego por aspersi\u00f3n y una torre de manejo de cuatro metros de altura para 12 pilotos.<\/p>\n<p align=\"left\">El emprendimiento surgi\u00f3 del Club de Automodelismo RC Mendoza, una entidad con personer\u00eda jur\u00eddica y sin fines de lucro, que preside Marcio Pisi y que tiene como secretario a Sebasti\u00e1n Prisco. Ambos pusieron en marcha este proyecto privado.<\/p>\n<p align=\"left\"><strong>\u201cLa idea de contar con un circuito de automodelismo comenz\u00f3 hace tres a\u00f1os. Anteriormente, viaj\u00e1bamos\u00a0 a San Juan para conocer m\u00e1s de cerca sobre esta disciplina. Por suerte, despu\u00e9s de mucho esfuerzo, logramos inaugurar nuestra propia pista\u201d<\/strong>, dijo Marcio Pisi.<\/p>\n<p align=\"left\">La inauguraci\u00f3n se realiz\u00f3 el 29 de setiembre con la presencia de pilotos de excelente nivel, reconocidos en el entorno del RC, quienes se hicieron presentes aportando al grupo local y al espect\u00e1culo toda su experiencia<\/p>\n<p align=\"left\">Desde temprano, los 28 inscriptos pusieron sus buggy y truggy a rodar en la pista con el objetivo de inaugurar el circuito y completar con el programa de entrenamientos libres, pruebas de clasificaci\u00f3n y las series correspondientes.<\/p>\n<p align=\"left\">Fue una jornada especial, con muchas carreras y un espect\u00e1culo singular para los curiosos y fan\u00e1ticos de esta actividad. La competencia cont\u00f3 con la presencia de 9 pilotos de San Juan, 2 de C\u00f3rdoba y de 17 de Mendoza.<\/p>\n<p align=\"left\">La fecha inaugural tuvo como ganadores a Marcio Pisi (Buggy Seniors), Nicol\u00e1s Gil (Buggy Juniors) y Mat\u00edas Vargas (Truggy). Al final de la jornada, los organizadores se mostraron conformes con las expectativas que se hab\u00eda generado.<\/p>\n<p align=\"left\">Pisi asegur\u00f3 que la pista est\u00e1 hecha seg\u00fan el reglamento de la Asociaci\u00f3n Argentina de Pilotos de Autos a Radiocontrol de Todo Tipo (AAPARTT), y que por esa raz\u00f3n, en un futuro, se pretende aspirar a contar con una de las fechas del campeonato Argentino.<\/p>\n<p align=\"left\">De este modo, no ser\u00eda de extra\u00f1arse que los sanmartinianos puedan contar con fechas de car\u00e1cter provincial y nacional, y por qu\u00e9 no aportar otra buena raz\u00f3n para que la ciudad cuente con otro motivo para visitarla con mayor frecuencia.<\/p>\n<p align=\"left\"><strong>\u201cEl circuito est\u00e1 terminado, solo restan algunos detalles como la colocaci\u00f3n de luminarias, ba\u00f1os y churrasqueras, pero ya tenemos lo m\u00e1s importante que es el trazado y la estructura para que pilotos y mec\u00e1nicos puedan competir con total comodidad\u201d,<\/strong> agreg\u00f3 Pisi.<\/p>\n<p align=\"left\">Por lo pronto, la pr\u00f3xima fecha esta prevista para el 10 de noviembre. No obstante, el circuito est\u00e1 habilitado los s\u00e1bados desde las 13:30. Para mayor informaci\u00f3n, los interesados pueden contactarse por facebook:<strong> Automodelismo Todo Terreno<\/strong>.<\/p>\n<p style=\"text-align: center;\" align=\"left\"><span style=\"color: #0000ff;\">Fotos Automodelismo Todo Terreno<\/span><\/p>\n<p align=\"left\"><a href=\"http:\/\/www.curva1.com.ar\/wp-content\/uploads\/2012\/10\/271779_4838801695028_1073457933_o.jpg\"><img loading=\"lazy\" decoding=\"async\" class=\"aligncenter size-full wp-image-1705\" title=\"271779_4838801695028_1073457933_o\" src=\"http:\/\/www.curva1.com.ar\/wp-content\/uploads\/2012\/10\/271779_4838801695028_1073457933_o.jpg\" alt=\"\" width=\"500\" height=\"281\" srcset=\"https:\/\/curva1.com.ar\/wp-content\/uploads\/2012\/10\/271779_4838801695028_1073457933_o.jpg 500w, https:\/\/curva1.com.ar\/wp-content\/uploads\/2012\/10\/271779_4838801695028_1073457933_o-300x168.jpg 300w\" sizes=\"auto, (max-width: 500px) 100vw, 500px\" \/><\/a><img loading=\"lazy\" decoding=\"async\" class=\"aligncenter size-full wp-image-1706\" title=\"398515_4674549384429_1616460080_n\" src=\"http:\/\/www.curva1.com.ar\/wp-content\/uploads\/2012\/10\/398515_4674549384429_1616460080_n.jpg\" alt=\"\" width=\"500\" height=\"281\" srcset=\"https:\/\/curva1.com.ar\/wp-content\/uploads\/2012\/10\/398515_4674549384429_1616460080_n.jpg 500w, https:\/\/curva1.com.ar\/wp-content\/uploads\/2012\/10\/398515_4674549384429_1616460080_n-300x168.jpg 300w\" sizes=\"auto, (max-width: 500px) 100vw, 500px\" \/><img loading=\"lazy\" decoding=\"async\" class=\"aligncenter size-full wp-image-1707\" title=\"577060_419793798073650_382145405_n\" src=\"http:\/\/www.curva1.com.ar\/wp-content\/uploads\/2012\/10\/577060_419793798073650_382145405_n.jpg\" alt=\"\" width=\"500\" height=\"281\" srcset=\"https:\/\/curva1.com.ar\/wp-content\/uploads\/2012\/10\/577060_419793798073650_382145405_n.jpg 500w, https:\/\/curva1.com.ar\/wp-content\/uploads\/2012\/10\/577060_419793798073650_382145405_n-300x168.jpg 300w\" sizes=\"auto, (max-width: 500px) 100vw, 500px\" \/><img loading=\"lazy\" decoding=\"async\" class=\"aligncenter size-full wp-image-1708\" title=\"23886_4563587698521_1991625296_n\" src=\"http:\/\/www.curva1.com.ar\/wp-content\/uploads\/2012\/10\/23886_4563587698521_1991625296_n.jpg\" alt=\"\" width=\"500\" height=\"281\" srcset=\"https:\/\/curva1.com.ar\/wp-content\/uploads\/2012\/10\/23886_4563587698521_1991625296_n.jpg 500w, https:\/\/curva1.com.ar\/wp-content\/uploads\/2012\/10\/23886_4563587698521_1991625296_n-300x168.jpg 300w\" sizes=\"auto, (max-width: 500px) 100vw, 500px\" \/><\/p>\n","protected":false},"excerpt":{"rendered":"<p>Un emprendimiento privado construy\u00f3 una pista para la competencia de autos de radiocontrol 1\/8. La<\/p>\n","protected":false},"author":1,"featured_media":1704,"comment_status":"open","ping_status":"closed","sticky":false,"template":"","format":"standard","meta":{"footnotes":""},"categories":[11],"tags":[],"class_list":["post-1703","post","type-post","status-publish","format-standard","has-post-thumbnail","hentry","category-mas-noticias"],"featured_image_urls":{"full":["https:\/\/curva1.com.ar\/wp-content\/uploads\/2012\/10\/automodelismo-06.jpg",500,281,false],"thumbnail":["https:\/\/curva1.com.ar\/wp-content\/uploads\/2012\/10\/automodelismo-06-150x150.jpg",150,150,true],"medium":["https:\/\/curva1.com.ar\/wp-content\/uploads\/2012\/10\/automodelismo-06-300x168.jpg",300,168,true],"medium_large":["https:\/\/curva1.com.ar\/wp-content\/uploads\/2012\/10\/automodelismo-06.jpg",500,281,false],"large":["https:\/\/curva1.com.ar\/wp-content\/uploads\/2012\/10\/automodelismo-06.jpg",500,281,false],"1536x1536":["https:\/\/curva1.com.ar\/wp-content\/uploads\/2012\/10\/automodelismo-06.jpg",500,281,false],"2048x2048":["https:\/\/curva1.com.ar\/wp-content\/uploads\/2012\/10\/automodelismo-06.jpg",500,281,false],"chromenews-featured":["https:\/\/curva1.com.ar\/wp-content\/uploads\/2012\/10\/automodelismo-06.jpg",500,281,false],"chromenews-large":["https:\/\/curva1.com.ar\/wp-content\/uploads\/2012\/10\/automodelismo-06.jpg",500,281,false],"chromenews-medium":["https:\/\/curva1.com.ar\/wp-content\/uploads\/2012\/10\/automodelismo-06.jpg",500,281,false]},"author_info":{"display_name":"Jos\u00e9 Bravo","author_link":"https:\/\/curva1.com.ar\/?author=1"},"category_info":"<a href=\"https:\/\/curva1.com.ar\/?cat=11\" rel=\"category\">M\u00e1s Noticias<\/a>","tag_info":"M\u00e1s Noticias","comment_count":"0","_links":{"self":[{"href":"https:\/\/curva1.com.ar\/index.php?rest_route=\/wp\/v2\/posts\/1703","targetHints":{"allow":["GET"]}}],"collection":[{"href":"https:\/\/curva1.com.ar\/index.php?rest_route=\/wp\/v2\/posts"}],"about":[{"href":"https:\/\/curva1.com.ar\/index.php?rest_route=\/wp\/v2\/types\/post"}],"author":[{"embeddable":true,"href":"https:\/\/curva1.com.ar\/index.php?rest_route=\/wp\/v2\/users\/1"}],"replies":[{"embeddable":true,"href":"https:\/\/curva1.com.ar\/index.php?rest_route=%2Fwp%2Fv2%2Fcomments&post=1703"}],"version-history":[{"count":3,"href":"https:\/\/curva1.com.ar\/index.php?rest_route=\/wp\/v2\/posts\/1703\/revisions"}],"predecessor-version":[{"id":1712,"href":"https:\/\/curva1.com.ar\/index.php?rest_route=\/wp\/v2\/posts\/1703\/revisions\/1712"}],"wp:featuredmedia":[{"embeddable":true,"href":"https:\/\/curva1.com.ar\/index.php?rest_route=\/wp\/v2\/media\/1704"}],"wp:attachment":[{"href":"https:\/\/curva1.com.ar\/index.php?rest_route=%2Fwp%2Fv2%2Fmedia&parent=1703"}],"wp:term":[{"taxonomy":"category","embeddable":true,"href":"https:\/\/curva1.com.ar\/index.php?rest_route=%2Fwp%2Fv2%2Fcategories&post=1703"},{"taxonomy":"post_tag","embeddable":true,"href":"https:\/\/curva1.com.ar\/index.php?rest_route=%2Fwp%2Fv2%2Ftags&post=1703"}],"curies":[{"name":"wp","href":"https:\/\/api.w.org\/{rel}","templated":true}]}}