{"id":1723,"date":"2012-10-23T17:33:37","date_gmt":"2012-10-23T20:33:37","guid":{"rendered":"http:\/\/www.curva1.com.ar\/?p=1723"},"modified":"2012-10-23T18:10:39","modified_gmt":"2012-10-23T21:10:39","slug":"a-bordo-de-peluche-caceres-en-el-callejero-de-santa-fe","status":"publish","type":"post","link":"https:\/\/curva1.com.ar\/?p=1723","title":{"rendered":"A bordo de Peluche C\u00e1ceres en el Callejero de Santa Fe 2012"},"content":{"rendered":"<p style=\"text-align: left;\"><img loading=\"lazy\" decoding=\"async\" class=\"aligncenter size-full wp-image-1724\" title=\"caceresssats\" src=\"http:\/\/www.curva1.com.ar\/wp-content\/uploads\/2012\/10\/caceresssats.jpg\" alt=\"\" width=\"500\" height=\"281\" srcset=\"https:\/\/curva1.com.ar\/wp-content\/uploads\/2012\/10\/caceresssats.jpg 500w, https:\/\/curva1.com.ar\/wp-content\/uploads\/2012\/10\/caceresssats-300x168.jpg 300w\" sizes=\"auto, (max-width: 500px) 100vw, 500px\" \/><\/p>\n<p style=\"text-align: left;\">El piloto de San Mart\u00edn estuvo presentes en una nueva fecha de la F\u00f3rmula Renault 2.0 y gentilmente nos cedi\u00f3 la c\u00e1mara a bordo de la clasificaci\u00f3n nocturna y la final diurna, que se corri\u00f3 en el Callejero de Santa Fe.<\/p>\n<p style=\"text-align: left;\"><strong>&#8220;Es uno de los circuitos que m\u00e1s me gusta. Pasar a tanta velocidad cerca de los muros es una sensaci\u00f3n \u00fanica. Al final de la recta lleg\u00e1bamos a los 220 kil\u00f3metros por hora&#8221;<\/strong> nos comentaba Peluche, mientras observ\u00e1bamos en su notebook la clasificaci\u00f3n de noche.<\/p>\n<p style=\"text-align: left;\"><strong>&#8220;La fina fue muy cortada, con muchos autos de seguridad y sobre el final me encontr\u00e9 con un accidente, levant\u00e9 y me pegaron de atr\u00e1s, dej\u00e1ndome en trompo y fuera de carrera&#8221;<\/strong> explic\u00f3 C\u00e1cerez a Curva 1.<\/p>\n<p style=\"text-align: center;\"><iframe loading=\"lazy\" src=\"http:\/\/www.youtube.com\/embed\/m70tRt8ItR0?rel=0\" frameborder=\"0\" width=\"500\" height=\"281\"><\/iframe><\/p>\n","protected":false},"excerpt":{"rendered":"<p>El piloto de San Mart\u00edn estuvo presentes en una nueva fecha de la F\u00f3rmula Renault<\/p>\n","protected":false},"author":1,"featured_media":1724,"comment_status":"open","ping_status":"closed","sticky":false,"template":"","format":"standard","meta":{"footnotes":""},"categories":[6],"tags":[],"class_list":["post-1723","post","type-post","status-publish","format-standard","has-post-thumbnail","hentry","category-nacionales"],"featured_image_urls":{"full":["https:\/\/curva1.com.ar\/wp-content\/uploads\/2012\/10\/caceresssats.jpg",500,281,false],"thumbnail":["https:\/\/curva1.com.ar\/wp-content\/uploads\/2012\/10\/caceresssats-150x150.jpg",150,150,true],"medium":["https:\/\/curva1.com.ar\/wp-content\/uploads\/2012\/10\/caceresssats-300x168.jpg",300,168,true],"medium_large":["https:\/\/curva1.com.ar\/wp-content\/uploads\/2012\/10\/caceresssats.jpg",500,281,false],"large":["https:\/\/curva1.com.ar\/wp-content\/uploads\/2012\/10\/caceresssats.jpg",500,281,false],"1536x1536":["https:\/\/curva1.com.ar\/wp-content\/uploads\/2012\/10\/caceresssats.jpg",500,281,false],"2048x2048":["https:\/\/curva1.com.ar\/wp-content\/uploads\/2012\/10\/caceresssats.jpg",500,281,false],"chromenews-featured":["https:\/\/curva1.com.ar\/wp-content\/uploads\/2012\/10\/caceresssats.jpg",500,281,false],"chromenews-large":["https:\/\/curva1.com.ar\/wp-content\/uploads\/2012\/10\/caceresssats.jpg",500,281,false],"chromenews-medium":["https:\/\/curva1.com.ar\/wp-content\/uploads\/2012\/10\/caceresssats.jpg",500,281,false]},"author_info":{"display_name":"Jos\u00e9 Bravo","author_link":"https:\/\/curva1.com.ar\/?author=1"},"category_info":"<a href=\"https:\/\/curva1.com.ar\/?cat=6\" rel=\"category\">Nacionales<\/a>","tag_info":"Nacionales","comment_count":"0","_links":{"self":[{"href":"https:\/\/curva1.com.ar\/index.php?rest_route=\/wp\/v2\/posts\/1723","targetHints":{"allow":["GET"]}}],"collection":[{"href":"https:\/\/curva1.com.ar\/index.php?rest_route=\/wp\/v2\/posts"}],"about":[{"href":"https:\/\/curva1.com.ar\/index.php?rest_route=\/wp\/v2\/types\/post"}],"author":[{"embeddable":true,"href":"https:\/\/curva1.com.ar\/index.php?rest_route=\/wp\/v2\/users\/1"}],"replies":[{"embeddable":true,"href":"https:\/\/curva1.com.ar\/index.php?rest_route=%2Fwp%2Fv2%2Fcomments&post=1723"}],"version-history":[{"count":4,"href":"https:\/\/curva1.com.ar\/index.php?rest_route=\/wp\/v2\/posts\/1723\/revisions"}],"predecessor-version":[{"id":1726,"href":"https:\/\/curva1.com.ar\/index.php?rest_route=\/wp\/v2\/posts\/1723\/revisions\/1726"}],"wp:featuredmedia":[{"embeddable":true,"href":"https:\/\/curva1.com.ar\/index.php?rest_route=\/wp\/v2\/media\/1724"}],"wp:attachment":[{"href":"https:\/\/curva1.com.ar\/index.php?rest_route=%2Fwp%2Fv2%2Fmedia&parent=1723"}],"wp:term":[{"taxonomy":"category","embeddable":true,"href":"https:\/\/curva1.com.ar\/index.php?rest_route=%2Fwp%2Fv2%2Fcategories&post=1723"},{"taxonomy":"post_tag","embeddable":true,"href":"https:\/\/curva1.com.ar\/index.php?rest_route=%2Fwp%2Fv2%2Ftags&post=1723"}],"curies":[{"name":"wp","href":"https:\/\/api.w.org\/{rel}","templated":true}]}}