{"id":1735,"date":"2012-10-24T10:52:09","date_gmt":"2012-10-24T13:52:09","guid":{"rendered":"http:\/\/www.curva1.com.ar\/?p=1735"},"modified":"2012-10-24T10:52:09","modified_gmt":"2012-10-24T13:52:09","slug":"ricardo-moreno-cambia-de-auto-para-la-2o-de-los-play-off","status":"publish","type":"post","link":"https:\/\/curva1.com.ar\/?p=1735","title":{"rendered":"Ricardo Moreno cambia de auto para la 2\u00ba de los play off"},"content":{"rendered":"<p><img loading=\"lazy\" decoding=\"async\" class=\"aligncenter size-full wp-image-1736\" title=\"GEDSC DIGITAL CAMERA\" src=\"http:\/\/www.curva1.com.ar\/wp-content\/uploads\/2012\/10\/GEDCaf0123.jpg\" alt=\"\" width=\"500\" height=\"273\" srcset=\"https:\/\/curva1.com.ar\/wp-content\/uploads\/2012\/10\/GEDCaf0123.jpg 500w, https:\/\/curva1.com.ar\/wp-content\/uploads\/2012\/10\/GEDCaf0123-300x163.jpg 300w\" sizes=\"auto, (max-width: 500px) 100vw, 500px\" \/><\/p>\n<p>El piloto de Luj\u00e1n que compiti\u00f3 en las dos ultimas fechas del Turismo Pista 1100 con el Fiat 147 de Mariano Baraldo (foto), seguri\u00e1 en la categor\u00eda pero con el Fiat 128 de Ricardo Cimino.<\/p>\n<p><strong>&#8220;Vamos a cambiar de auto a partir de la pr\u00f3xima fecha de San Juan&#8221;<\/strong> explic\u00f3 Moreno.<\/p>\n<p>El 147 azul nuevamente est\u00e1 en ALQUILER para el piloto que desee sumarse al TP 1100 del zonal cuyano de automovilismo. <a href=\"http:\/\/www.curva1.com.ar\/?p=412\"><strong>Ver detalles aqu\u00ed<\/strong><\/a><\/p>\n","protected":false},"excerpt":{"rendered":"<p>El piloto de Luj\u00e1n que compiti\u00f3 en las dos ultimas fechas del Turismo Pista 1100<\/p>\n","protected":false},"author":1,"featured_media":1736,"comment_status":"open","ping_status":"closed","sticky":false,"template":"","format":"standard","meta":{"footnotes":""},"categories":[1],"tags":[],"class_list":["post-1735","post","type-post","status-publish","format-standard","has-post-thumbnail","hentry","category-zonal-cuyano"],"featured_image_urls":{"full":["https:\/\/curva1.com.ar\/wp-content\/uploads\/2012\/10\/GEDCaf0123.jpg",500,273,false],"thumbnail":["https:\/\/curva1.com.ar\/wp-content\/uploads\/2012\/10\/GEDCaf0123-150x150.jpg",150,150,true],"medium":["https:\/\/curva1.com.ar\/wp-content\/uploads\/2012\/10\/GEDCaf0123-300x163.jpg",300,163,true],"medium_large":["https:\/\/curva1.com.ar\/wp-content\/uploads\/2012\/10\/GEDCaf0123.jpg",500,273,false],"large":["https:\/\/curva1.com.ar\/wp-content\/uploads\/2012\/10\/GEDCaf0123.jpg",500,273,false],"1536x1536":["https:\/\/curva1.com.ar\/wp-content\/uploads\/2012\/10\/GEDCaf0123.jpg",500,273,false],"2048x2048":["https:\/\/curva1.com.ar\/wp-content\/uploads\/2012\/10\/GEDCaf0123.jpg",500,273,false],"chromenews-featured":["https:\/\/curva1.com.ar\/wp-content\/uploads\/2012\/10\/GEDCaf0123.jpg",500,273,false],"chromenews-large":["https:\/\/curva1.com.ar\/wp-content\/uploads\/2012\/10\/GEDCaf0123.jpg",500,273,false],"chromenews-medium":["https:\/\/curva1.com.ar\/wp-content\/uploads\/2012\/10\/GEDCaf0123.jpg",500,273,false]},"author_info":{"display_name":"Jos\u00e9 Bravo","author_link":"https:\/\/curva1.com.ar\/?author=1"},"category_info":"<a href=\"https:\/\/curva1.com.ar\/?cat=1\" rel=\"category\">Zonal Cuyano<\/a>","tag_info":"Zonal Cuyano","comment_count":"0","_links":{"self":[{"href":"https:\/\/curva1.com.ar\/index.php?rest_route=\/wp\/v2\/posts\/1735","targetHints":{"allow":["GET"]}}],"collection":[{"href":"https:\/\/curva1.com.ar\/index.php?rest_route=\/wp\/v2\/posts"}],"about":[{"href":"https:\/\/curva1.com.ar\/index.php?rest_route=\/wp\/v2\/types\/post"}],"author":[{"embeddable":true,"href":"https:\/\/curva1.com.ar\/index.php?rest_route=\/wp\/v2\/users\/1"}],"replies":[{"embeddable":true,"href":"https:\/\/curva1.com.ar\/index.php?rest_route=%2Fwp%2Fv2%2Fcomments&post=1735"}],"version-history":[{"count":1,"href":"https:\/\/curva1.com.ar\/index.php?rest_route=\/wp\/v2\/posts\/1735\/revisions"}],"predecessor-version":[{"id":1737,"href":"https:\/\/curva1.com.ar\/index.php?rest_route=\/wp\/v2\/posts\/1735\/revisions\/1737"}],"wp:featuredmedia":[{"embeddable":true,"href":"https:\/\/curva1.com.ar\/index.php?rest_route=\/wp\/v2\/media\/1736"}],"wp:attachment":[{"href":"https:\/\/curva1.com.ar\/index.php?rest_route=%2Fwp%2Fv2%2Fmedia&parent=1735"}],"wp:term":[{"taxonomy":"category","embeddable":true,"href":"https:\/\/curva1.com.ar\/index.php?rest_route=%2Fwp%2Fv2%2Fcategories&post=1735"},{"taxonomy":"post_tag","embeddable":true,"href":"https:\/\/curva1.com.ar\/index.php?rest_route=%2Fwp%2Fv2%2Ftags&post=1735"}],"curies":[{"name":"wp","href":"https:\/\/api.w.org\/{rel}","templated":true}]}}