{"id":1738,"date":"2012-10-24T11:51:51","date_gmt":"2012-10-24T14:51:51","guid":{"rendered":"http:\/\/www.curva1.com.ar\/?p=1738"},"modified":"2012-10-24T11:56:54","modified_gmt":"2012-10-24T14:56:54","slug":"se-viene-una-nueva-fecha-de-tradicionales-en-alvear","status":"publish","type":"post","link":"https:\/\/curva1.com.ar\/?p=1738","title":{"rendered":"Se viene una nueva fecha de Tradicionales en Alvear"},"content":{"rendered":"<p><img loading=\"lazy\" decoding=\"async\" class=\"aligncenter size-full wp-image-1739\" title=\"DSCNa8861\" src=\"http:\/\/www.curva1.com.ar\/wp-content\/uploads\/2012\/10\/DSCNa8861.jpg\" alt=\"\" width=\"500\" height=\"281\" srcset=\"https:\/\/curva1.com.ar\/wp-content\/uploads\/2012\/10\/DSCNa8861.jpg 500w, https:\/\/curva1.com.ar\/wp-content\/uploads\/2012\/10\/DSCNa8861-300x168.jpg 300w\" sizes=\"auto, (max-width: 500px) 100vw, 500px\" \/><\/p>\n<p>El campeonato de automovilismo de tierra de Mendoza completar\u00e1 su d\u00e9cimo cap\u00edtulo este fin de semana. Ser\u00e1 en el aut\u00f3dromo V\u00edctor Garc\u00eda de la ciudad de Gral Alvear.<\/p>\n<p><span style=\"color: #ff0000;\"><strong>CRONOGRAMA<\/strong><\/span><\/p>\n<p>11:30 hs &#8211; SORTEO DE GRILLAS<br \/>\n12:30 hs &#8211; INICIO DE COMPETENCIAS<\/p>\n<blockquote><p><a href=\"http:\/\/femadmza.com.ar\/2012\/Tradicionales\/RPPTradicionales2012-10.doc\" target=\"x\">RPP 10\u00b0 FECHA DE TRADICIONALES<br \/>\n28 DE OCTUBRE &#8211; AUTODROMO VICTOR GARCIA <\/a><\/p><\/blockquote>\n<p><span style=\"color: #ff0000;\"><strong>CLIMA<\/strong><\/span><\/p>\n<p>Si bien todav\u00eda faltan varios d\u00edas, puedes consultar el pron\u00f3stico del tiempo para el fin de semana, que hoy miercoles indica lluvias para el s\u00e1bado por la tarde en Gral Alvear.<\/p>\n<blockquote><p><a href=\"http:\/\/www.smn.gov.ar\/?mod=pron&amp;id=4&amp;provincia=Mendoza&amp;ciudad=General%20Alvear\" target=\"_blank\"><strong>Ver clima aqu\u00ed<\/strong><\/a><\/p><\/blockquote>\n<p><span style=\"color: #ff0000;\"><strong>SIN EXITO<\/strong><\/span><\/p>\n<p>Las pruebas libres programadas para el pasado s\u00e1bado en el aut\u00f3dromo de San Carlos no tuvieron ninguna repercusi\u00f3n y solo un auto se hizo presente.<\/p>\n<p>Fue el piloto de San Mart\u00edn, Juan Mar\u00eda Gonz\u00e1lez, quien gir\u00f3 con Fiat 600 de la 850 Grupo 1.<\/p>\n<p><span style=\"color: #ff0000;\"><strong>TIERRA O ASFALTO<\/strong><\/span><\/p>\n<p>Como pas\u00f3 el a\u00f1o pasado, ya comenz\u00f3 el &#8220;tire y afloje&#8221; para ver donde se realizar\u00e1 el Premio Coronaci\u00f3n 2012, estando en discuci\u00f3n correr en tierra o en el asfalto del aut\u00f3dromo de San Mart\u00edn.<\/p>\n","protected":false},"excerpt":{"rendered":"<p>El campeonato de automovilismo de tierra de Mendoza completar\u00e1 su d\u00e9cimo cap\u00edtulo este fin de<\/p>\n","protected":false},"author":1,"featured_media":1739,"comment_status":"open","ping_status":"closed","sticky":false,"template":"","format":"standard","meta":{"footnotes":""},"categories":[3],"tags":[],"class_list":["post-1738","post","type-post","status-publish","format-standard","has-post-thumbnail","hentry","category-tradicionales"],"featured_image_urls":{"full":["https:\/\/curva1.com.ar\/wp-content\/uploads\/2012\/10\/DSCNa8861.jpg",500,281,false],"thumbnail":["https:\/\/curva1.com.ar\/wp-content\/uploads\/2012\/10\/DSCNa8861-150x150.jpg",150,150,true],"medium":["https:\/\/curva1.com.ar\/wp-content\/uploads\/2012\/10\/DSCNa8861-300x168.jpg",300,168,true],"medium_large":["https:\/\/curva1.com.ar\/wp-content\/uploads\/2012\/10\/DSCNa8861.jpg",500,281,false],"large":["https:\/\/curva1.com.ar\/wp-content\/uploads\/2012\/10\/DSCNa8861.jpg",500,281,false],"1536x1536":["https:\/\/curva1.com.ar\/wp-content\/uploads\/2012\/10\/DSCNa8861.jpg",500,281,false],"2048x2048":["https:\/\/curva1.com.ar\/wp-content\/uploads\/2012\/10\/DSCNa8861.jpg",500,281,false],"chromenews-featured":["https:\/\/curva1.com.ar\/wp-content\/uploads\/2012\/10\/DSCNa8861.jpg",500,281,false],"chromenews-large":["https:\/\/curva1.com.ar\/wp-content\/uploads\/2012\/10\/DSCNa8861.jpg",500,281,false],"chromenews-medium":["https:\/\/curva1.com.ar\/wp-content\/uploads\/2012\/10\/DSCNa8861.jpg",500,281,false]},"author_info":{"display_name":"Jos\u00e9 Bravo","author_link":"https:\/\/curva1.com.ar\/?author=1"},"category_info":"<a href=\"https:\/\/curva1.com.ar\/?cat=3\" rel=\"category\">Tradicionales<\/a>","tag_info":"Tradicionales","comment_count":"0","_links":{"self":[{"href":"https:\/\/curva1.com.ar\/index.php?rest_route=\/wp\/v2\/posts\/1738","targetHints":{"allow":["GET"]}}],"collection":[{"href":"https:\/\/curva1.com.ar\/index.php?rest_route=\/wp\/v2\/posts"}],"about":[{"href":"https:\/\/curva1.com.ar\/index.php?rest_route=\/wp\/v2\/types\/post"}],"author":[{"embeddable":true,"href":"https:\/\/curva1.com.ar\/index.php?rest_route=\/wp\/v2\/users\/1"}],"replies":[{"embeddable":true,"href":"https:\/\/curva1.com.ar\/index.php?rest_route=%2Fwp%2Fv2%2Fcomments&post=1738"}],"version-history":[{"count":3,"href":"https:\/\/curva1.com.ar\/index.php?rest_route=\/wp\/v2\/posts\/1738\/revisions"}],"predecessor-version":[{"id":1741,"href":"https:\/\/curva1.com.ar\/index.php?rest_route=\/wp\/v2\/posts\/1738\/revisions\/1741"}],"wp:featuredmedia":[{"embeddable":true,"href":"https:\/\/curva1.com.ar\/index.php?rest_route=\/wp\/v2\/media\/1739"}],"wp:attachment":[{"href":"https:\/\/curva1.com.ar\/index.php?rest_route=%2Fwp%2Fv2%2Fmedia&parent=1738"}],"wp:term":[{"taxonomy":"category","embeddable":true,"href":"https:\/\/curva1.com.ar\/index.php?rest_route=%2Fwp%2Fv2%2Fcategories&post=1738"},{"taxonomy":"post_tag","embeddable":true,"href":"https:\/\/curva1.com.ar\/index.php?rest_route=%2Fwp%2Fv2%2Ftags&post=1738"}],"curies":[{"name":"wp","href":"https:\/\/api.w.org\/{rel}","templated":true}]}}