{"id":1743,"date":"2012-10-24T13:55:57","date_gmt":"2012-10-24T16:55:57","guid":{"rendered":"http:\/\/www.curva1.com.ar\/?p=1743"},"modified":"2013-01-30T02:05:59","modified_gmt":"2013-01-30T05:05:59","slug":"comienzan-las-picadas-en-el-autodromo-de-san-martin","status":"publish","type":"post","link":"https:\/\/curva1.com.ar\/?p=1743","title":{"rendered":"Comienzan las picadas en el aut\u00f3dromo de San Mart\u00edn"},"content":{"rendered":"<p><img loading=\"lazy\" decoding=\"async\" class=\"alignleft size-full wp-image-1744\" title=\"GEDSC DIGITAL CAMERA\" src=\"http:\/\/www.curva1.com.ar\/wp-content\/uploads\/2012\/10\/GEDCafa0263.jpg\" alt=\"\" width=\"300\" height=\"169\" \/>En el mes de noviembre comenzar\u00e1n las Picadas en el Aut\u00f3dromo de San Mart\u00edn y ser\u00e1n organizadas por AVE.<\/p>\n<p>Se realizar\u00e1n los d\u00edas viernes por la noche y tendr\u00e1n las cl\u00e1sicas categor\u00edas en los 250 metros de recta del Jorge Angel Pena.<\/p>\n<p>&nbsp;<\/p>\n","protected":false},"excerpt":{"rendered":"<p>En el mes de noviembre comenzar\u00e1n las Picadas en el Aut\u00f3dromo de San Mart\u00edn y<\/p>\n","protected":false},"author":1,"featured_media":1744,"comment_status":"open","ping_status":"closed","sticky":false,"template":"","format":"standard","meta":{"footnotes":""},"categories":[32],"tags":[],"class_list":["post-1743","post","type-post","status-publish","format-standard","has-post-thumbnail","hentry","category-picadas"],"featured_image_urls":{"full":["https:\/\/curva1.com.ar\/wp-content\/uploads\/2012\/10\/GEDCafa0263.jpg",300,169,false],"thumbnail":["https:\/\/curva1.com.ar\/wp-content\/uploads\/2012\/10\/GEDCafa0263-150x150.jpg",150,150,true],"medium":["https:\/\/curva1.com.ar\/wp-content\/uploads\/2012\/10\/GEDCafa0263.jpg",300,169,false],"medium_large":["https:\/\/curva1.com.ar\/wp-content\/uploads\/2012\/10\/GEDCafa0263.jpg",300,169,false],"large":["https:\/\/curva1.com.ar\/wp-content\/uploads\/2012\/10\/GEDCafa0263.jpg",300,169,false],"1536x1536":["https:\/\/curva1.com.ar\/wp-content\/uploads\/2012\/10\/GEDCafa0263.jpg",300,169,false],"2048x2048":["https:\/\/curva1.com.ar\/wp-content\/uploads\/2012\/10\/GEDCafa0263.jpg",300,169,false],"chromenews-featured":["https:\/\/curva1.com.ar\/wp-content\/uploads\/2012\/10\/GEDCafa0263.jpg",300,169,false],"chromenews-large":["https:\/\/curva1.com.ar\/wp-content\/uploads\/2012\/10\/GEDCafa0263.jpg",300,169,false],"chromenews-medium":["https:\/\/curva1.com.ar\/wp-content\/uploads\/2012\/10\/GEDCafa0263.jpg",300,169,false]},"author_info":{"display_name":"Jos\u00e9 Bravo","author_link":"https:\/\/curva1.com.ar\/?author=1"},"category_info":"<a href=\"https:\/\/curva1.com.ar\/?cat=32\" rel=\"category\">Picadas<\/a>","tag_info":"Picadas","comment_count":"0","_links":{"self":[{"href":"https:\/\/curva1.com.ar\/index.php?rest_route=\/wp\/v2\/posts\/1743","targetHints":{"allow":["GET"]}}],"collection":[{"href":"https:\/\/curva1.com.ar\/index.php?rest_route=\/wp\/v2\/posts"}],"about":[{"href":"https:\/\/curva1.com.ar\/index.php?rest_route=\/wp\/v2\/types\/post"}],"author":[{"embeddable":true,"href":"https:\/\/curva1.com.ar\/index.php?rest_route=\/wp\/v2\/users\/1"}],"replies":[{"embeddable":true,"href":"https:\/\/curva1.com.ar\/index.php?rest_route=%2Fwp%2Fv2%2Fcomments&post=1743"}],"version-history":[{"count":3,"href":"https:\/\/curva1.com.ar\/index.php?rest_route=\/wp\/v2\/posts\/1743\/revisions"}],"predecessor-version":[{"id":1746,"href":"https:\/\/curva1.com.ar\/index.php?rest_route=\/wp\/v2\/posts\/1743\/revisions\/1746"}],"wp:featuredmedia":[{"embeddable":true,"href":"https:\/\/curva1.com.ar\/index.php?rest_route=\/wp\/v2\/media\/1744"}],"wp:attachment":[{"href":"https:\/\/curva1.com.ar\/index.php?rest_route=%2Fwp%2Fv2%2Fmedia&parent=1743"}],"wp:term":[{"taxonomy":"category","embeddable":true,"href":"https:\/\/curva1.com.ar\/index.php?rest_route=%2Fwp%2Fv2%2Fcategories&post=1743"},{"taxonomy":"post_tag","embeddable":true,"href":"https:\/\/curva1.com.ar\/index.php?rest_route=%2Fwp%2Fv2%2Ftags&post=1743"}],"curies":[{"name":"wp","href":"https:\/\/api.w.org\/{rel}","templated":true}]}}