{"id":1787,"date":"2012-10-27T03:10:07","date_gmt":"2012-10-27T06:10:07","guid":{"rendered":"http:\/\/www.curva1.com.ar\/?p=1787"},"modified":"2012-10-27T03:10:07","modified_gmt":"2012-10-27T06:10:07","slug":"el-mendocino-adrian-yacopini-hizo-podio-en-el-desafio-ruta-40","status":"publish","type":"post","link":"https:\/\/curva1.com.ar\/?p=1787","title":{"rendered":"El mendocino Adri\u00e1n Yacopini hizo podio en el Desaf\u00edo Ruta 40"},"content":{"rendered":"<p><img loading=\"lazy\" decoding=\"async\" class=\"aligncenter size-full wp-image-1788\" title=\"200_1958\" src=\"http:\/\/www.curva1.com.ar\/wp-content\/uploads\/2012\/10\/200_1958.jpg\" alt=\"\" width=\"500\" height=\"281\" srcset=\"https:\/\/curva1.com.ar\/wp-content\/uploads\/2012\/10\/200_1958.jpg 500w, https:\/\/curva1.com.ar\/wp-content\/uploads\/2012\/10\/200_1958-300x168.jpg 300w\" sizes=\"auto, (max-width: 500px) 100vw, 500px\" \/><\/p>\n<p>Adri\u00e1n Yacopini culmin\u00f3 el Desaf\u00edo Ruta 40 en la tercera colocaci\u00f3n del clasificador general.<\/p>\n<p>Hoy, sali\u00f3 decidido a seguir acelerando y culmin\u00f3 la quinta etapa segundo a tan solo siete minutos de Orly Terranova ganador de la etapa y de la competencia.<\/p>\n<p>\u201cEl Chino\u201d junto a su copiloto Marco Scopinaro cumplieron con el objetivo planteado que era estar en la meta final y si se pod\u00eda en el podio, despu\u00e9s de cinco duras jornadas la dupla mendocina asistida por el Chiara Rally Team lograron lo que se propusieron.<\/p>\n<p><strong>\u201cEstoy fel\u00edz se lo dedico a mi familia, a mis amigos, sponsor y a mi gran equipo, a Marco Scopinaro que fue la pieza fundamental para estar hoy ac\u00e1 en Jujuy. Hoy la etapa fue muy r\u00e1pida, caminos angostos y con precipicios, hab\u00eda que ir muy concentrados, creo que hemos hecho un gran trabajo y es lo necesario para ir al Dakar que hoy confirm\u00f3 que lo corro con este equipo, con Marco como copiloto y por supuesto en la Race Amarok\u201d.<\/strong><\/p>\n<p><img loading=\"lazy\" decoding=\"async\" class=\"aligncenter size-full wp-image-1789\" title=\"CAM_2850\" src=\"http:\/\/www.curva1.com.ar\/wp-content\/uploads\/2012\/10\/CAM_2850.jpg\" alt=\"\" width=\"500\" height=\"335\" srcset=\"https:\/\/curva1.com.ar\/wp-content\/uploads\/2012\/10\/CAM_2850.jpg 500w, https:\/\/curva1.com.ar\/wp-content\/uploads\/2012\/10\/CAM_2850-300x201.jpg 300w\" sizes=\"auto, (max-width: 500px) 100vw, 500px\" \/><\/p>\n","protected":false},"excerpt":{"rendered":"<p>Adri\u00e1n Yacopini culmin\u00f3 el Desaf\u00edo Ruta 40 en la tercera colocaci\u00f3n del clasificador general. Hoy,<\/p>\n","protected":false},"author":1,"featured_media":1788,"comment_status":"open","ping_status":"closed","sticky":false,"template":"","format":"standard","meta":{"footnotes":""},"categories":[6],"tags":[],"class_list":["post-1787","post","type-post","status-publish","format-standard","has-post-thumbnail","hentry","category-nacionales"],"featured_image_urls":{"full":["https:\/\/curva1.com.ar\/wp-content\/uploads\/2012\/10\/200_1958.jpg",500,281,false],"thumbnail":["https:\/\/curva1.com.ar\/wp-content\/uploads\/2012\/10\/200_1958-150x150.jpg",150,150,true],"medium":["https:\/\/curva1.com.ar\/wp-content\/uploads\/2012\/10\/200_1958-300x168.jpg",300,168,true],"medium_large":["https:\/\/curva1.com.ar\/wp-content\/uploads\/2012\/10\/200_1958.jpg",500,281,false],"large":["https:\/\/curva1.com.ar\/wp-content\/uploads\/2012\/10\/200_1958.jpg",500,281,false],"1536x1536":["https:\/\/curva1.com.ar\/wp-content\/uploads\/2012\/10\/200_1958.jpg",500,281,false],"2048x2048":["https:\/\/curva1.com.ar\/wp-content\/uploads\/2012\/10\/200_1958.jpg",500,281,false],"chromenews-featured":["https:\/\/curva1.com.ar\/wp-content\/uploads\/2012\/10\/200_1958.jpg",500,281,false],"chromenews-large":["https:\/\/curva1.com.ar\/wp-content\/uploads\/2012\/10\/200_1958.jpg",500,281,false],"chromenews-medium":["https:\/\/curva1.com.ar\/wp-content\/uploads\/2012\/10\/200_1958.jpg",500,281,false]},"author_info":{"display_name":"Jos\u00e9 Bravo","author_link":"https:\/\/curva1.com.ar\/?author=1"},"category_info":"<a href=\"https:\/\/curva1.com.ar\/?cat=6\" rel=\"category\">Nacionales<\/a>","tag_info":"Nacionales","comment_count":"0","_links":{"self":[{"href":"https:\/\/curva1.com.ar\/index.php?rest_route=\/wp\/v2\/posts\/1787","targetHints":{"allow":["GET"]}}],"collection":[{"href":"https:\/\/curva1.com.ar\/index.php?rest_route=\/wp\/v2\/posts"}],"about":[{"href":"https:\/\/curva1.com.ar\/index.php?rest_route=\/wp\/v2\/types\/post"}],"author":[{"embeddable":true,"href":"https:\/\/curva1.com.ar\/index.php?rest_route=\/wp\/v2\/users\/1"}],"replies":[{"embeddable":true,"href":"https:\/\/curva1.com.ar\/index.php?rest_route=%2Fwp%2Fv2%2Fcomments&post=1787"}],"version-history":[{"count":1,"href":"https:\/\/curva1.com.ar\/index.php?rest_route=\/wp\/v2\/posts\/1787\/revisions"}],"predecessor-version":[{"id":1790,"href":"https:\/\/curva1.com.ar\/index.php?rest_route=\/wp\/v2\/posts\/1787\/revisions\/1790"}],"wp:featuredmedia":[{"embeddable":true,"href":"https:\/\/curva1.com.ar\/index.php?rest_route=\/wp\/v2\/media\/1788"}],"wp:attachment":[{"href":"https:\/\/curva1.com.ar\/index.php?rest_route=%2Fwp%2Fv2%2Fmedia&parent=1787"}],"wp:term":[{"taxonomy":"category","embeddable":true,"href":"https:\/\/curva1.com.ar\/index.php?rest_route=%2Fwp%2Fv2%2Fcategories&post=1787"},{"taxonomy":"post_tag","embeddable":true,"href":"https:\/\/curva1.com.ar\/index.php?rest_route=%2Fwp%2Fv2%2Ftags&post=1787"}],"curies":[{"name":"wp","href":"https:\/\/api.w.org\/{rel}","templated":true}]}}