{"id":1791,"date":"2012-10-27T03:13:59","date_gmt":"2012-10-27T06:13:59","guid":{"rendered":"http:\/\/www.curva1.com.ar\/?p=1791"},"modified":"2012-10-27T03:13:59","modified_gmt":"2012-10-27T06:13:59","slug":"mendoza-se-hizo-fuerte-y-corono-a-terranova-en-la-ruta-40","status":"publish","type":"post","link":"https:\/\/curva1.com.ar\/?p=1791","title":{"rendered":"Mendoza se hizo fuerte y coron\u00f3 a Terranova en la Ruta 40"},"content":{"rendered":"<p><img loading=\"lazy\" decoding=\"async\" class=\"aligncenter size-full wp-image-1792\" title=\"gal-491501\" src=\"http:\/\/www.curva1.com.ar\/wp-content\/uploads\/2012\/10\/gal-491501.jpg\" alt=\"\" width=\"500\" height=\"281\" srcset=\"https:\/\/curva1.com.ar\/wp-content\/uploads\/2012\/10\/gal-491501.jpg 500w, https:\/\/curva1.com.ar\/wp-content\/uploads\/2012\/10\/gal-491501-300x168.jpg 300w\" sizes=\"auto, (max-width: 500px) 100vw, 500px\" \/><\/p>\n<p>Orlando Terranova obtuvo el triunfo y se coron\u00f3 campe\u00f3n en Autos y T1 Diesel con su BMW X3. Lo propio hizo Alejandro Yacopini en T2 Diesel.<\/p>\n<p>El acento mendocino se sinti\u00f3 m\u00e1s fuerte que nunca en el campeonato nacional de Rally Cross Country luego de finalizar ayer el Desaf\u00edo Ruta 40 (cuarta fecha del calendario) que comprendi\u00f3 las provincias de San Juan, Catamarca, Salta y Jujuy durante cinco dif\u00edciles etapas.<\/p>\n<p>En Autos se impuso Orlando Terranova con su BMW X3 del X-Raid Team, por lo que result\u00f3 monarca en Auto General y Auto T1 Diesel. El desempe\u00f1o de Orly fue brillante ya que gan\u00f3 todas las especiales.<\/p>\n<p>Su comprovinciano Adri\u00e1n Yacopini ocup\u00f3 el \u00faltimo escal\u00f3n del podio tripulando su VW Amarok atendida por el Chiara Rally Team. Mientras que otro Yacopini, en este caso Alejandro, se proclam\u00f3 campe\u00f3n con su Toyota SW4 en Auto T2 Diesel, a falta de una competencia para culminar el actual certamen.<\/p>\n<p>Otros que se consagraron anticipadamente fueron: el pinamarense Pablo Rodr\u00edguez (Honda) en Motos, el cordob\u00e9s Daniel Mazzucco (Can Am) en los Cuatriciclos 4&#215;4 y el riojano Omar Yoma en los UTV.<\/p>\n<p>Precisamente en \u00e9sta \u00faltima divisional, dos mendocinos subieron al podio escoltando a Yoma. Se trata de Bernardo Graue (navegante de Lucio \u00c1lvarez en el Rally Dakar) y Fabi\u00e1n Miranda, quienes ocuparon el segundo y tercer puesto, respectivamente. Mientras, Edgardo Dris arrib\u00f3 cuarto y Marco Terranova finaliz\u00f3 quinto en la general.<\/p>\n","protected":false},"excerpt":{"rendered":"<p>Orlando Terranova obtuvo el triunfo y se coron\u00f3 campe\u00f3n en Autos y T1 Diesel con<\/p>\n","protected":false},"author":1,"featured_media":1792,"comment_status":"open","ping_status":"closed","sticky":false,"template":"","format":"standard","meta":{"footnotes":""},"categories":[6],"tags":[],"class_list":["post-1791","post","type-post","status-publish","format-standard","has-post-thumbnail","hentry","category-nacionales"],"featured_image_urls":{"full":["https:\/\/curva1.com.ar\/wp-content\/uploads\/2012\/10\/gal-491501.jpg",500,281,false],"thumbnail":["https:\/\/curva1.com.ar\/wp-content\/uploads\/2012\/10\/gal-491501-150x150.jpg",150,150,true],"medium":["https:\/\/curva1.com.ar\/wp-content\/uploads\/2012\/10\/gal-491501-300x168.jpg",300,168,true],"medium_large":["https:\/\/curva1.com.ar\/wp-content\/uploads\/2012\/10\/gal-491501.jpg",500,281,false],"large":["https:\/\/curva1.com.ar\/wp-content\/uploads\/2012\/10\/gal-491501.jpg",500,281,false],"1536x1536":["https:\/\/curva1.com.ar\/wp-content\/uploads\/2012\/10\/gal-491501.jpg",500,281,false],"2048x2048":["https:\/\/curva1.com.ar\/wp-content\/uploads\/2012\/10\/gal-491501.jpg",500,281,false],"chromenews-featured":["https:\/\/curva1.com.ar\/wp-content\/uploads\/2012\/10\/gal-491501.jpg",500,281,false],"chromenews-large":["https:\/\/curva1.com.ar\/wp-content\/uploads\/2012\/10\/gal-491501.jpg",500,281,false],"chromenews-medium":["https:\/\/curva1.com.ar\/wp-content\/uploads\/2012\/10\/gal-491501.jpg",500,281,false]},"author_info":{"display_name":"Jos\u00e9 Bravo","author_link":"https:\/\/curva1.com.ar\/?author=1"},"category_info":"<a href=\"https:\/\/curva1.com.ar\/?cat=6\" rel=\"category\">Nacionales<\/a>","tag_info":"Nacionales","comment_count":"0","yoast_head":"<!-- This site is optimized with the Yoast SEO Premium plugin v14.7 - https:\/\/yoast.com\/wordpress\/plugins\/seo\/ -->\n<title>Mendoza se hizo fuerte y coron\u00f3 a Terranova en la Ruta 40 - Curva 1<\/title>\n<meta name=\"robots\" content=\"index, follow\" \/>\n<meta name=\"googlebot\" content=\"index, follow, max-snippet:-1, max-image-preview:large, max-video-preview:-1\" \/>\n<meta name=\"bingbot\" content=\"index, follow, max-snippet:-1, max-image-preview:large, max-video-preview:-1\" \/>\n<link rel=\"canonical\" href=\"https:\/\/curva1.com.ar\/?p=1791\" \/>\n<meta property=\"og:locale\" content=\"en_US\" \/>\n<meta property=\"og:type\" content=\"article\" \/>\n<meta property=\"og:title\" content=\"Mendoza se hizo fuerte y coron\u00f3 a Terranova en la Ruta 40 - Curva 1\" \/>\n<meta property=\"og:description\" content=\"Orlando Terranova obtuvo el triunfo y se coron\u00f3 campe\u00f3n en Autos y T1 Diesel con\" \/>\n<meta property=\"og:url\" content=\"https:\/\/curva1.com.ar\/?p=1791\" \/>\n<meta property=\"og:site_name\" content=\"Curva 1\" \/>\n<meta property=\"article:publisher\" content=\"https:\/\/www.facebook.com\/revistacurva1\/\" \/>\n<meta property=\"article:published_time\" content=\"2012-10-27T06:13:59+00:00\" \/>\n<meta property=\"og:image\" content=\"https:\/\/curva1.com.ar\/wp-content\/uploads\/2012\/10\/gal-491501.jpg\" \/>\n\t<meta property=\"og:image:width\" content=\"500\" \/>\n\t<meta property=\"og:image:height\" content=\"281\" \/>\n<meta property=\"fb:app_id\" content=\"1593067817533208\" \/>\n<meta name=\"twitter:card\" content=\"summary_large_image\" \/>\n<meta name=\"twitter:creator\" content=\"@curva1mendoza\" \/>\n<meta name=\"twitter:site\" content=\"@curva1mendoza\" \/>\n<script type=\"application\/ld+json\" class=\"yoast-schema-graph\">{\"@context\":\"https:\/\/schema.org\",\"@graph\":[{\"@type\":\"WebSite\",\"@id\":\"https:\/\/curva1.com.ar\/#website\",\"url\":\"https:\/\/curva1.com.ar\/\",\"name\":\"Curva 1\",\"description\":\"Automovilismo de Mendoza\",\"potentialAction\":[{\"@type\":\"SearchAction\",\"target\":\"https:\/\/curva1.com.ar\/?s={search_term_string}\",\"query-input\":\"required name=search_term_string\"}],\"inLanguage\":\"en-US\"},{\"@type\":\"ImageObject\",\"@id\":\"https:\/\/curva1.com.ar\/?p=1791#primaryimage\",\"inLanguage\":\"en-US\",\"url\":\"https:\/\/curva1.com.ar\/wp-content\/uploads\/2012\/10\/gal-491501.jpg\",\"width\":\"500\",\"height\":\"281\"},{\"@type\":\"WebPage\",\"@id\":\"https:\/\/curva1.com.ar\/?p=1791#webpage\",\"url\":\"https:\/\/curva1.com.ar\/?p=1791\",\"name\":\"Mendoza se hizo fuerte y coron\\u00f3 a Terranova en la Ruta 40 - Curva 1\",\"isPartOf\":{\"@id\":\"https:\/\/curva1.com.ar\/#website\"},\"primaryImageOfPage\":{\"@id\":\"https:\/\/curva1.com.ar\/?p=1791#primaryimage\"},\"datePublished\":\"2012-10-27T06:13:59+00:00\",\"dateModified\":\"2012-10-27T06:13:59+00:00\",\"author\":{\"@id\":\"https:\/\/curva1.com.ar\/#\/schema\/person\/f5fd12984d70df7314fbd9ab42f31033\"},\"inLanguage\":\"en-US\",\"potentialAction\":[{\"@type\":\"ReadAction\",\"target\":[\"https:\/\/curva1.com.ar\/?p=1791\"]}]},{\"@type\":[\"Person\"],\"@id\":\"https:\/\/curva1.com.ar\/#\/schema\/person\/f5fd12984d70df7314fbd9ab42f31033\",\"name\":\"Jos\\u00e9 Bravo\",\"image\":{\"@type\":\"ImageObject\",\"@id\":\"https:\/\/curva1.com.ar\/#personlogo\",\"inLanguage\":\"en-US\",\"url\":\"https:\/\/secure.gravatar.com\/avatar\/3ae0b1fdc6ddeb723a6e6c23609ed39de1d40a94b8112fd2c0c2032e2dabf28b?s=96&d=identicon&r=g\",\"caption\":\"Jos\\u00e9 Bravo\"}}]}<\/script>\n<!-- \/ Yoast SEO Premium plugin. -->","_links":{"self":[{"href":"https:\/\/curva1.com.ar\/index.php?rest_route=\/wp\/v2\/posts\/1791","targetHints":{"allow":["GET"]}}],"collection":[{"href":"https:\/\/curva1.com.ar\/index.php?rest_route=\/wp\/v2\/posts"}],"about":[{"href":"https:\/\/curva1.com.ar\/index.php?rest_route=\/wp\/v2\/types\/post"}],"author":[{"embeddable":true,"href":"https:\/\/curva1.com.ar\/index.php?rest_route=\/wp\/v2\/users\/1"}],"replies":[{"embeddable":true,"href":"https:\/\/curva1.com.ar\/index.php?rest_route=%2Fwp%2Fv2%2Fcomments&post=1791"}],"version-history":[{"count":2,"href":"https:\/\/curva1.com.ar\/index.php?rest_route=\/wp\/v2\/posts\/1791\/revisions"}],"predecessor-version":[{"id":1794,"href":"https:\/\/curva1.com.ar\/index.php?rest_route=\/wp\/v2\/posts\/1791\/revisions\/1794"}],"wp:featuredmedia":[{"embeddable":true,"href":"https:\/\/curva1.com.ar\/index.php?rest_route=\/wp\/v2\/media\/1792"}],"wp:attachment":[{"href":"https:\/\/curva1.com.ar\/index.php?rest_route=%2Fwp%2Fv2%2Fmedia&parent=1791"}],"wp:term":[{"taxonomy":"category","embeddable":true,"href":"https:\/\/curva1.com.ar\/index.php?rest_route=%2Fwp%2Fv2%2Fcategories&post=1791"},{"taxonomy":"post_tag","embeddable":true,"href":"https:\/\/curva1.com.ar\/index.php?rest_route=%2Fwp%2Fv2%2Ftags&post=1791"}],"curies":[{"name":"wp","href":"https:\/\/api.w.org\/{rel}","templated":true}]}}