{"id":1802,"date":"2012-10-30T01:57:31","date_gmt":"2012-10-30T04:57:31","guid":{"rendered":"http:\/\/www.curva1.com.ar\/?p=1802"},"modified":"2012-10-30T01:57:31","modified_gmt":"2012-10-30T04:57:31","slug":"gran-espectaculo-del-mz-kart-en-su-tercera-carrera-del-ano","status":"publish","type":"post","link":"https:\/\/curva1.com.ar\/?p=1802","title":{"rendered":"Gran espect\u00e1culo del MZ Kart en su tercera carrera del a\u00f1o"},"content":{"rendered":"<p><img loading=\"lazy\" decoding=\"async\" class=\"aligncenter size-full wp-image-1803\" title=\"P1790922\" src=\"http:\/\/www.curva1.com.ar\/wp-content\/uploads\/2012\/10\/P1790922.jpg\" alt=\"\" width=\"500\" height=\"281\" srcset=\"https:\/\/curva1.com.ar\/wp-content\/uploads\/2012\/10\/P1790922.jpg 500w, https:\/\/curva1.com.ar\/wp-content\/uploads\/2012\/10\/P1790922-300x168.jpg 300w\" sizes=\"auto, (max-width: 500px) 100vw, 500px\" \/><\/p>\n<p>Un sol radiante ilumin\u00f3 a todos los participantes de la 3\u00ba fecha del Campeonato Mendocino de Karting llamado &#8220;MZ Kart&#8221;, con la presencia de m\u00e1s de 60 pilotos de Mendoza, San Juan, C\u00f3rdoba y La Rioja.<\/p>\n<blockquote><p><span style=\"color: #ff0000;\">La Asociaci\u00f3n Cuyana de Karting ya tiene su espacio en Facebook bajo el nombre de\u00a0<strong>ACK Mendoza<\/strong>. Tiene que presionar ME GUSTA para recibir las noticias oficiales del MZ Kart. Link:<\/span>\u00a0<a href=\"http:\/\/www.facebook.com\/ackmendoza\" target=\"_blank\">http:\/\/www.facebook.com\/ackmendoza<\/a><\/p><\/blockquote>\n<p>La competencia se desarroll\u00f3 en el Kart\u00f3dromo Internacional de San Mart\u00edn, en Mendoza, y tuvo los relatos de Ariel Dupaus.<\/p>\n<p>Fueron 67 los pilotos inscriptos, con algunas ausencias y con los debuts del riojano Cesar Eladi (125 cc Senior Pro), el sanjuanino Tom\u00e1s Bolzonella (Promocional IAME 60) y los pilotos con experiencia en el Zonal Cuyano de Automovilismo Gustavo Santib\u00e1\u00f1ez y Marcelo Arjona (S\u00faper 4 Tiempos).<\/p>\n<p><span style=\"color: #0000ff;\"><strong>VER RESTO DEL INFORME EN:<\/strong><\/span><\/p>\n<h1 style=\"text-align: center;\"><a href=\"http:\/\/curva1kart.com.ar\/noticias\/?p=23064\" target=\"_blank\"><span style=\"color: #0000ff;\"><strong>www.curva1kart.com.ar<\/strong><\/span><\/a><\/h1>\n<p style=\"text-align: center;\"><span style=\"color: #0000ff;\"><strong>Karting Argentino<\/strong><\/span><\/p>\n","protected":false},"excerpt":{"rendered":"<p>Un sol radiante ilumin\u00f3 a todos los participantes de la 3\u00ba fecha del Campeonato Mendocino<\/p>\n","protected":false},"author":1,"featured_media":1803,"comment_status":"open","ping_status":"closed","sticky":false,"template":"","format":"standard","meta":{"footnotes":""},"categories":[4],"tags":[],"class_list":["post-1802","post","type-post","status-publish","format-standard","has-post-thumbnail","hentry","category-karting"],"featured_image_urls":{"full":["https:\/\/curva1.com.ar\/wp-content\/uploads\/2012\/10\/P1790922.jpg",500,281,false],"thumbnail":["https:\/\/curva1.com.ar\/wp-content\/uploads\/2012\/10\/P1790922-150x150.jpg",150,150,true],"medium":["https:\/\/curva1.com.ar\/wp-content\/uploads\/2012\/10\/P1790922-300x168.jpg",300,168,true],"medium_large":["https:\/\/curva1.com.ar\/wp-content\/uploads\/2012\/10\/P1790922.jpg",500,281,false],"large":["https:\/\/curva1.com.ar\/wp-content\/uploads\/2012\/10\/P1790922.jpg",500,281,false],"1536x1536":["https:\/\/curva1.com.ar\/wp-content\/uploads\/2012\/10\/P1790922.jpg",500,281,false],"2048x2048":["https:\/\/curva1.com.ar\/wp-content\/uploads\/2012\/10\/P1790922.jpg",500,281,false],"chromenews-featured":["https:\/\/curva1.com.ar\/wp-content\/uploads\/2012\/10\/P1790922.jpg",500,281,false],"chromenews-large":["https:\/\/curva1.com.ar\/wp-content\/uploads\/2012\/10\/P1790922.jpg",500,281,false],"chromenews-medium":["https:\/\/curva1.com.ar\/wp-content\/uploads\/2012\/10\/P1790922.jpg",500,281,false]},"author_info":{"display_name":"Jos\u00e9 Bravo","author_link":"https:\/\/curva1.com.ar\/?author=1"},"category_info":"<a href=\"https:\/\/curva1.com.ar\/?cat=4\" rel=\"category\">Karting Asfalto<\/a>","tag_info":"Karting Asfalto","comment_count":"0","_links":{"self":[{"href":"https:\/\/curva1.com.ar\/index.php?rest_route=\/wp\/v2\/posts\/1802","targetHints":{"allow":["GET"]}}],"collection":[{"href":"https:\/\/curva1.com.ar\/index.php?rest_route=\/wp\/v2\/posts"}],"about":[{"href":"https:\/\/curva1.com.ar\/index.php?rest_route=\/wp\/v2\/types\/post"}],"author":[{"embeddable":true,"href":"https:\/\/curva1.com.ar\/index.php?rest_route=\/wp\/v2\/users\/1"}],"replies":[{"embeddable":true,"href":"https:\/\/curva1.com.ar\/index.php?rest_route=%2Fwp%2Fv2%2Fcomments&post=1802"}],"version-history":[{"count":2,"href":"https:\/\/curva1.com.ar\/index.php?rest_route=\/wp\/v2\/posts\/1802\/revisions"}],"predecessor-version":[{"id":1805,"href":"https:\/\/curva1.com.ar\/index.php?rest_route=\/wp\/v2\/posts\/1802\/revisions\/1805"}],"wp:featuredmedia":[{"embeddable":true,"href":"https:\/\/curva1.com.ar\/index.php?rest_route=\/wp\/v2\/media\/1803"}],"wp:attachment":[{"href":"https:\/\/curva1.com.ar\/index.php?rest_route=%2Fwp%2Fv2%2Fmedia&parent=1802"}],"wp:term":[{"taxonomy":"category","embeddable":true,"href":"https:\/\/curva1.com.ar\/index.php?rest_route=%2Fwp%2Fv2%2Fcategories&post=1802"},{"taxonomy":"post_tag","embeddable":true,"href":"https:\/\/curva1.com.ar\/index.php?rest_route=%2Fwp%2Fv2%2Ftags&post=1802"}],"curies":[{"name":"wp","href":"https:\/\/api.w.org\/{rel}","templated":true}]}}