{"id":1813,"date":"2012-10-30T20:11:12","date_gmt":"2012-10-30T23:11:12","guid":{"rendered":"http:\/\/www.curva1.com.ar\/?p=1813"},"modified":"2012-10-31T00:11:28","modified_gmt":"2012-10-31T03:11:28","slug":"resultados-de-la-10o-fecha-de-tradicionales-en-gral-alvear","status":"publish","type":"post","link":"https:\/\/curva1.com.ar\/?p=1813","title":{"rendered":"Resultados de la 10\u00ba fecha de Tradicionales en Gral Alvear"},"content":{"rendered":"<p><img loading=\"lazy\" decoding=\"async\" class=\"aligncenter size-full wp-image-1814\" title=\"TRA10-32\" src=\"http:\/\/www.curva1.com.ar\/wp-content\/uploads\/2012\/10\/TRA10-32.jpg\" alt=\"\" width=\"500\" height=\"282\" srcset=\"https:\/\/curva1.com.ar\/wp-content\/uploads\/2012\/10\/TRA10-32.jpg 500w, https:\/\/curva1.com.ar\/wp-content\/uploads\/2012\/10\/TRA10-32-300x169.jpg 300w\" sizes=\"auto, (max-width: 500px) 100vw, 500px\" \/><\/p>\n<p>El aut\u00f3dromo V\u00edctor Garc\u00eda del sur mendocino fue escenario del d\u00e9cimo cap\u00edtulo del automovilismo de tierra de Mendoza.<\/p>\n<blockquote><p><strong>Ver resultados y estad\u00edsticas <a href=\"http:\/\/femadmza.com.ar\/2012\/0Tradicionales\/Tradicional10.htm\" target=\"_blank\">AQUI<\/a><\/strong><\/p><\/blockquote>\n<p>As\u00ed terminaron las competencias finales de cada categor\u00eda.<\/p>\n<h2><span style=\"color: #ff0000;\">&gt;&gt;&gt; 850 GRUPO 1<\/span><\/h2>\n<h2><img loading=\"lazy\" decoding=\"async\" class=\"aligncenter size-full wp-image-1815\" title=\"c850ats\" src=\"http:\/\/www.curva1.com.ar\/wp-content\/uploads\/2012\/10\/c850ats.jpg\" alt=\"\" width=\"500\" height=\"379\" srcset=\"https:\/\/curva1.com.ar\/wp-content\/uploads\/2012\/10\/c850ats.jpg 500w, https:\/\/curva1.com.ar\/wp-content\/uploads\/2012\/10\/c850ats-300x227.jpg 300w\" sizes=\"auto, (max-width: 500px) 100vw, 500px\" \/><\/h2>\n<h2><span style=\"color: #ff0000;\">&gt;&gt;&gt; FORMULA 1100<\/span><\/h2>\n<h2><img loading=\"lazy\" decoding=\"async\" class=\"aligncenter size-full wp-image-1817\" title=\"c1100ats\" src=\"http:\/\/www.curva1.com.ar\/wp-content\/uploads\/2012\/10\/c1100ats.jpg\" alt=\"\" width=\"500\" height=\"382\" srcset=\"https:\/\/curva1.com.ar\/wp-content\/uploads\/2012\/10\/c1100ats.jpg 500w, https:\/\/curva1.com.ar\/wp-content\/uploads\/2012\/10\/c1100ats-300x229.jpg 300w\" sizes=\"auto, (max-width: 500px) 100vw, 500px\" \/><\/h2>\n<h2><span style=\"color: #ff0000;\">&gt;&gt;&gt; TC JUNIOR<\/span><\/h2>\n<h2><img loading=\"lazy\" decoding=\"async\" class=\"aligncenter size-full wp-image-1816\" title=\"cjUNIORats\" src=\"http:\/\/www.curva1.com.ar\/wp-content\/uploads\/2012\/10\/cjUNIORats.jpg\" alt=\"\" width=\"500\" height=\"247\" srcset=\"https:\/\/curva1.com.ar\/wp-content\/uploads\/2012\/10\/cjUNIORats.jpg 500w, https:\/\/curva1.com.ar\/wp-content\/uploads\/2012\/10\/cjUNIORats-300x148.jpg 300w\" sizes=\"auto, (max-width: 500px) 100vw, 500px\" \/><\/h2>\n<h2><span style=\"color: #ff0000;\">&gt;&gt;&gt; TC TRADICIONAL<\/span><\/h2>\n<h2><img loading=\"lazy\" decoding=\"async\" class=\"aligncenter size-full wp-image-1819\" title=\"cTCats\" src=\"http:\/\/www.curva1.com.ar\/wp-content\/uploads\/2012\/10\/cTCats.jpg\" alt=\"\" width=\"500\" height=\"199\" srcset=\"https:\/\/curva1.com.ar\/wp-content\/uploads\/2012\/10\/cTCats.jpg 500w, https:\/\/curva1.com.ar\/wp-content\/uploads\/2012\/10\/cTCats-300x119.jpg 300w\" sizes=\"auto, (max-width: 500px) 100vw, 500px\" \/><\/h2>\n<h2><span style=\"color: #ff0000;\">&gt;&gt;&gt; SPORT 4<\/span><\/h2>\n<p><img loading=\"lazy\" decoding=\"async\" class=\"aligncenter size-full wp-image-1818\" title=\"ca4ts\" src=\"http:\/\/www.curva1.com.ar\/wp-content\/uploads\/2012\/10\/ca4ts.jpg\" alt=\"\" width=\"500\" height=\"235\" srcset=\"https:\/\/curva1.com.ar\/wp-content\/uploads\/2012\/10\/ca4ts.jpg 500w, https:\/\/curva1.com.ar\/wp-content\/uploads\/2012\/10\/ca4ts-300x141.jpg 300w\" sizes=\"auto, (max-width: 500px) 100vw, 500px\" \/><\/p>\n<p>Foto FEMAD.<\/p>\n","protected":false},"excerpt":{"rendered":"<p>El aut\u00f3dromo V\u00edctor Garc\u00eda del sur mendocino fue escenario del d\u00e9cimo cap\u00edtulo del automovilismo de<\/p>\n","protected":false},"author":1,"featured_media":1814,"comment_status":"open","ping_status":"closed","sticky":false,"template":"","format":"standard","meta":{"footnotes":""},"categories":[3],"tags":[],"class_list":["post-1813","post","type-post","status-publish","format-standard","has-post-thumbnail","hentry","category-tradicionales"],"featured_image_urls":{"full":["https:\/\/curva1.com.ar\/wp-content\/uploads\/2012\/10\/TRA10-32.jpg",500,282,false],"thumbnail":["https:\/\/curva1.com.ar\/wp-content\/uploads\/2012\/10\/TRA10-32-150x150.jpg",150,150,true],"medium":["https:\/\/curva1.com.ar\/wp-content\/uploads\/2012\/10\/TRA10-32-300x169.jpg",300,169,true],"medium_large":["https:\/\/curva1.com.ar\/wp-content\/uploads\/2012\/10\/TRA10-32.jpg",500,282,false],"large":["https:\/\/curva1.com.ar\/wp-content\/uploads\/2012\/10\/TRA10-32.jpg",500,282,false],"1536x1536":["https:\/\/curva1.com.ar\/wp-content\/uploads\/2012\/10\/TRA10-32.jpg",500,282,false],"2048x2048":["https:\/\/curva1.com.ar\/wp-content\/uploads\/2012\/10\/TRA10-32.jpg",500,282,false],"chromenews-featured":["https:\/\/curva1.com.ar\/wp-content\/uploads\/2012\/10\/TRA10-32.jpg",500,282,false],"chromenews-large":["https:\/\/curva1.com.ar\/wp-content\/uploads\/2012\/10\/TRA10-32.jpg",500,282,false],"chromenews-medium":["https:\/\/curva1.com.ar\/wp-content\/uploads\/2012\/10\/TRA10-32.jpg",500,282,false]},"author_info":{"display_name":"Jos\u00e9 Bravo","author_link":"https:\/\/curva1.com.ar\/?author=1"},"category_info":"<a href=\"https:\/\/curva1.com.ar\/?cat=3\" rel=\"category\">Tradicionales<\/a>","tag_info":"Tradicionales","comment_count":"0","_links":{"self":[{"href":"https:\/\/curva1.com.ar\/index.php?rest_route=\/wp\/v2\/posts\/1813","targetHints":{"allow":["GET"]}}],"collection":[{"href":"https:\/\/curva1.com.ar\/index.php?rest_route=\/wp\/v2\/posts"}],"about":[{"href":"https:\/\/curva1.com.ar\/index.php?rest_route=\/wp\/v2\/types\/post"}],"author":[{"embeddable":true,"href":"https:\/\/curva1.com.ar\/index.php?rest_route=\/wp\/v2\/users\/1"}],"replies":[{"embeddable":true,"href":"https:\/\/curva1.com.ar\/index.php?rest_route=%2Fwp%2Fv2%2Fcomments&post=1813"}],"version-history":[{"count":3,"href":"https:\/\/curva1.com.ar\/index.php?rest_route=\/wp\/v2\/posts\/1813\/revisions"}],"predecessor-version":[{"id":1822,"href":"https:\/\/curva1.com.ar\/index.php?rest_route=\/wp\/v2\/posts\/1813\/revisions\/1822"}],"wp:featuredmedia":[{"embeddable":true,"href":"https:\/\/curva1.com.ar\/index.php?rest_route=\/wp\/v2\/media\/1814"}],"wp:attachment":[{"href":"https:\/\/curva1.com.ar\/index.php?rest_route=%2Fwp%2Fv2%2Fmedia&parent=1813"}],"wp:term":[{"taxonomy":"category","embeddable":true,"href":"https:\/\/curva1.com.ar\/index.php?rest_route=%2Fwp%2Fv2%2Fcategories&post=1813"},{"taxonomy":"post_tag","embeddable":true,"href":"https:\/\/curva1.com.ar\/index.php?rest_route=%2Fwp%2Fv2%2Ftags&post=1813"}],"curies":[{"name":"wp","href":"https:\/\/api.w.org\/{rel}","templated":true}]}}