{"id":1910,"date":"2012-11-02T11:00:01","date_gmt":"2012-11-02T14:00:01","guid":{"rendered":"http:\/\/www.curva1.com.ar\/?p=1910"},"modified":"2012-11-02T11:00:01","modified_gmt":"2012-11-02T14:00:01","slug":"cronograma-para-la-competencia-del-top-race-en-san-martin","status":"publish","type":"post","link":"https:\/\/curva1.com.ar\/?p=1910","title":{"rendered":"Cronograma para la competencia del Top Race en San Mart\u00edn"},"content":{"rendered":"<p><img loading=\"lazy\" decoding=\"async\" class=\"aligncenter size-full wp-image-1911\" title=\"cafafts\" src=\"http:\/\/www.curva1.com.ar\/wp-content\/uploads\/2012\/11\/cafafts.jpg\" alt=\"\" width=\"500\" height=\"267\" srcset=\"https:\/\/curva1.com.ar\/wp-content\/uploads\/2012\/11\/cafafts.jpg 500w, https:\/\/curva1.com.ar\/wp-content\/uploads\/2012\/11\/cafafts-300x160.jpg 300w\" sizes=\"auto, (max-width: 500px) 100vw, 500px\" \/><\/p>\n<p>Cronograma de actividades para la cita cuyana prevista para el 16, 17 y 18 de noviembre, donde comenzar\u00e1 la Etapa Final de Top Race y donde Top Race Series y Top Race Junior disputar\u00e1n las d\u00e9cimas y antepen\u00faltimas escalas de sus campeonatos.<\/p>\n<p><span style=\"text-decoration: underline;\"><strong>VIERNES 16 DE NOVIEMBRE<\/strong><\/span><\/p>\n<p><strong>10.00 a 13.00 hs.<\/strong>\u00a0Verificaci\u00f3n Administrativa y T\u00e9cnica TOP RACE JUNIOR Y SERIES<br \/>\n<strong>10.00 a 17.00 hs.<\/strong>\u00a0Verificaci\u00f3n Administrativa y T\u00e9cnica TOP RACE V6<br \/>\n<strong>14.00 a 15.00 hs.\u00a0<\/strong>1\u00ba Entrenamiento TR JUNIOR \u2013 TODOS JUNTOS (60 MIN.)<br \/>\n<strong>15.10 a 16.10 hs<\/strong>. 1\u00ba Entrenamiento TR SERIES \u2013 TODOS JUNTOS (60 MIN.)<br \/>\n<strong>16.20 a 17.20 hs.<\/strong>\u00a02\u00ba Entrenamiento TR JUNIOR \u2013 TODOS JUNTOS (60 MIN.)<br \/>\n<strong>17.30 a 18.30 hs.\u00a0<\/strong>2\u00ba Entrenamiento TR SERIES \u2013 TODOS JUNTOS (60 MIN.)<br \/>\n<strong>19.00 hs.<\/strong>\u00a0REUNION DE PILOTOS Y DIRECTORES DEPORTIVOS TRS Y TRJ<\/p>\n<p><span style=\"text-decoration: underline;\"><strong>SABADO 17 DE NOVIEMBRE<\/strong><\/span><\/p>\n<p>09.00 hs. REUNION DE PILOTOS Y DIRECTORES DEPORTIVOS TR V6<br \/>\n09.30 a 10.15 hs. 1\u00b0 Entrenamiento TOP RACE V6 GRUPO B (45 MIN.)<br \/>\n10.25 a 11.10 hs. 1\u00b0 Entrenamiento TOP RACE V6 GRUPO A (45 MIN.)<br \/>\n11.20 a 11.35 hs. 1\u00b0 Clasificaci\u00f3n TR SERIES \u2013 TODOS JUNTOS (15 MIN.)<br \/>\n11.45 a 12.00 hs. 1\u00b0 Clasificaci\u00f3n TR JUNIOR \u2013 TODOS JUNTOS (15 MIN.)<br \/>\n12.10 a 12.55 hs. 2\u00b0 Entrenamiento TOP RACE V6 GRUPO B (45 MIN.)<br \/>\n13.05 a 13.50 hs. 2\u00b0 Entrenamiento TOP RACE V6 GRUPO A (45 MIN.)<br \/>\n14.30 a 14.45 hs. 2\u00b0 Clasificaci\u00f3n TR SERIES \u2013 TODOS JUNTOS (15 MIN.)<br \/>\n15.00 a 15.15 hs. 2\u00b0 Clasificaci\u00f3n TR JUNIOR \u2013 TODOS JUNTOS (15 MIN.)<br \/>\n15.25 hs. Clasificaci\u00f3n 1\u00ba GRUPO TOP RACE V6 (8 minutos)<br \/>\n15.35 hs. Clasificaci\u00f3n 2\u00ba GRUPO TOP RACE V6 (8 minutos)<br \/>\n15.45 hs. Clasificaci\u00f3n 3\u00ba GRUPO TOP RACE V6 (8 minutos)<br \/>\n16.15 hs. Apertura S\u00faperclasificaci\u00f3n vuelta lanzada de a 1 auto (Los 8 primeros)<br \/>\n17.00 hs. Apertura Boxes Carrera Clasificatoria TR JUNIOR<br \/>\n17.10 hs. Cierre Boxes<br \/>\n17.05 hs. Largada Carrera Clasificatoria TR JUNIOR (20 min. m\u00e1ximo)<br \/>\n17.35 hs. Apertura pista Carrera Clasificatoria TR SERIES<br \/>\n17.45 hs. Cierre Boxes<br \/>\n17.50 hs. Largada Carrera Clasificatoria TR SERIES\u00a0 (20 min. m\u00e1ximo )<\/p>\n<p><span style=\"text-decoration: underline;\"><strong>DOMINGO\u00a0 18 DE NOVIEMBRE<\/strong><\/span><\/p>\n<p><strong>09.30 hs.\u00a0<\/strong>Apertura Boxes Sprint TOP RACE<br \/>\n<strong>09.40 hs.\u00a0<\/strong>Cierre Boxes<br \/>\n<strong>09.45 hs.\u00a0<\/strong>Largada Sprint (8 vueltas o 20 minutos)<br \/>\n<strong>10.10 hs.<\/strong>\u00a0Apertura Boxes S\u00faper Sprint TOP RACE<br \/>\n<strong>10.20 hs.<\/strong>\u00a0Cierre Boxes<br \/>\n<strong>10.25 hs.<\/strong>\u00a0Largada S\u00faper Sprint (8 vueltas o 20 minutos)<br \/>\n<strong>10.50 hs.<\/strong>\u00a0Apertura Boxes 1\u00ba Carrera Final TR JUNIOR<br \/>\n<strong>11.00 hs.<\/strong>\u00a0Cierre Boxes<br \/>\n<strong>11.05 hs.\u00a0<\/strong>Largada 1\u00ba Carrera Final TR JUNIOR (30 minutos)<br \/>\n<strong>11.40 hs.\u00a0<\/strong>Apertura pista 1\u00ba Carrera TR SERIES<br \/>\n<strong>11.50 hs.<\/strong>\u00a0Cierre Boxes<br \/>\n<strong>11.55 hs<\/strong>. Largada 1\u00ba Carrera TOP RACE SERIES\u00a0 (35 minutos)<br \/>\n<strong>12.40 hs<\/strong>. SHOW DRIFT<br \/>\n<strong>12.50 hs<\/strong>. Apertura Boxes Final TOP RACE<br \/>\n<strong>13.00 hs.\u00a0<\/strong>Cierre de Boxes<br \/>\n<strong>13.05 hs.\u00a0<\/strong>Final TOP RACE\u00a0 (45 minutos)<\/p>\n<p><img loading=\"lazy\" decoding=\"async\" class=\"aligncenter size-full wp-image-1913\" title=\"cafafets\" src=\"http:\/\/www.curva1.com.ar\/wp-content\/uploads\/2012\/11\/cafafets.jpg\" alt=\"\" width=\"500\" height=\"257\" srcset=\"https:\/\/curva1.com.ar\/wp-content\/uploads\/2012\/11\/cafafets.jpg 500w, https:\/\/curva1.com.ar\/wp-content\/uploads\/2012\/11\/cafafets-300x154.jpg 300w\" sizes=\"auto, (max-width: 500px) 100vw, 500px\" \/><\/p>\n<p>TRV6.<\/p>\n","protected":false},"excerpt":{"rendered":"<p>Cronograma de actividades para la cita cuyana prevista para el 16, 17 y 18 de<\/p>\n","protected":false},"author":1,"featured_media":1911,"comment_status":"open","ping_status":"closed","sticky":false,"template":"","format":"standard","meta":{"footnotes":""},"categories":[6],"tags":[],"class_list":["post-1910","post","type-post","status-publish","format-standard","has-post-thumbnail","hentry","category-nacionales"],"featured_image_urls":{"full":["https:\/\/curva1.com.ar\/wp-content\/uploads\/2012\/11\/cafafts.jpg",500,267,false],"thumbnail":["https:\/\/curva1.com.ar\/wp-content\/uploads\/2012\/11\/cafafts-150x150.jpg",150,150,true],"medium":["https:\/\/curva1.com.ar\/wp-content\/uploads\/2012\/11\/cafafts-300x160.jpg",300,160,true],"medium_large":["https:\/\/curva1.com.ar\/wp-content\/uploads\/2012\/11\/cafafts.jpg",500,267,false],"large":["https:\/\/curva1.com.ar\/wp-content\/uploads\/2012\/11\/cafafts.jpg",500,267,false],"1536x1536":["https:\/\/curva1.com.ar\/wp-content\/uploads\/2012\/11\/cafafts.jpg",500,267,false],"2048x2048":["https:\/\/curva1.com.ar\/wp-content\/uploads\/2012\/11\/cafafts.jpg",500,267,false],"chromenews-featured":["https:\/\/curva1.com.ar\/wp-content\/uploads\/2012\/11\/cafafts.jpg",500,267,false],"chromenews-large":["https:\/\/curva1.com.ar\/wp-content\/uploads\/2012\/11\/cafafts.jpg",500,267,false],"chromenews-medium":["https:\/\/curva1.com.ar\/wp-content\/uploads\/2012\/11\/cafafts.jpg",500,267,false]},"author_info":{"display_name":"Jos\u00e9 Bravo","author_link":"https:\/\/curva1.com.ar\/?author=1"},"category_info":"<a href=\"https:\/\/curva1.com.ar\/?cat=6\" rel=\"category\">Nacionales<\/a>","tag_info":"Nacionales","comment_count":"0","_links":{"self":[{"href":"https:\/\/curva1.com.ar\/index.php?rest_route=\/wp\/v2\/posts\/1910","targetHints":{"allow":["GET"]}}],"collection":[{"href":"https:\/\/curva1.com.ar\/index.php?rest_route=\/wp\/v2\/posts"}],"about":[{"href":"https:\/\/curva1.com.ar\/index.php?rest_route=\/wp\/v2\/types\/post"}],"author":[{"embeddable":true,"href":"https:\/\/curva1.com.ar\/index.php?rest_route=\/wp\/v2\/users\/1"}],"replies":[{"embeddable":true,"href":"https:\/\/curva1.com.ar\/index.php?rest_route=%2Fwp%2Fv2%2Fcomments&post=1910"}],"version-history":[{"count":2,"href":"https:\/\/curva1.com.ar\/index.php?rest_route=\/wp\/v2\/posts\/1910\/revisions"}],"predecessor-version":[{"id":1915,"href":"https:\/\/curva1.com.ar\/index.php?rest_route=\/wp\/v2\/posts\/1910\/revisions\/1915"}],"wp:featuredmedia":[{"embeddable":true,"href":"https:\/\/curva1.com.ar\/index.php?rest_route=\/wp\/v2\/media\/1911"}],"wp:attachment":[{"href":"https:\/\/curva1.com.ar\/index.php?rest_route=%2Fwp%2Fv2%2Fmedia&parent=1910"}],"wp:term":[{"taxonomy":"category","embeddable":true,"href":"https:\/\/curva1.com.ar\/index.php?rest_route=%2Fwp%2Fv2%2Fcategories&post=1910"},{"taxonomy":"post_tag","embeddable":true,"href":"https:\/\/curva1.com.ar\/index.php?rest_route=%2Fwp%2Fv2%2Ftags&post=1910"}],"curies":[{"name":"wp","href":"https:\/\/api.w.org\/{rel}","templated":true}]}}