{"id":19289,"date":"2016-07-02T03:30:32","date_gmt":"2016-07-02T06:30:32","guid":{"rendered":"http:\/\/www.curva1.com.ar\/?p=19289"},"modified":"2016-07-02T03:30:32","modified_gmt":"2016-07-02T06:30:32","slug":"mas-debutantes-y-novedades-para-la-cuarta-del-karting-mendocino","status":"publish","type":"post","link":"https:\/\/curva1.com.ar\/?p=19289","title":{"rendered":"M\u00e1s debutantes y novedades para la cuarta del Karting Mendocino"},"content":{"rendered":"<p><img loading=\"lazy\" decoding=\"async\" class=\"aligncenter size-full wp-image-19290\" src=\"http:\/\/www.curva1.com.ar\/wp-content\/uploads\/2016\/07\/13528934_10210107498151808_8700510006874324291_n.jpg\" alt=\"13528934_10210107498151808_8700510006874324291_n\" width=\"700\" height=\"467\" srcset=\"https:\/\/curva1.com.ar\/wp-content\/uploads\/2016\/07\/13528934_10210107498151808_8700510006874324291_n.jpg 700w, https:\/\/curva1.com.ar\/wp-content\/uploads\/2016\/07\/13528934_10210107498151808_8700510006874324291_n-505x337.jpg 505w\" sizes=\"auto, (max-width: 700px) 100vw, 700px\" \/><\/p>\n<p>Siguen llegando noticias respecto a la carrera que se llevar\u00e1 a cabo este domingo en el Kart\u00f3dromo de San Mart\u00edn y v\u00e1lida por la 4\u00ba fecha del Campeonato Mendocino y Sanjuanino de Karting.<\/p>\n<p>Mira la nota completa en <a href=\"http:\/\/curva1kart.com.ar\/noticias\/?p=64943\" target=\"_blank\"><strong>www.curva1kart.com.ar<\/strong><\/a><\/p>\n","protected":false},"excerpt":{"rendered":"<p>Siguen llegando noticias respecto a la carrera que se llevar\u00e1 a cabo este domingo en<\/p>\n","protected":false},"author":1,"featured_media":19290,"comment_status":"closed","ping_status":"closed","sticky":false,"template":"","format":"standard","meta":{"footnotes":""},"categories":[4],"tags":[],"class_list":["post-19289","post","type-post","status-publish","format-standard","has-post-thumbnail","hentry","category-karting"],"featured_image_urls":{"full":["https:\/\/curva1.com.ar\/wp-content\/uploads\/2016\/07\/13528934_10210107498151808_8700510006874324291_n.jpg",700,467,false],"thumbnail":["https:\/\/curva1.com.ar\/wp-content\/uploads\/2016\/07\/13528934_10210107498151808_8700510006874324291_n-300x169.jpg",300,169,true],"medium":["https:\/\/curva1.com.ar\/wp-content\/uploads\/2016\/07\/13528934_10210107498151808_8700510006874324291_n-505x337.jpg",505,337,true],"medium_large":["https:\/\/curva1.com.ar\/wp-content\/uploads\/2016\/07\/13528934_10210107498151808_8700510006874324291_n.jpg",640,427,false],"large":["https:\/\/curva1.com.ar\/wp-content\/uploads\/2016\/07\/13528934_10210107498151808_8700510006874324291_n.jpg",640,427,false],"1536x1536":["https:\/\/curva1.com.ar\/wp-content\/uploads\/2016\/07\/13528934_10210107498151808_8700510006874324291_n.jpg",700,467,false],"2048x2048":["https:\/\/curva1.com.ar\/wp-content\/uploads\/2016\/07\/13528934_10210107498151808_8700510006874324291_n.jpg",700,467,false],"chromenews-featured":["https:\/\/curva1.com.ar\/wp-content\/uploads\/2016\/07\/13528934_10210107498151808_8700510006874324291_n.jpg",700,467,false],"chromenews-large":["https:\/\/curva1.com.ar\/wp-content\/uploads\/2016\/07\/13528934_10210107498151808_8700510006874324291_n.jpg",700,467,false],"chromenews-medium":["https:\/\/curva1.com.ar\/wp-content\/uploads\/2016\/07\/13528934_10210107498151808_8700510006874324291_n.jpg",590,394,false]},"author_info":{"display_name":"Jos\u00e9 Bravo","author_link":"https:\/\/curva1.com.ar\/?author=1"},"category_info":"<a href=\"https:\/\/curva1.com.ar\/?cat=4\" rel=\"category\">Karting Asfalto<\/a>","tag_info":"Karting Asfalto","comment_count":"0","yoast_head":"<!-- This site is optimized with the Yoast SEO Premium plugin v14.7 - https:\/\/yoast.com\/wordpress\/plugins\/seo\/ -->\n<title>M\u00e1s debutantes y novedades para la cuarta del Karting Mendocino - Curva 1<\/title>\n<meta name=\"robots\" content=\"index, follow\" \/>\n<meta name=\"googlebot\" content=\"index, follow, max-snippet:-1, max-image-preview:large, max-video-preview:-1\" \/>\n<meta name=\"bingbot\" content=\"index, follow, max-snippet:-1, max-image-preview:large, max-video-preview:-1\" \/>\n<link rel=\"canonical\" href=\"https:\/\/curva1.com.ar\/?p=19289\" \/>\n<meta property=\"og:locale\" content=\"en_US\" \/>\n<meta property=\"og:type\" content=\"article\" \/>\n<meta property=\"og:title\" content=\"M\u00e1s debutantes y novedades para la cuarta del Karting Mendocino - Curva 1\" \/>\n<meta property=\"og:description\" content=\"Siguen llegando noticias respecto a la carrera que se llevar\u00e1 a cabo este domingo en\" \/>\n<meta property=\"og:url\" content=\"https:\/\/curva1.com.ar\/?p=19289\" \/>\n<meta property=\"og:site_name\" content=\"Curva 1\" \/>\n<meta property=\"article:publisher\" content=\"https:\/\/www.facebook.com\/revistacurva1\/\" \/>\n<meta property=\"article:published_time\" content=\"2016-07-02T06:30:32+00:00\" \/>\n<meta property=\"og:image\" content=\"https:\/\/curva1.com.ar\/wp-content\/uploads\/2016\/07\/13528934_10210107498151808_8700510006874324291_n.jpg\" \/>\n\t<meta property=\"og:image:width\" content=\"700\" \/>\n\t<meta property=\"og:image:height\" content=\"467\" \/>\n<meta property=\"fb:app_id\" content=\"1593067817533208\" \/>\n<meta name=\"twitter:card\" content=\"summary_large_image\" \/>\n<meta name=\"twitter:creator\" content=\"@curva1mendoza\" \/>\n<meta name=\"twitter:site\" content=\"@curva1mendoza\" \/>\n<script type=\"application\/ld+json\" class=\"yoast-schema-graph\">{\"@context\":\"https:\/\/schema.org\",\"@graph\":[{\"@type\":\"WebSite\",\"@id\":\"https:\/\/curva1.com.ar\/#website\",\"url\":\"https:\/\/curva1.com.ar\/\",\"name\":\"Curva 1\",\"description\":\"Automovilismo de Mendoza\",\"potentialAction\":[{\"@type\":\"SearchAction\",\"target\":\"https:\/\/curva1.com.ar\/?s={search_term_string}\",\"query-input\":\"required name=search_term_string\"}],\"inLanguage\":\"en-US\"},{\"@type\":\"ImageObject\",\"@id\":\"https:\/\/curva1.com.ar\/?p=19289#primaryimage\",\"inLanguage\":\"en-US\",\"url\":\"https:\/\/curva1.com.ar\/wp-content\/uploads\/2016\/07\/13528934_10210107498151808_8700510006874324291_n.jpg\",\"width\":700,\"height\":467},{\"@type\":\"WebPage\",\"@id\":\"https:\/\/curva1.com.ar\/?p=19289#webpage\",\"url\":\"https:\/\/curva1.com.ar\/?p=19289\",\"name\":\"M\\u00e1s debutantes y novedades para la cuarta del Karting Mendocino - Curva 1\",\"isPartOf\":{\"@id\":\"https:\/\/curva1.com.ar\/#website\"},\"primaryImageOfPage\":{\"@id\":\"https:\/\/curva1.com.ar\/?p=19289#primaryimage\"},\"datePublished\":\"2016-07-02T06:30:32+00:00\",\"dateModified\":\"2016-07-02T06:30:32+00:00\",\"author\":{\"@id\":\"https:\/\/curva1.com.ar\/#\/schema\/person\/f5fd12984d70df7314fbd9ab42f31033\"},\"inLanguage\":\"en-US\",\"potentialAction\":[{\"@type\":\"ReadAction\",\"target\":[\"https:\/\/curva1.com.ar\/?p=19289\"]}]},{\"@type\":[\"Person\"],\"@id\":\"https:\/\/curva1.com.ar\/#\/schema\/person\/f5fd12984d70df7314fbd9ab42f31033\",\"name\":\"Jos\\u00e9 Bravo\",\"image\":{\"@type\":\"ImageObject\",\"@id\":\"https:\/\/curva1.com.ar\/#personlogo\",\"inLanguage\":\"en-US\",\"url\":\"https:\/\/secure.gravatar.com\/avatar\/3ae0b1fdc6ddeb723a6e6c23609ed39de1d40a94b8112fd2c0c2032e2dabf28b?s=96&d=identicon&r=g\",\"caption\":\"Jos\\u00e9 Bravo\"}}]}<\/script>\n<!-- \/ Yoast SEO Premium plugin. -->","_links":{"self":[{"href":"https:\/\/curva1.com.ar\/index.php?rest_route=\/wp\/v2\/posts\/19289","targetHints":{"allow":["GET"]}}],"collection":[{"href":"https:\/\/curva1.com.ar\/index.php?rest_route=\/wp\/v2\/posts"}],"about":[{"href":"https:\/\/curva1.com.ar\/index.php?rest_route=\/wp\/v2\/types\/post"}],"author":[{"embeddable":true,"href":"https:\/\/curva1.com.ar\/index.php?rest_route=\/wp\/v2\/users\/1"}],"replies":[{"embeddable":true,"href":"https:\/\/curva1.com.ar\/index.php?rest_route=%2Fwp%2Fv2%2Fcomments&post=19289"}],"version-history":[{"count":1,"href":"https:\/\/curva1.com.ar\/index.php?rest_route=\/wp\/v2\/posts\/19289\/revisions"}],"predecessor-version":[{"id":19291,"href":"https:\/\/curva1.com.ar\/index.php?rest_route=\/wp\/v2\/posts\/19289\/revisions\/19291"}],"wp:featuredmedia":[{"embeddable":true,"href":"https:\/\/curva1.com.ar\/index.php?rest_route=\/wp\/v2\/media\/19290"}],"wp:attachment":[{"href":"https:\/\/curva1.com.ar\/index.php?rest_route=%2Fwp%2Fv2%2Fmedia&parent=19289"}],"wp:term":[{"taxonomy":"category","embeddable":true,"href":"https:\/\/curva1.com.ar\/index.php?rest_route=%2Fwp%2Fv2%2Fcategories&post=19289"},{"taxonomy":"post_tag","embeddable":true,"href":"https:\/\/curva1.com.ar\/index.php?rest_route=%2Fwp%2Fv2%2Ftags&post=19289"}],"curies":[{"name":"wp","href":"https:\/\/api.w.org\/{rel}","templated":true}]}}