{"id":19292,"date":"2016-07-04T10:29:10","date_gmt":"2016-07-04T13:29:10","guid":{"rendered":"http:\/\/www.curva1.com.ar\/?p=19292"},"modified":"2016-07-04T10:30:23","modified_gmt":"2016-07-04T13:30:23","slug":"bernardo-llaver-gano-la-final-del-super-tc2000-en-obera","status":"publish","type":"post","link":"https:\/\/curva1.com.ar\/?p=19292","title":{"rendered":"Bernardo Llaver gan\u00f3 la final del S\u00faper TC2000 en Ober\u00e1"},"content":{"rendered":"<p><img loading=\"lazy\" decoding=\"async\" class=\"aligncenter size-full wp-image-19293\" src=\"http:\/\/www.curva1.com.ar\/wp-content\/uploads\/2016\/07\/57793c896d3da_980_.jpg\" alt=\"57793c896d3da_980_!\" width=\"980\" height=\"653\" srcset=\"https:\/\/curva1.com.ar\/wp-content\/uploads\/2016\/07\/57793c896d3da_980_.jpg 980w, https:\/\/curva1.com.ar\/wp-content\/uploads\/2016\/07\/57793c896d3da_980_-506x337.jpg 506w, https:\/\/curva1.com.ar\/wp-content\/uploads\/2016\/07\/57793c896d3da_980_-768x512.jpg 768w\" sizes=\"auto, (max-width: 980px) 100vw, 980px\" \/><\/p>\n<p>Bernardo Llaver, que volvi\u00f3 este a\u00f1o al S\u00faper TC2000, tuvo un fin de semana ideal y con un auto contundente alcanz\u00f3 su primera victoria de la temporada en Ober\u00e1, donde se disputo la sexta final. Jos\u00e9 Manuel Urcera finaliz\u00f3 segundo y Agust\u00edn Canapino completo el podio.<\/p>\n<p>La sexta final del a\u00f1o, que marc\u00f3 la mitad de la temporada del <b>S\u00faper TC2000<\/b>, se disputo este mediod\u00eda y el mendocino <b>Bernardo Llaver<\/b> a bordo de un Fiat Linea alistado por PSG-16 Team se llev\u00f3 el triunfo en el <b>Aut\u00f3dromo Ciudad de Ober\u00e1.<\/b><\/p>\n<p>Seis a\u00f1os tuvieron que pasar para que<b> Llaver<\/b> volviera a la victoria y aprovecho un toque entre <b>Agust\u00edn Canapino<\/b> y <b>Jos\u00e9 Manuel Urcera<\/b> para imponerse en el trazado misionero, donde logr\u00f3 su segunda victoria en 96 carreras en la categor\u00eda. Su anterior triunfo hab\u00eda sido en los <b>&#8220;200 km de Buenos Aires&#8221; <\/b>de 2010 con Toyota, marca que supo defender por varias temporadas.<\/p>\n<p><b>Urcera <\/b>mantuvo un intenso duelo con<b> Canapino<\/b> por varias vueltas y el rionegrino termin\u00f3 segundo en otra gran carrera, mientras que el arrecife\u00f1o de Chevrolet, que termin\u00f3 muy enojado, se tuvo que conformar con el \u00faltimo escal\u00f3n del podio. La cuarta ubicaci\u00f3n fue para <b>Mariano Werner <\/b>con el mejor Peugeot, escoltado por <b>Leonel Pern\u00eda<\/b>.<\/p>\n<p>Quien lidera el certamen, <b>Facundo Ardusso<\/b>, finaliz\u00f3 sexto con su Renault Fluence.<\/p>\n<p>La pr\u00f3xima fecha ser\u00e1 el 31 de julio en el <b>Aut\u00f3dromo Oscar y Juan G\u00e1lvez<\/b>, cuando se lleve a cabo una nueva edici\u00f3n de los <b>&#8220;200 km de Buenos Aires&#8221;<\/b>.<\/p>\n<p class=\"blue floatleft\"><b>STC2000 &#8211; Ober\u00e1 &#8211; Final<\/b><\/p>\n<table border=\"0\" width=\"515\" cellspacing=\"0\" cellpadding=\"0\">\n<colgroup>\n<col width=\"36\" \/>\n<col width=\"154\" \/>\n<col width=\"107\" \/>\n<col width=\"54\" \/>\n<col span=\"2\" width=\"82\" \/><\/colgroup>\n<tbody>\n<tr class=\"tableheader\">\n<td width=\"36\" height=\"20\"><b>POS.<\/b><\/td>\n<td width=\"154\"><b>NOMBRE<\/b><\/td>\n<td width=\"107\"><b>AUTO<\/b><\/td>\n<td width=\"54\"><b>VUELTAS<\/b><\/td>\n<td width=\"82\"><b>TIEMPO<\/b><\/td>\n<td width=\"82\"><b>DIF.<\/b><\/td>\n<\/tr>\n<tr>\n<td height=\"20\">1<\/td>\n<td>Bernardo Llaver<\/td>\n<td>Fiat Linea<\/td>\n<td>22<\/td>\n<td>00:45:05.403<\/td>\n<td>00.000<\/td>\n<\/tr>\n<tr>\n<td height=\"20\">2<\/td>\n<td>Jos\u00e9 Manuel Urcera<\/td>\n<td>Fiat Linea<\/td>\n<td>22<\/td>\n<td>00:45:10.85<\/td>\n<td>4.682<\/td>\n<\/tr>\n<tr>\n<td height=\"20\">3<\/td>\n<td>Agustin Canapino<\/td>\n<td>Chevrolet Cruze<\/td>\n<td>22<\/td>\n<td>00:45:10.299<\/td>\n<td>4.896<\/td>\n<\/tr>\n<tr>\n<td height=\"20\">4<\/td>\n<td>Mariano Werner<\/td>\n<td>Peugeot 408<\/td>\n<td>22<\/td>\n<td>00:45:16.149<\/td>\n<td>10.746<\/td>\n<\/tr>\n<tr>\n<td height=\"20\">5<\/td>\n<td>Leonel Pernia<\/td>\n<td>Renault Fluence<\/td>\n<td>22<\/td>\n<td>00:45:16.793<\/td>\n<td>11.390<\/td>\n<\/tr>\n<tr>\n<td height=\"20\">6<\/td>\n<td>Facundo Ardusso<\/td>\n<td>Renault Fluence<\/td>\n<td>22<\/td>\n<td>00:45:16.885<\/td>\n<td>11.482<\/td>\n<\/tr>\n<tr>\n<td height=\"20\">7<\/td>\n<td>Damian Fineschi<\/td>\n<td>Peugeot 408<\/td>\n<td>22<\/td>\n<td>00:45:21.502<\/td>\n<td>16.099<\/td>\n<\/tr>\n<tr>\n<td height=\"20\">8<\/td>\n<td>Facundo Chapur<\/td>\n<td>Peugeot 408<\/td>\n<td>22<\/td>\n<td>00:45:22.141<\/td>\n<td>16.738<\/td>\n<\/tr>\n<tr>\n<td height=\"20\">9<\/td>\n<td>Esteban Guerrieri<\/td>\n<td>Toyota Corolla<\/td>\n<td>22<\/td>\n<td>00:45:22.690<\/td>\n<td>17.287<\/td>\n<\/tr>\n<tr>\n<td height=\"20\">10<\/td>\n<td>Norberto Fontana<\/td>\n<td>Chevrolet Cruze<\/td>\n<td>22<\/td>\n<td>00:45:22.698<\/td>\n<td>17.295<\/td>\n<\/tr>\n<tr>\n<td height=\"20\">11<\/td>\n<td>Emiliano Spataro<\/td>\n<td>Renault Fluence<\/td>\n<td>22<\/td>\n<td>00:45:27.23<\/td>\n<td>21.620<\/td>\n<\/tr>\n<tr>\n<td height=\"20\">12<\/td>\n<td>Ignacio Juli\u00e1n<\/td>\n<td>Renault Fluence<\/td>\n<td>22<\/td>\n<td>00:45:28.34<\/td>\n<td>22.631<\/td>\n<\/tr>\n<tr>\n<td height=\"20\">13<\/td>\n<td>Manuel Mallo<\/td>\n<td>Chevrolet Cruze<\/td>\n<td>22<\/td>\n<td>00:45:30.184<\/td>\n<td>24.781<\/td>\n<\/tr>\n<tr>\n<td height=\"20\">14<\/td>\n<td>Matias Munoz Marchesi<\/td>\n<td>Chevrolet Cruze<\/td>\n<td>22<\/td>\n<td>00:45:35.100<\/td>\n<td>29.697<\/td>\n<\/tr>\n<tr>\n<td height=\"20\">15<\/td>\n<td>Luciano Farroni<\/td>\n<td>Peugeot 408<\/td>\n<td>22<\/td>\n<td>00:45:37.832<\/td>\n<td>32.429<\/td>\n<\/tr>\n<tr>\n<td height=\"20\">16<\/td>\n<td>Javier Manta<\/td>\n<td>Peugeot 408<\/td>\n<td>22<\/td>\n<td>00:46:06.442<\/td>\n<td>01:01:00.039<\/td>\n<\/tr>\n<tr>\n<td height=\"20\">17<\/td>\n<td>Rafael Morgenstern<\/td>\n<td>Toyota Corolla<\/td>\n<td>22<\/td>\n<td>00:46:07.567<\/td>\n<td>01:02:00.164<\/td>\n<\/tr>\n<tr>\n<td height=\"20\">18<\/td>\n<td>Lucas Benamo<\/td>\n<td>Peugeot 408<\/td>\n<td>21<\/td>\n<td>00:45:45.661<\/td>\n<td>1.000<\/td>\n<\/tr>\n<tr>\n<td height=\"20\">19<\/td>\n<td>Lucas Colombo Russell<\/td>\n<td>Peugeot 408<\/td>\n<td>20<\/td>\n<td>00:41:40.364<\/td>\n<td>2.000<\/td>\n<\/tr>\n<tr>\n<td height=\"20\">20<\/td>\n<td>Fabian Yannantuoni<\/td>\n<td>Peugeot 408<\/td>\n<td>20<\/td>\n<td>00:41:53.647<\/td>\n<td>2.000<\/td>\n<\/tr>\n<tr>\n<td height=\"20\">21<\/td>\n<td>Matias Rossi<\/td>\n<td>Toyota Corolla<\/td>\n<td>17<\/td>\n<td>00:36:25.409<\/td>\n<td>5.000<\/td>\n<\/tr>\n<tr>\n<td height=\"20\">22<\/td>\n<td>Christian Ledesma<\/td>\n<td>Renault Fluence<\/td>\n<td>13<\/td>\n<td>00:28:45.77<\/td>\n<td>9.000<\/td>\n<\/tr>\n<tr>\n<td height=\"20\">23<\/td>\n<td>Mat\u00edas Milla<\/td>\n<td>Toyota Corolla<\/td>\n<td>12<\/td>\n<td>00:27:16.990<\/td>\n<td>10.000<\/td>\n<\/tr>\n<tr>\n<td height=\"20\">24<\/td>\n<td>Carlos Javier Merlo<\/td>\n<td>Fiat Linea<\/td>\n<td>9<\/td>\n<td>00:21:32.628<\/td>\n<td>13.000<\/td>\n<\/tr>\n<tr>\n<td height=\"20\">25<\/td>\n<td>Germ\u00e1n Sirvent<\/td>\n<td>Renault Fluence<\/td>\n<td>4<\/td>\n<td>00:11:43.784<\/td>\n<td>18.000<\/td>\n<\/tr>\n<tr>\n<td height=\"20\">26<\/td>\n<td>Franco Riva<\/td>\n<td>Peugeot 408<\/td>\n<td>1<\/td>\n<td>5:59.728<\/td>\n<td>21.000<\/td>\n<\/tr>\n<tr>\n<td height=\"20\">27<\/td>\n<td>Facundo Conta<\/td>\n<td>Chevrolet Cruze<\/td>\n<td>0<\/td>\n<td>0:00.0<\/td>\n<td>00.000<\/td>\n<\/tr>\n<tr>\n<td height=\"20\">28<\/td>\n<td>Bruno Etman<\/td>\n<td>Fiat Linea<\/td>\n<td>0<\/td>\n<td>0:00.0<\/td>\n<td>00.000<\/td>\n<\/tr>\n<\/tbody>\n<\/table>\n","protected":false},"excerpt":{"rendered":"<p>Bernardo Llaver, que volvi\u00f3 este a\u00f1o al S\u00faper TC2000, tuvo un fin de semana ideal<\/p>\n","protected":false},"author":1,"featured_media":19293,"comment_status":"closed","ping_status":"closed","sticky":false,"template":"","format":"standard","meta":{"footnotes":""},"categories":[6],"tags":[],"class_list":["post-19292","post","type-post","status-publish","format-standard","has-post-thumbnail","hentry","category-nacionales"],"featured_image_urls":{"full":["https:\/\/curva1.com.ar\/wp-content\/uploads\/2016\/07\/57793c896d3da_980_.jpg",980,653,false],"thumbnail":["https:\/\/curva1.com.ar\/wp-content\/uploads\/2016\/07\/57793c896d3da_980_-300x169.jpg",300,169,true],"medium":["https:\/\/curva1.com.ar\/wp-content\/uploads\/2016\/07\/57793c896d3da_980_-506x337.jpg",506,337,true],"medium_large":["https:\/\/curva1.com.ar\/wp-content\/uploads\/2016\/07\/57793c896d3da_980_-768x512.jpg",640,427,true],"large":["https:\/\/curva1.com.ar\/wp-content\/uploads\/2016\/07\/57793c896d3da_980_.jpg",640,426,false],"1536x1536":["https:\/\/curva1.com.ar\/wp-content\/uploads\/2016\/07\/57793c896d3da_980_.jpg",980,653,false],"2048x2048":["https:\/\/curva1.com.ar\/wp-content\/uploads\/2016\/07\/57793c896d3da_980_.jpg",980,653,false],"chromenews-featured":["https:\/\/curva1.com.ar\/wp-content\/uploads\/2016\/07\/57793c896d3da_980_.jpg",980,653,false],"chromenews-large":["https:\/\/curva1.com.ar\/wp-content\/uploads\/2016\/07\/57793c896d3da_980_.jpg",825,550,false],"chromenews-medium":["https:\/\/curva1.com.ar\/wp-content\/uploads\/2016\/07\/57793c896d3da_980_.jpg",590,393,false]},"author_info":{"display_name":"Jos\u00e9 Bravo","author_link":"https:\/\/curva1.com.ar\/?author=1"},"category_info":"<a href=\"https:\/\/curva1.com.ar\/?cat=6\" rel=\"category\">Nacionales<\/a>","tag_info":"Nacionales","comment_count":"0","yoast_head":"<!-- This site is optimized with the Yoast SEO Premium plugin v14.7 - https:\/\/yoast.com\/wordpress\/plugins\/seo\/ -->\n<title>Bernardo Llaver gan\u00f3 la final del S\u00faper TC2000 en Ober\u00e1 - Curva 1<\/title>\n<meta name=\"robots\" content=\"index, follow\" \/>\n<meta name=\"googlebot\" content=\"index, follow, max-snippet:-1, max-image-preview:large, max-video-preview:-1\" \/>\n<meta name=\"bingbot\" content=\"index, follow, max-snippet:-1, max-image-preview:large, max-video-preview:-1\" \/>\n<link rel=\"canonical\" href=\"https:\/\/curva1.com.ar\/?p=19292\" \/>\n<meta property=\"og:locale\" content=\"en_US\" \/>\n<meta property=\"og:type\" content=\"article\" \/>\n<meta property=\"og:title\" content=\"Bernardo Llaver gan\u00f3 la final del S\u00faper TC2000 en Ober\u00e1 - Curva 1\" \/>\n<meta property=\"og:description\" content=\"Bernardo Llaver, que volvi\u00f3 este a\u00f1o al S\u00faper TC2000, tuvo un fin de semana ideal\" \/>\n<meta property=\"og:url\" content=\"https:\/\/curva1.com.ar\/?p=19292\" \/>\n<meta property=\"og:site_name\" content=\"Curva 1\" \/>\n<meta property=\"article:publisher\" content=\"https:\/\/www.facebook.com\/revistacurva1\/\" \/>\n<meta property=\"article:published_time\" content=\"2016-07-04T13:29:10+00:00\" \/>\n<meta property=\"article:modified_time\" content=\"2016-07-04T13:30:23+00:00\" \/>\n<meta property=\"og:image\" content=\"https:\/\/curva1.com.ar\/wp-content\/uploads\/2016\/07\/57793c896d3da_980_.jpg\" \/>\n\t<meta property=\"og:image:width\" content=\"980\" \/>\n\t<meta property=\"og:image:height\" content=\"653\" \/>\n<meta property=\"fb:app_id\" content=\"1593067817533208\" \/>\n<meta name=\"twitter:card\" content=\"summary_large_image\" \/>\n<meta name=\"twitter:creator\" content=\"@curva1mendoza\" \/>\n<meta name=\"twitter:site\" content=\"@curva1mendoza\" \/>\n<script type=\"application\/ld+json\" class=\"yoast-schema-graph\">{\"@context\":\"https:\/\/schema.org\",\"@graph\":[{\"@type\":\"WebSite\",\"@id\":\"https:\/\/curva1.com.ar\/#website\",\"url\":\"https:\/\/curva1.com.ar\/\",\"name\":\"Curva 1\",\"description\":\"Automovilismo de Mendoza\",\"potentialAction\":[{\"@type\":\"SearchAction\",\"target\":\"https:\/\/curva1.com.ar\/?s={search_term_string}\",\"query-input\":\"required name=search_term_string\"}],\"inLanguage\":\"en-US\"},{\"@type\":\"ImageObject\",\"@id\":\"https:\/\/curva1.com.ar\/?p=19292#primaryimage\",\"inLanguage\":\"en-US\",\"url\":\"https:\/\/curva1.com.ar\/wp-content\/uploads\/2016\/07\/57793c896d3da_980_.jpg\",\"width\":980,\"height\":653},{\"@type\":\"WebPage\",\"@id\":\"https:\/\/curva1.com.ar\/?p=19292#webpage\",\"url\":\"https:\/\/curva1.com.ar\/?p=19292\",\"name\":\"Bernardo Llaver gan\\u00f3 la final del S\\u00faper TC2000 en Ober\\u00e1 - Curva 1\",\"isPartOf\":{\"@id\":\"https:\/\/curva1.com.ar\/#website\"},\"primaryImageOfPage\":{\"@id\":\"https:\/\/curva1.com.ar\/?p=19292#primaryimage\"},\"datePublished\":\"2016-07-04T13:29:10+00:00\",\"dateModified\":\"2016-07-04T13:30:23+00:00\",\"author\":{\"@id\":\"https:\/\/curva1.com.ar\/#\/schema\/person\/f5fd12984d70df7314fbd9ab42f31033\"},\"inLanguage\":\"en-US\",\"potentialAction\":[{\"@type\":\"ReadAction\",\"target\":[\"https:\/\/curva1.com.ar\/?p=19292\"]}]},{\"@type\":[\"Person\"],\"@id\":\"https:\/\/curva1.com.ar\/#\/schema\/person\/f5fd12984d70df7314fbd9ab42f31033\",\"name\":\"Jos\\u00e9 Bravo\",\"image\":{\"@type\":\"ImageObject\",\"@id\":\"https:\/\/curva1.com.ar\/#personlogo\",\"inLanguage\":\"en-US\",\"url\":\"https:\/\/secure.gravatar.com\/avatar\/3ae0b1fdc6ddeb723a6e6c23609ed39de1d40a94b8112fd2c0c2032e2dabf28b?s=96&d=identicon&r=g\",\"caption\":\"Jos\\u00e9 Bravo\"}}]}<\/script>\n<!-- \/ Yoast SEO Premium plugin. -->","_links":{"self":[{"href":"https:\/\/curva1.com.ar\/index.php?rest_route=\/wp\/v2\/posts\/19292","targetHints":{"allow":["GET"]}}],"collection":[{"href":"https:\/\/curva1.com.ar\/index.php?rest_route=\/wp\/v2\/posts"}],"about":[{"href":"https:\/\/curva1.com.ar\/index.php?rest_route=\/wp\/v2\/types\/post"}],"author":[{"embeddable":true,"href":"https:\/\/curva1.com.ar\/index.php?rest_route=\/wp\/v2\/users\/1"}],"replies":[{"embeddable":true,"href":"https:\/\/curva1.com.ar\/index.php?rest_route=%2Fwp%2Fv2%2Fcomments&post=19292"}],"version-history":[{"count":2,"href":"https:\/\/curva1.com.ar\/index.php?rest_route=\/wp\/v2\/posts\/19292\/revisions"}],"predecessor-version":[{"id":19295,"href":"https:\/\/curva1.com.ar\/index.php?rest_route=\/wp\/v2\/posts\/19292\/revisions\/19295"}],"wp:featuredmedia":[{"embeddable":true,"href":"https:\/\/curva1.com.ar\/index.php?rest_route=\/wp\/v2\/media\/19293"}],"wp:attachment":[{"href":"https:\/\/curva1.com.ar\/index.php?rest_route=%2Fwp%2Fv2%2Fmedia&parent=19292"}],"wp:term":[{"taxonomy":"category","embeddable":true,"href":"https:\/\/curva1.com.ar\/index.php?rest_route=%2Fwp%2Fv2%2Fcategories&post=19292"},{"taxonomy":"post_tag","embeddable":true,"href":"https:\/\/curva1.com.ar\/index.php?rest_route=%2Fwp%2Fv2%2Ftags&post=19292"}],"curies":[{"name":"wp","href":"https:\/\/api.w.org\/{rel}","templated":true}]}}