{"id":19297,"date":"2016-07-16T22:02:46","date_gmt":"2016-07-17T01:02:46","guid":{"rendered":"http:\/\/www.curva1.com.ar\/?p=19297"},"modified":"2016-07-18T13:52:33","modified_gmt":"2016-07-18T16:52:33","slug":"sabado-de-pruebas-del-zonal-en-el-autodromo-de-san-martin","status":"publish","type":"post","link":"https:\/\/curva1.com.ar\/?p=19297","title":{"rendered":"S\u00e1bado de pruebas del Zonal en el Aut\u00f3dromo de San Mart\u00edn"},"content":{"rendered":"<figure id=\"attachment_19300\" aria-describedby=\"caption-attachment-19300\" style=\"width: 700px\" class=\"wp-caption aligncenter\"><img loading=\"lazy\" decoding=\"async\" class=\"size-full wp-image-19300\" src=\"http:\/\/www.curva1.com.ar\/wp-content\/uploads\/2016\/07\/IMG_20160716_162220966.jpg\" alt=\"FEDERICO INZIRILLO\" width=\"700\" height=\"394\" srcset=\"https:\/\/curva1.com.ar\/wp-content\/uploads\/2016\/07\/IMG_20160716_162220966.jpg 700w, https:\/\/curva1.com.ar\/wp-content\/uploads\/2016\/07\/IMG_20160716_162220966-300x169.jpg 300w, https:\/\/curva1.com.ar\/wp-content\/uploads\/2016\/07\/IMG_20160716_162220966-600x337.jpg 600w\" sizes=\"auto, (max-width: 700px) 100vw, 700px\" \/><figcaption id=\"caption-attachment-19300\" class=\"wp-caption-text\">FEDERICO INZIRILLO<\/figcaption><\/figure>\n<p>En la tarde de hoy varios sitios estuvieron girando en San Mart\u00edn, pensando en la pr\u00f3xima fecha del Zonal Cuyano prevista para el 6 y 7 de agosto.<\/p>\n<p>La cita tendr\u00e1 carrera especial en el Turismo Promocional 1.4 que tendr\u00e1 una competencia adicional con pilotos invitados y eso provoca que varios de los &#8220;invitados&#8221; deseen probarse la butaca.<\/p>\n<p>El puntano Juan Pablo Menchini giro en un Uno del team Vechetti y ser\u00e1 invitado de Estefania Hern\u00e1ndez.<\/p>\n<p>Jos\u00e9 Lloret prob\u00f3 su Uno amarillo y podr\u00eda regresar en la carrera que se avecina.<\/p>\n<p>Mart\u00edn Figueroa confirm\u00f3 su regreso al TP a bordo del 128 de Lauria. Abdo Girala ser\u00e1 su invitado.<\/p>\n<p>Inzirillo prob\u00f3 su auto y confirm\u00f3 a Pablo Paladini, actual monarca de la divisional.<\/p>\n<p>Tambi\u00e9n estuvo girando Ram\u00f3n L\u00f3pez, con su Fiat 600 de Tradicionales.<\/p>\n<p>En el Kartodromo, m\u00e1s de 15 pilotos estuvieron entrenando.<\/p>\n<p>FEDERICO INZIRILLO<\/p>\n<audio class=\"wp-audio-shortcode\" id=\"audio-19297-1\" preload=\"none\" style=\"width: 100%;\" controls=\"controls\"><source type=\"audio\/mpeg\" src=\"http:\/\/www.curva1.com.ar\/wp-content\/uploads\/2016\/07\/Inzirillo.mp3?_=1\" \/><a href=\"http:\/\/www.curva1.com.ar\/wp-content\/uploads\/2016\/07\/Inzirillo.mp3\">http:\/\/www.curva1.com.ar\/wp-content\/uploads\/2016\/07\/Inzirillo.mp3<\/a><\/audio>\n<p>.<\/p>\n<p><img loading=\"lazy\" decoding=\"async\" class=\"aligncenter size-full wp-image-19301\" src=\"http:\/\/www.curva1.com.ar\/wp-content\/uploads\/2016\/07\/IMG_20160716_161342756.jpg\" alt=\"IMG_20160716_161342756\" width=\"700\" height=\"394\" srcset=\"https:\/\/curva1.com.ar\/wp-content\/uploads\/2016\/07\/IMG_20160716_161342756.jpg 700w, https:\/\/curva1.com.ar\/wp-content\/uploads\/2016\/07\/IMG_20160716_161342756-300x169.jpg 300w, https:\/\/curva1.com.ar\/wp-content\/uploads\/2016\/07\/IMG_20160716_161342756-600x337.jpg 600w\" sizes=\"auto, (max-width: 700px) 100vw, 700px\" \/> <img loading=\"lazy\" decoding=\"async\" class=\"aligncenter size-full wp-image-19302\" src=\"http:\/\/www.curva1.com.ar\/wp-content\/uploads\/2016\/07\/IMG_20160716_161436471.jpg\" alt=\"IMG_20160716_161436471\" width=\"700\" height=\"394\" srcset=\"https:\/\/curva1.com.ar\/wp-content\/uploads\/2016\/07\/IMG_20160716_161436471.jpg 700w, https:\/\/curva1.com.ar\/wp-content\/uploads\/2016\/07\/IMG_20160716_161436471-300x169.jpg 300w, https:\/\/curva1.com.ar\/wp-content\/uploads\/2016\/07\/IMG_20160716_161436471-600x337.jpg 600w\" sizes=\"auto, (max-width: 700px) 100vw, 700px\" \/> <img loading=\"lazy\" decoding=\"async\" class=\"aligncenter size-full wp-image-19303\" src=\"http:\/\/www.curva1.com.ar\/wp-content\/uploads\/2016\/07\/IMG_20160716_162210266.jpg\" alt=\"IMG_20160716_162210266\" width=\"700\" height=\"394\" srcset=\"https:\/\/curva1.com.ar\/wp-content\/uploads\/2016\/07\/IMG_20160716_162210266.jpg 700w, https:\/\/curva1.com.ar\/wp-content\/uploads\/2016\/07\/IMG_20160716_162210266-300x169.jpg 300w, https:\/\/curva1.com.ar\/wp-content\/uploads\/2016\/07\/IMG_20160716_162210266-600x337.jpg 600w\" sizes=\"auto, (max-width: 700px) 100vw, 700px\" \/> <img loading=\"lazy\" decoding=\"async\" class=\"aligncenter size-full wp-image-19304\" src=\"http:\/\/www.curva1.com.ar\/wp-content\/uploads\/2016\/07\/IMG_20160716_162400344.jpg\" alt=\"IMG_20160716_162400344\" width=\"700\" height=\"394\" srcset=\"https:\/\/curva1.com.ar\/wp-content\/uploads\/2016\/07\/IMG_20160716_162400344.jpg 700w, https:\/\/curva1.com.ar\/wp-content\/uploads\/2016\/07\/IMG_20160716_162400344-300x169.jpg 300w, https:\/\/curva1.com.ar\/wp-content\/uploads\/2016\/07\/IMG_20160716_162400344-600x337.jpg 600w\" sizes=\"auto, (max-width: 700px) 100vw, 700px\" \/><\/p>\n","protected":false},"excerpt":{"rendered":"<p>En la tarde de hoy varios sitios estuvieron girando en San Mart\u00edn, pensando en la<\/p>\n","protected":false},"author":1,"featured_media":19303,"comment_status":"closed","ping_status":"closed","sticky":false,"template":"","format":"standard","meta":{"footnotes":""},"categories":[1],"tags":[],"class_list":["post-19297","post","type-post","status-publish","format-standard","has-post-thumbnail","hentry","category-zonal-cuyano"],"featured_image_urls":{"full":["https:\/\/curva1.com.ar\/wp-content\/uploads\/2016\/07\/IMG_20160716_162210266.jpg",700,394,false],"thumbnail":["https:\/\/curva1.com.ar\/wp-content\/uploads\/2016\/07\/IMG_20160716_162210266-300x169.jpg",300,169,true],"medium":["https:\/\/curva1.com.ar\/wp-content\/uploads\/2016\/07\/IMG_20160716_162210266-600x337.jpg",600,337,true],"medium_large":["https:\/\/curva1.com.ar\/wp-content\/uploads\/2016\/07\/IMG_20160716_162210266.jpg",640,360,false],"large":["https:\/\/curva1.com.ar\/wp-content\/uploads\/2016\/07\/IMG_20160716_162210266.jpg",640,360,false],"1536x1536":["https:\/\/curva1.com.ar\/wp-content\/uploads\/2016\/07\/IMG_20160716_162210266.jpg",700,394,false],"2048x2048":["https:\/\/curva1.com.ar\/wp-content\/uploads\/2016\/07\/IMG_20160716_162210266.jpg",700,394,false],"chromenews-featured":["https:\/\/curva1.com.ar\/wp-content\/uploads\/2016\/07\/IMG_20160716_162210266.jpg",700,394,false],"chromenews-large":["https:\/\/curva1.com.ar\/wp-content\/uploads\/2016\/07\/IMG_20160716_162210266.jpg",700,394,false],"chromenews-medium":["https:\/\/curva1.com.ar\/wp-content\/uploads\/2016\/07\/IMG_20160716_162210266.jpg",590,332,false]},"author_info":{"display_name":"Jos\u00e9 Bravo","author_link":"https:\/\/curva1.com.ar\/?author=1"},"category_info":"<a href=\"https:\/\/curva1.com.ar\/?cat=1\" rel=\"category\">Zonal Cuyano<\/a>","tag_info":"Zonal Cuyano","comment_count":"0","yoast_head":"<!-- This site is optimized with the Yoast SEO Premium plugin v14.7 - https:\/\/yoast.com\/wordpress\/plugins\/seo\/ -->\n<title>S\u00e1bado de pruebas del Zonal en el Aut\u00f3dromo de San Mart\u00edn - Curva 1<\/title>\n<meta name=\"robots\" content=\"index, follow\" \/>\n<meta name=\"googlebot\" content=\"index, follow, max-snippet:-1, max-image-preview:large, max-video-preview:-1\" \/>\n<meta name=\"bingbot\" content=\"index, follow, max-snippet:-1, max-image-preview:large, max-video-preview:-1\" \/>\n<link rel=\"canonical\" href=\"https:\/\/curva1.com.ar\/?p=19297\" \/>\n<meta property=\"og:locale\" content=\"en_US\" \/>\n<meta property=\"og:type\" content=\"article\" \/>\n<meta property=\"og:title\" content=\"S\u00e1bado de pruebas del Zonal en el Aut\u00f3dromo de San Mart\u00edn - Curva 1\" \/>\n<meta property=\"og:description\" content=\"En la tarde de hoy varios sitios estuvieron girando en San Mart\u00edn, pensando en la\" \/>\n<meta property=\"og:url\" content=\"https:\/\/curva1.com.ar\/?p=19297\" \/>\n<meta property=\"og:site_name\" content=\"Curva 1\" \/>\n<meta property=\"article:publisher\" content=\"https:\/\/www.facebook.com\/revistacurva1\/\" \/>\n<meta property=\"article:published_time\" content=\"2016-07-17T01:02:46+00:00\" \/>\n<meta property=\"article:modified_time\" content=\"2016-07-18T16:52:33+00:00\" \/>\n<meta property=\"og:image\" content=\"https:\/\/curva1.com.ar\/wp-content\/uploads\/2016\/07\/IMG_20160716_162210266.jpg\" \/>\n\t<meta property=\"og:image:width\" content=\"700\" \/>\n\t<meta property=\"og:image:height\" content=\"394\" \/>\n<meta property=\"fb:app_id\" content=\"1593067817533208\" \/>\n<meta name=\"twitter:card\" content=\"summary_large_image\" \/>\n<meta name=\"twitter:creator\" content=\"@curva1mendoza\" \/>\n<meta name=\"twitter:site\" content=\"@curva1mendoza\" \/>\n<script type=\"application\/ld+json\" class=\"yoast-schema-graph\">{\"@context\":\"https:\/\/schema.org\",\"@graph\":[{\"@type\":\"WebSite\",\"@id\":\"https:\/\/curva1.com.ar\/#website\",\"url\":\"https:\/\/curva1.com.ar\/\",\"name\":\"Curva 1\",\"description\":\"Automovilismo de Mendoza\",\"potentialAction\":[{\"@type\":\"SearchAction\",\"target\":\"https:\/\/curva1.com.ar\/?s={search_term_string}\",\"query-input\":\"required name=search_term_string\"}],\"inLanguage\":\"en-US\"},{\"@type\":\"ImageObject\",\"@id\":\"https:\/\/curva1.com.ar\/?p=19297#primaryimage\",\"inLanguage\":\"en-US\",\"url\":\"https:\/\/curva1.com.ar\/wp-content\/uploads\/2016\/07\/IMG_20160716_162210266.jpg\",\"width\":700,\"height\":394},{\"@type\":\"WebPage\",\"@id\":\"https:\/\/curva1.com.ar\/?p=19297#webpage\",\"url\":\"https:\/\/curva1.com.ar\/?p=19297\",\"name\":\"S\\u00e1bado de pruebas del Zonal en el Aut\\u00f3dromo de San Mart\\u00edn - Curva 1\",\"isPartOf\":{\"@id\":\"https:\/\/curva1.com.ar\/#website\"},\"primaryImageOfPage\":{\"@id\":\"https:\/\/curva1.com.ar\/?p=19297#primaryimage\"},\"datePublished\":\"2016-07-17T01:02:46+00:00\",\"dateModified\":\"2016-07-18T16:52:33+00:00\",\"author\":{\"@id\":\"https:\/\/curva1.com.ar\/#\/schema\/person\/f5fd12984d70df7314fbd9ab42f31033\"},\"inLanguage\":\"en-US\",\"potentialAction\":[{\"@type\":\"ReadAction\",\"target\":[\"https:\/\/curva1.com.ar\/?p=19297\"]}]},{\"@type\":[\"Person\"],\"@id\":\"https:\/\/curva1.com.ar\/#\/schema\/person\/f5fd12984d70df7314fbd9ab42f31033\",\"name\":\"Jos\\u00e9 Bravo\",\"image\":{\"@type\":\"ImageObject\",\"@id\":\"https:\/\/curva1.com.ar\/#personlogo\",\"inLanguage\":\"en-US\",\"url\":\"https:\/\/secure.gravatar.com\/avatar\/3ae0b1fdc6ddeb723a6e6c23609ed39de1d40a94b8112fd2c0c2032e2dabf28b?s=96&d=identicon&r=g\",\"caption\":\"Jos\\u00e9 Bravo\"}}]}<\/script>\n<!-- \/ Yoast SEO Premium plugin. -->","_links":{"self":[{"href":"https:\/\/curva1.com.ar\/index.php?rest_route=\/wp\/v2\/posts\/19297","targetHints":{"allow":["GET"]}}],"collection":[{"href":"https:\/\/curva1.com.ar\/index.php?rest_route=\/wp\/v2\/posts"}],"about":[{"href":"https:\/\/curva1.com.ar\/index.php?rest_route=\/wp\/v2\/types\/post"}],"author":[{"embeddable":true,"href":"https:\/\/curva1.com.ar\/index.php?rest_route=\/wp\/v2\/users\/1"}],"replies":[{"embeddable":true,"href":"https:\/\/curva1.com.ar\/index.php?rest_route=%2Fwp%2Fv2%2Fcomments&post=19297"}],"version-history":[{"count":6,"href":"https:\/\/curva1.com.ar\/index.php?rest_route=\/wp\/v2\/posts\/19297\/revisions"}],"predecessor-version":[{"id":19335,"href":"https:\/\/curva1.com.ar\/index.php?rest_route=\/wp\/v2\/posts\/19297\/revisions\/19335"}],"wp:featuredmedia":[{"embeddable":true,"href":"https:\/\/curva1.com.ar\/index.php?rest_route=\/wp\/v2\/media\/19303"}],"wp:attachment":[{"href":"https:\/\/curva1.com.ar\/index.php?rest_route=%2Fwp%2Fv2%2Fmedia&parent=19297"}],"wp:term":[{"taxonomy":"category","embeddable":true,"href":"https:\/\/curva1.com.ar\/index.php?rest_route=%2Fwp%2Fv2%2Fcategories&post=19297"},{"taxonomy":"post_tag","embeddable":true,"href":"https:\/\/curva1.com.ar\/index.php?rest_route=%2Fwp%2Fv2%2Ftags&post=19297"}],"curies":[{"name":"wp","href":"https:\/\/api.w.org\/{rel}","templated":true}]}}