{"id":19329,"date":"2016-07-18T13:40:57","date_gmt":"2016-07-18T16:40:57","guid":{"rendered":"http:\/\/www.curva1.com.ar\/?p=19329"},"modified":"2016-07-18T13:40:57","modified_gmt":"2016-07-18T16:40:57","slug":"vitar-abandono-en-el-turismo-nacional-cuando-peleaba-por-el-sexto-puesto","status":"publish","type":"post","link":"https:\/\/curva1.com.ar\/?p=19329","title":{"rendered":"Vitar abandon\u00f3 en el Turismo Nacional, cuando peleaba por el sexto puesto"},"content":{"rendered":"<p><img loading=\"lazy\" decoding=\"async\" class=\"aligncenter size-full wp-image-19330\" src=\"http:\/\/www.curva1.com.ar\/wp-content\/uploads\/2016\/07\/DSC_4451.jpg\" alt=\"DSC_4451\" width=\"1024\" height=\"686\" srcset=\"https:\/\/curva1.com.ar\/wp-content\/uploads\/2016\/07\/DSC_4451.jpg 1024w, https:\/\/curva1.com.ar\/wp-content\/uploads\/2016\/07\/DSC_4451-503x337.jpg 503w, https:\/\/curva1.com.ar\/wp-content\/uploads\/2016\/07\/DSC_4451-768x515.jpg 768w\" sizes=\"auto, (max-width: 1024px) 100vw, 1024px\" \/><\/p>\n<p>Cuando la suerte te es esquiva, no queda otra que seguir trabajando. As\u00ed es como piensa Jorge Vitar, quien luego de venir cerrando una muy buena final del Turismo Nacional en Posadas, tuvo que abandonar por roturas en su Chevrolet Corsa.<\/p>\n<p>El mendocino hab\u00eda clasificado 18\u00ba el s\u00e1bado y luego se hab\u00eda posicionado 6\u00ba en la serie, sumando puntos para el certamen de la Clase 2.<\/p>\n<p>Parti\u00f3 desde el d\u00e9cimo sexto lugar en la final y pudo ir superando escollos. Un incidente entre Nicol\u00e1s Posco e Iv\u00e1n Alberoni hirieron el Corsa en la trompa. <strong>&#8220;Luego de ese refriegue, la alineaci\u00f3n se resinti\u00f3 y el auto no fue el mismo, pero igual pudimos seguir avanzando&#8221;<\/strong> explic\u00f3 Vitar luego de la carrera.<\/p>\n<p>Vueltas m\u00e1s adelante, aprovech\u00f3 un par de despistes y logr\u00f3 superar a Federico Alonso y Pedro Boero, hasta que faltando seis giros para concluir la prueba y peleando por la sexta posici\u00f3n, abandon\u00f3.<\/p>\n<p><strong>&#8220;Fue una l\u00e1stima como terminamos el fin de semana. Pudimos remontar siempre. Primero en la serie y luego en la final. Estuvimos peleando con Boero y se pudo hacer una linda maniobra, pero luego de eso se me rompi\u00f3 la parilla de suspensi\u00f3n y no qued\u00f3 otra que dejar la carrera. Nos vamos un poco tristes por el abandono, pero conformes porque tenemos un auto competitivo y volvimos a estar peleando posiciones cerca de la punta. En carrera superamos a Boero, que luego termin\u00f3 en el podio y nosotros no pudimos llegar, a pesar del bueno ritmo que ten\u00edamos&#8221;<\/strong> destac\u00f3 Jorge Vitar que con su deserci\u00f3n qued\u00f3 en el puesto 20\u00ba del clasificador.<\/p>\n<p>La carrera fue ganada por Nahuel Cordone (Fiat Palio), mientras que el l\u00edder del certamen es Alfonso Domenech. Vitar se ubica 22\u00ba en el campeonato, a 142 unidades de la punta.<\/p>\n<p>La pr\u00f3xima competencia del Turismo Nacional est\u00e1 programada para el 6 y 7 de agosto en el Aut\u00f3dromo Internacional de Termas de R\u00edo Hondo, en la provincia de Santiago del Estero.<\/p>\n<div class=\"text_exposed_show\">\n<p><img loading=\"lazy\" decoding=\"async\" class=\"aligncenter size-full wp-image-2581\" src=\"http:\/\/jorgevitar.com.ar\/wp-content\/uploads\/2016\/07\/DSC_7279.jpg\" alt=\"DSC_7279\" width=\"1024\" height=\"680\" \/> <img loading=\"lazy\" decoding=\"async\" class=\"aligncenter size-full wp-image-2582\" src=\"http:\/\/jorgevitar.com.ar\/wp-content\/uploads\/2016\/07\/DSC_7323.jpg\" alt=\"DSC_7323\" width=\"1024\" height=\"680\" \/> <img loading=\"lazy\" decoding=\"async\" class=\"aligncenter size-full wp-image-2583\" src=\"http:\/\/jorgevitar.com.ar\/wp-content\/uploads\/2016\/07\/DSC_7627.jpg\" alt=\"DSC_7627\" width=\"1024\" height=\"680\" \/> <img loading=\"lazy\" decoding=\"async\" class=\"aligncenter size-full wp-image-2584\" src=\"http:\/\/jorgevitar.com.ar\/wp-content\/uploads\/2016\/07\/DSC_7808.jpg\" alt=\"DSC_7808\" width=\"1024\" height=\"680\" \/><\/p>\n<\/div>\n","protected":false},"excerpt":{"rendered":"<p>Cuando la suerte te es esquiva, no queda otra que seguir trabajando. As\u00ed es como<\/p>\n","protected":false},"author":1,"featured_media":19330,"comment_status":"closed","ping_status":"closed","sticky":false,"template":"","format":"standard","meta":{"footnotes":""},"categories":[6],"tags":[],"class_list":["post-19329","post","type-post","status-publish","format-standard","has-post-thumbnail","hentry","category-nacionales"],"featured_image_urls":{"full":["https:\/\/curva1.com.ar\/wp-content\/uploads\/2016\/07\/DSC_4451.jpg",1024,686,false],"thumbnail":["https:\/\/curva1.com.ar\/wp-content\/uploads\/2016\/07\/DSC_4451-300x169.jpg",300,169,true],"medium":["https:\/\/curva1.com.ar\/wp-content\/uploads\/2016\/07\/DSC_4451-503x337.jpg",503,337,true],"medium_large":["https:\/\/curva1.com.ar\/wp-content\/uploads\/2016\/07\/DSC_4451-768x515.jpg",640,429,true],"large":["https:\/\/curva1.com.ar\/wp-content\/uploads\/2016\/07\/DSC_4451-1024x686.jpg",640,429,true],"1536x1536":["https:\/\/curva1.com.ar\/wp-content\/uploads\/2016\/07\/DSC_4451.jpg",1024,686,false],"2048x2048":["https:\/\/curva1.com.ar\/wp-content\/uploads\/2016\/07\/DSC_4451.jpg",1024,686,false],"chromenews-featured":["https:\/\/curva1.com.ar\/wp-content\/uploads\/2016\/07\/DSC_4451.jpg",1024,686,false],"chromenews-large":["https:\/\/curva1.com.ar\/wp-content\/uploads\/2016\/07\/DSC_4451.jpg",825,553,false],"chromenews-medium":["https:\/\/curva1.com.ar\/wp-content\/uploads\/2016\/07\/DSC_4451.jpg",590,395,false]},"author_info":{"display_name":"Jos\u00e9 Bravo","author_link":"https:\/\/curva1.com.ar\/?author=1"},"category_info":"<a href=\"https:\/\/curva1.com.ar\/?cat=6\" rel=\"category\">Nacionales<\/a>","tag_info":"Nacionales","comment_count":"0","yoast_head":"<!-- This site is optimized with the Yoast SEO Premium plugin v14.7 - https:\/\/yoast.com\/wordpress\/plugins\/seo\/ -->\n<title>Vitar abandon\u00f3 en el Turismo Nacional, cuando peleaba por el sexto puesto - Curva 1<\/title>\n<meta name=\"robots\" content=\"index, follow\" \/>\n<meta name=\"googlebot\" content=\"index, follow, max-snippet:-1, max-image-preview:large, max-video-preview:-1\" \/>\n<meta name=\"bingbot\" content=\"index, follow, max-snippet:-1, max-image-preview:large, max-video-preview:-1\" \/>\n<link rel=\"canonical\" href=\"https:\/\/curva1.com.ar\/?p=19329\" \/>\n<meta property=\"og:locale\" content=\"en_US\" \/>\n<meta property=\"og:type\" content=\"article\" \/>\n<meta property=\"og:title\" content=\"Vitar abandon\u00f3 en el Turismo Nacional, cuando peleaba por el sexto puesto - Curva 1\" \/>\n<meta property=\"og:description\" content=\"Cuando la suerte te es esquiva, no queda otra que seguir trabajando. As\u00ed es como\" \/>\n<meta property=\"og:url\" content=\"https:\/\/curva1.com.ar\/?p=19329\" \/>\n<meta property=\"og:site_name\" content=\"Curva 1\" \/>\n<meta property=\"article:publisher\" content=\"https:\/\/www.facebook.com\/revistacurva1\/\" \/>\n<meta property=\"article:published_time\" content=\"2016-07-18T16:40:57+00:00\" \/>\n<meta property=\"og:image\" content=\"https:\/\/curva1.com.ar\/wp-content\/uploads\/2016\/07\/DSC_4451.jpg\" \/>\n\t<meta property=\"og:image:width\" content=\"1024\" \/>\n\t<meta property=\"og:image:height\" content=\"686\" \/>\n<meta property=\"fb:app_id\" content=\"1593067817533208\" \/>\n<meta name=\"twitter:card\" content=\"summary_large_image\" \/>\n<meta name=\"twitter:creator\" content=\"@curva1mendoza\" \/>\n<meta name=\"twitter:site\" content=\"@curva1mendoza\" \/>\n<script type=\"application\/ld+json\" class=\"yoast-schema-graph\">{\"@context\":\"https:\/\/schema.org\",\"@graph\":[{\"@type\":\"WebSite\",\"@id\":\"https:\/\/curva1.com.ar\/#website\",\"url\":\"https:\/\/curva1.com.ar\/\",\"name\":\"Curva 1\",\"description\":\"Automovilismo de Mendoza\",\"potentialAction\":[{\"@type\":\"SearchAction\",\"target\":\"https:\/\/curva1.com.ar\/?s={search_term_string}\",\"query-input\":\"required name=search_term_string\"}],\"inLanguage\":\"en-US\"},{\"@type\":\"ImageObject\",\"@id\":\"https:\/\/curva1.com.ar\/?p=19329#primaryimage\",\"inLanguage\":\"en-US\",\"url\":\"https:\/\/curva1.com.ar\/wp-content\/uploads\/2016\/07\/DSC_4451.jpg\",\"width\":1024,\"height\":686},{\"@type\":\"WebPage\",\"@id\":\"https:\/\/curva1.com.ar\/?p=19329#webpage\",\"url\":\"https:\/\/curva1.com.ar\/?p=19329\",\"name\":\"Vitar abandon\\u00f3 en el Turismo Nacional, cuando peleaba por el sexto puesto - Curva 1\",\"isPartOf\":{\"@id\":\"https:\/\/curva1.com.ar\/#website\"},\"primaryImageOfPage\":{\"@id\":\"https:\/\/curva1.com.ar\/?p=19329#primaryimage\"},\"datePublished\":\"2016-07-18T16:40:57+00:00\",\"dateModified\":\"2016-07-18T16:40:57+00:00\",\"author\":{\"@id\":\"https:\/\/curva1.com.ar\/#\/schema\/person\/f5fd12984d70df7314fbd9ab42f31033\"},\"inLanguage\":\"en-US\",\"potentialAction\":[{\"@type\":\"ReadAction\",\"target\":[\"https:\/\/curva1.com.ar\/?p=19329\"]}]},{\"@type\":[\"Person\"],\"@id\":\"https:\/\/curva1.com.ar\/#\/schema\/person\/f5fd12984d70df7314fbd9ab42f31033\",\"name\":\"Jos\\u00e9 Bravo\",\"image\":{\"@type\":\"ImageObject\",\"@id\":\"https:\/\/curva1.com.ar\/#personlogo\",\"inLanguage\":\"en-US\",\"url\":\"https:\/\/secure.gravatar.com\/avatar\/3ae0b1fdc6ddeb723a6e6c23609ed39de1d40a94b8112fd2c0c2032e2dabf28b?s=96&d=identicon&r=g\",\"caption\":\"Jos\\u00e9 Bravo\"}}]}<\/script>\n<!-- \/ Yoast SEO Premium plugin. -->","_links":{"self":[{"href":"https:\/\/curva1.com.ar\/index.php?rest_route=\/wp\/v2\/posts\/19329","targetHints":{"allow":["GET"]}}],"collection":[{"href":"https:\/\/curva1.com.ar\/index.php?rest_route=\/wp\/v2\/posts"}],"about":[{"href":"https:\/\/curva1.com.ar\/index.php?rest_route=\/wp\/v2\/types\/post"}],"author":[{"embeddable":true,"href":"https:\/\/curva1.com.ar\/index.php?rest_route=\/wp\/v2\/users\/1"}],"replies":[{"embeddable":true,"href":"https:\/\/curva1.com.ar\/index.php?rest_route=%2Fwp%2Fv2%2Fcomments&post=19329"}],"version-history":[{"count":1,"href":"https:\/\/curva1.com.ar\/index.php?rest_route=\/wp\/v2\/posts\/19329\/revisions"}],"predecessor-version":[{"id":19331,"href":"https:\/\/curva1.com.ar\/index.php?rest_route=\/wp\/v2\/posts\/19329\/revisions\/19331"}],"wp:featuredmedia":[{"embeddable":true,"href":"https:\/\/curva1.com.ar\/index.php?rest_route=\/wp\/v2\/media\/19330"}],"wp:attachment":[{"href":"https:\/\/curva1.com.ar\/index.php?rest_route=%2Fwp%2Fv2%2Fmedia&parent=19329"}],"wp:term":[{"taxonomy":"category","embeddable":true,"href":"https:\/\/curva1.com.ar\/index.php?rest_route=%2Fwp%2Fv2%2Fcategories&post=19329"},{"taxonomy":"post_tag","embeddable":true,"href":"https:\/\/curva1.com.ar\/index.php?rest_route=%2Fwp%2Fv2%2Ftags&post=19329"}],"curies":[{"name":"wp","href":"https:\/\/api.w.org\/{rel}","templated":true}]}}