{"id":19332,"date":"2016-07-18T10:42:38","date_gmt":"2016-07-18T13:42:38","guid":{"rendered":"http:\/\/www.curva1.com.ar\/?p=19332"},"modified":"2016-07-18T13:45:59","modified_gmt":"2016-07-18T16:45:59","slug":"santero-para-no-romper-decidio-abandonar-la-carrera","status":"publish","type":"post","link":"https:\/\/curva1.com.ar\/?p=19332","title":{"rendered":"Santero para no romper, decidi\u00f3 abandonar la carrera"},"content":{"rendered":"<p><img loading=\"lazy\" decoding=\"async\" class=\"aligncenter size-full wp-image-19333\" src=\"http:\/\/www.curva1.com.ar\/wp-content\/uploads\/2016\/07\/0017551631.jpg\" alt=\"0017551631\" width=\"642\" height=\"359\" srcset=\"https:\/\/curva1.com.ar\/wp-content\/uploads\/2016\/07\/0017551631.jpg 642w, https:\/\/curva1.com.ar\/wp-content\/uploads\/2016\/07\/0017551631-300x169.jpg 300w, https:\/\/curva1.com.ar\/wp-content\/uploads\/2016\/07\/0017551631-600x337.jpg 600w\" sizes=\"auto, (max-width: 642px) 100vw, 642px\" \/><\/p>\n<p>Juli\u00e1n Santero tuvo un domingo muy dif\u00edcil. Fue sancionado en la serie y luego decidi\u00f3 abandonar la final para no exponer a una rotura el motor de su Cruze.<\/p>\n<p>El mendocino Juli\u00e1n Santero no pudo redondear todo lo bueno realizado el s\u00e1bado en la actividad dominguera del Turismo Nacional en Misiones. Si bien arrib\u00f3 segundo en su serie, por detr\u00e1s de Leonel Pern\u00eda, un recargo por falsa largada lo releg\u00f3 al cuarto lugar del parcial y entonces la planificaci\u00f3n para la final se tuvo que cambiar.<\/p>\n<p>Parti\u00f3 desde el d\u00e9cimo lugar y a pocas vueltas de iniciada la competencia el Chevrolet Cruze del Nico Kern Competici\u00f3n cay\u00f3 en rendimiento y el mendocino comenz\u00f3 a perder posiciones. De d\u00e9cimo pas\u00f3 a estar vig\u00e9simo y fue ah\u00ed cuando decidi\u00f3 guardarse en boxes ya que el motor estaba al l\u00edmite y prefiri\u00f3 no da\u00f1ar de m\u00e1s el auto.<\/p>\n<p><strong>&#8220;Fue un domingo que comenz\u00f3 positivo pero se termin\u00f3 complicando. En la serie tuve una linda lucha con Pern\u00eda y si bien no pude superarlo, hab\u00eda quedado con buenas expectativas para la final. Sin embargo lleg\u00f3 el recargo y eso nos releg\u00f3 en la grilla de la final&#8221;<\/strong>, afirm\u00f3 Santero, quien desde la pr\u00f3xima fecha contar\u00e1 con un Cruze cero kil\u00f3metro.<\/p>\n<p><strong>&#8220;Despu\u00e9s el auto cay\u00f3 mucho en rendimiento, el motor estaba a punto de romperse y par\u00e9 para no entrar en roces innecesarios que puedan da\u00f1ar a\u00fan m\u00e1s el auto. Una l\u00e1stima, era una linda chance para sumar puntos pero no se dio, as\u00ed que ahora hay que enfocarse en lo que viene y seguir adelante&#8221;,<\/strong> agreg\u00f3 amargado Santero que tras la cita en Posadas qued\u00f3 13\u00ba en el certamen de la Clase 3.<\/p>\n<p>Lo que viene para el de Guaymall\u00e9n ser\u00e1 su participaci\u00f3n en los 200 kil\u00f3metros de Buenos Aires de S\u00faper TC2000 donde compartir\u00e1 el Renault Fluence con Leonel Pern\u00eda. La cita ser\u00e1 el 30 y 31 de julio en el G\u00e1lvez y, como preparaci\u00f3n, viajar\u00e1 ma\u00f1ana a C\u00f3rdoba para reunirse con el equipo y planificar la prueba que se realizar\u00e1 el mi\u00e9rcoles en el aut\u00f3dromo Oscar Cabal\u00e9n de Alta Gracia.<\/p>\n<p>Diario Uno.<\/p>\n","protected":false},"excerpt":{"rendered":"<p>Juli\u00e1n Santero tuvo un domingo muy dif\u00edcil. Fue sancionado en la serie y luego decidi\u00f3<\/p>\n","protected":false},"author":1,"featured_media":19333,"comment_status":"closed","ping_status":"closed","sticky":false,"template":"","format":"standard","meta":{"footnotes":""},"categories":[6],"tags":[],"class_list":["post-19332","post","type-post","status-publish","format-standard","has-post-thumbnail","hentry","category-nacionales"],"featured_image_urls":{"full":["https:\/\/curva1.com.ar\/wp-content\/uploads\/2016\/07\/0017551631.jpg",642,359,false],"thumbnail":["https:\/\/curva1.com.ar\/wp-content\/uploads\/2016\/07\/0017551631-300x169.jpg",300,169,true],"medium":["https:\/\/curva1.com.ar\/wp-content\/uploads\/2016\/07\/0017551631-600x337.jpg",600,337,true],"medium_large":["https:\/\/curva1.com.ar\/wp-content\/uploads\/2016\/07\/0017551631.jpg",640,358,false],"large":["https:\/\/curva1.com.ar\/wp-content\/uploads\/2016\/07\/0017551631.jpg",640,358,false],"1536x1536":["https:\/\/curva1.com.ar\/wp-content\/uploads\/2016\/07\/0017551631.jpg",642,359,false],"2048x2048":["https:\/\/curva1.com.ar\/wp-content\/uploads\/2016\/07\/0017551631.jpg",642,359,false],"chromenews-featured":["https:\/\/curva1.com.ar\/wp-content\/uploads\/2016\/07\/0017551631.jpg",642,359,false],"chromenews-large":["https:\/\/curva1.com.ar\/wp-content\/uploads\/2016\/07\/0017551631.jpg",642,359,false],"chromenews-medium":["https:\/\/curva1.com.ar\/wp-content\/uploads\/2016\/07\/0017551631.jpg",590,330,false]},"author_info":{"display_name":"Jos\u00e9 Bravo","author_link":"https:\/\/curva1.com.ar\/?author=1"},"category_info":"<a href=\"https:\/\/curva1.com.ar\/?cat=6\" rel=\"category\">Nacionales<\/a>","tag_info":"Nacionales","comment_count":"0","yoast_head":"<!-- This site is optimized with the Yoast SEO Premium plugin v14.7 - https:\/\/yoast.com\/wordpress\/plugins\/seo\/ -->\n<title>Santero para no romper, decidi\u00f3 abandonar la carrera - Curva 1<\/title>\n<meta name=\"robots\" content=\"index, follow\" \/>\n<meta name=\"googlebot\" content=\"index, follow, max-snippet:-1, max-image-preview:large, max-video-preview:-1\" \/>\n<meta name=\"bingbot\" content=\"index, follow, max-snippet:-1, max-image-preview:large, max-video-preview:-1\" \/>\n<link rel=\"canonical\" href=\"https:\/\/curva1.com.ar\/?p=19332\" \/>\n<meta property=\"og:locale\" content=\"en_US\" \/>\n<meta property=\"og:type\" content=\"article\" \/>\n<meta property=\"og:title\" content=\"Santero para no romper, decidi\u00f3 abandonar la carrera - Curva 1\" \/>\n<meta property=\"og:description\" content=\"Juli\u00e1n Santero tuvo un domingo muy dif\u00edcil. Fue sancionado en la serie y luego decidi\u00f3\" \/>\n<meta property=\"og:url\" content=\"https:\/\/curva1.com.ar\/?p=19332\" \/>\n<meta property=\"og:site_name\" content=\"Curva 1\" \/>\n<meta property=\"article:publisher\" content=\"https:\/\/www.facebook.com\/revistacurva1\/\" \/>\n<meta property=\"article:published_time\" content=\"2016-07-18T13:42:38+00:00\" \/>\n<meta property=\"article:modified_time\" content=\"2016-07-18T16:45:59+00:00\" \/>\n<meta property=\"og:image\" content=\"https:\/\/curva1.com.ar\/wp-content\/uploads\/2016\/07\/0017551631.jpg\" \/>\n\t<meta property=\"og:image:width\" content=\"642\" \/>\n\t<meta property=\"og:image:height\" content=\"359\" \/>\n<meta property=\"fb:app_id\" content=\"1593067817533208\" \/>\n<meta name=\"twitter:card\" content=\"summary_large_image\" \/>\n<meta name=\"twitter:creator\" content=\"@curva1mendoza\" \/>\n<meta name=\"twitter:site\" content=\"@curva1mendoza\" \/>\n<script type=\"application\/ld+json\" class=\"yoast-schema-graph\">{\"@context\":\"https:\/\/schema.org\",\"@graph\":[{\"@type\":\"WebSite\",\"@id\":\"https:\/\/curva1.com.ar\/#website\",\"url\":\"https:\/\/curva1.com.ar\/\",\"name\":\"Curva 1\",\"description\":\"Automovilismo de Mendoza\",\"potentialAction\":[{\"@type\":\"SearchAction\",\"target\":\"https:\/\/curva1.com.ar\/?s={search_term_string}\",\"query-input\":\"required name=search_term_string\"}],\"inLanguage\":\"en-US\"},{\"@type\":\"ImageObject\",\"@id\":\"https:\/\/curva1.com.ar\/?p=19332#primaryimage\",\"inLanguage\":\"en-US\",\"url\":\"https:\/\/curva1.com.ar\/wp-content\/uploads\/2016\/07\/0017551631.jpg\",\"width\":642,\"height\":359},{\"@type\":\"WebPage\",\"@id\":\"https:\/\/curva1.com.ar\/?p=19332#webpage\",\"url\":\"https:\/\/curva1.com.ar\/?p=19332\",\"name\":\"Santero para no romper, decidi\\u00f3 abandonar la carrera - Curva 1\",\"isPartOf\":{\"@id\":\"https:\/\/curva1.com.ar\/#website\"},\"primaryImageOfPage\":{\"@id\":\"https:\/\/curva1.com.ar\/?p=19332#primaryimage\"},\"datePublished\":\"2016-07-18T13:42:38+00:00\",\"dateModified\":\"2016-07-18T16:45:59+00:00\",\"author\":{\"@id\":\"https:\/\/curva1.com.ar\/#\/schema\/person\/f5fd12984d70df7314fbd9ab42f31033\"},\"inLanguage\":\"en-US\",\"potentialAction\":[{\"@type\":\"ReadAction\",\"target\":[\"https:\/\/curva1.com.ar\/?p=19332\"]}]},{\"@type\":[\"Person\"],\"@id\":\"https:\/\/curva1.com.ar\/#\/schema\/person\/f5fd12984d70df7314fbd9ab42f31033\",\"name\":\"Jos\\u00e9 Bravo\",\"image\":{\"@type\":\"ImageObject\",\"@id\":\"https:\/\/curva1.com.ar\/#personlogo\",\"inLanguage\":\"en-US\",\"url\":\"https:\/\/secure.gravatar.com\/avatar\/3ae0b1fdc6ddeb723a6e6c23609ed39de1d40a94b8112fd2c0c2032e2dabf28b?s=96&d=identicon&r=g\",\"caption\":\"Jos\\u00e9 Bravo\"}}]}<\/script>\n<!-- \/ Yoast SEO Premium plugin. -->","_links":{"self":[{"href":"https:\/\/curva1.com.ar\/index.php?rest_route=\/wp\/v2\/posts\/19332","targetHints":{"allow":["GET"]}}],"collection":[{"href":"https:\/\/curva1.com.ar\/index.php?rest_route=\/wp\/v2\/posts"}],"about":[{"href":"https:\/\/curva1.com.ar\/index.php?rest_route=\/wp\/v2\/types\/post"}],"author":[{"embeddable":true,"href":"https:\/\/curva1.com.ar\/index.php?rest_route=\/wp\/v2\/users\/1"}],"replies":[{"embeddable":true,"href":"https:\/\/curva1.com.ar\/index.php?rest_route=%2Fwp%2Fv2%2Fcomments&post=19332"}],"version-history":[{"count":1,"href":"https:\/\/curva1.com.ar\/index.php?rest_route=\/wp\/v2\/posts\/19332\/revisions"}],"predecessor-version":[{"id":19334,"href":"https:\/\/curva1.com.ar\/index.php?rest_route=\/wp\/v2\/posts\/19332\/revisions\/19334"}],"wp:featuredmedia":[{"embeddable":true,"href":"https:\/\/curva1.com.ar\/index.php?rest_route=\/wp\/v2\/media\/19333"}],"wp:attachment":[{"href":"https:\/\/curva1.com.ar\/index.php?rest_route=%2Fwp%2Fv2%2Fmedia&parent=19332"}],"wp:term":[{"taxonomy":"category","embeddable":true,"href":"https:\/\/curva1.com.ar\/index.php?rest_route=%2Fwp%2Fv2%2Fcategories&post=19332"},{"taxonomy":"post_tag","embeddable":true,"href":"https:\/\/curva1.com.ar\/index.php?rest_route=%2Fwp%2Fv2%2Ftags&post=19332"}],"curies":[{"name":"wp","href":"https:\/\/api.w.org\/{rel}","templated":true}]}}