{"id":19372,"date":"2016-07-25T09:56:22","date_gmt":"2016-07-25T12:56:22","guid":{"rendered":"http:\/\/www.curva1.com.ar\/?p=19372"},"modified":"2016-07-25T09:56:22","modified_gmt":"2016-07-25T12:56:22","slug":"fabrizio-persia-gano-en-su-san-juan-y-es-nuevo-lider-del-top-race-series","status":"publish","type":"post","link":"https:\/\/curva1.com.ar\/?p=19372","title":{"rendered":"Fabrizio Persia gan\u00f3 en su San Juan y es nuevo l\u00edder del Top Race Series"},"content":{"rendered":"<p><img loading=\"lazy\" decoding=\"async\" class=\"aligncenter size-full wp-image-19373\" src=\"http:\/\/www.curva1.com.ar\/wp-content\/uploads\/2016\/07\/o_1aoa3u9o05k2141n1i00a9kimd15.jpg\" alt=\"o_1aoa3u9o05k2141n1i00a9kimd15\" width=\"700\" height=\"394\" srcset=\"https:\/\/curva1.com.ar\/wp-content\/uploads\/2016\/07\/o_1aoa3u9o05k2141n1i00a9kimd15.jpg 700w, https:\/\/curva1.com.ar\/wp-content\/uploads\/2016\/07\/o_1aoa3u9o05k2141n1i00a9kimd15-300x169.jpg 300w, https:\/\/curva1.com.ar\/wp-content\/uploads\/2016\/07\/o_1aoa3u9o05k2141n1i00a9kimd15-600x337.jpg 600w\" sizes=\"auto, (max-width: 700px) 100vw, 700px\" \/><\/p>\n<p>Fabricio Persia, el sanjuanino del SDE Competici\u00f3n, gan\u00f3 la final del Top Race Series delante de su gente en El Zonda de San Juan. Persia consigui\u00f3 su segundo triunfo en la temporada y es el actual puntero del campeonato. Segundo culmin\u00f3 el joven pilarense, \u00c1lvaro Perlo y, tercero, lo hizo el chileno V\u00edctor Cornejo, que alcanz\u00f3 su primer podio en la categor\u00eda.<span id=\"more-13583\"><\/span><\/p>\n<p>Lucas Valle, el chubutense del RV Racing Sports, hizo un trompo por un toque de Gast\u00f3n Pacioni, el experimentado del SDE Competici\u00f3n. Desde el primer giro, Persia se dedic\u00f3 a estirar la diferencia respecto de sus perseguidores. Ballario, la cordobesa del 3M Racing, se coloc\u00f3 segunda luego de largar en la sexta posici\u00f3n m\u00e1s all\u00e1 de los problemas de caja que tuvo casi toda la carrera.<\/p>\n<p>Gast\u00f3n Billeres se hab\u00eda retrasado por el trompo de Valle, comenz\u00f3 a avanzar y lleg\u00f3 a la sexta posici\u00f3n. Lucas Gonz\u00e1lez, el piloto del Codecop Racing Team, estaba en la cuarta ubicaci\u00f3n cuando la caja se le rompi\u00f3 y no le permiti\u00f3 continuar su buena actuaci\u00f3n.<\/p>\n<p>Gast\u00f3n Pacioni, cuando estaba tercero, fue al ataque por Ballario y reci\u00e9n pudo dar cuenta de ella en el decimos\u00e9ptimo giro. Pero apenas tres vueltas despu\u00e9s Billeres lo quiso sobrepasar, se tocaron ingresando a la recta principal y all\u00ed aprovecharon Cornejo, para situarse segundo, y Perlo, para ocupar la tercera posici\u00f3n.<\/p>\n<p>La contundencia de Persia hab\u00eda generado que el local le sacara m\u00e1s de seis segundos de diferencia a sus escoltas. Por eso la principal disputa pas\u00f3 a ser por el segundo puesto en la \u00faltima vuelta, cuando Perlo super\u00f3 a metros del final a V\u00edctor Cornejo, el representante del RV Racing Sports.<\/p>\n<p><strong><u>La palabra de los protagonistas<\/u><\/strong><\/p>\n<p>Fabricio Persia: <em>\u201cEste fin de semana es inmejorable, hicimos la pole, ganamos la serie y hoy pudimos ser muy contundentes. Ganamos delante de toda nuestra gente en un aut\u00f3dromo repleto como hace tiempo merec\u00eda estar El Zonda. El objetivo no es el campeonato todav\u00eda, queremos seguir por este camino para ver si m\u00e1s adelante llegamos con chances, no me siento presionado, hoy no soy el candidato\u201d.<\/em><\/p>\n<p>\u00c1lvaro Perlo:<em> \u201cEmpezamos el viernes con serias chances de pelear por la carrera, ayer en la clasificaci\u00f3n no pudimos redondear y, por suerte, avanzamos bastante en las series. Protagonizamos un par de toque en carrera que nos retrasaron, pero al final pudimos coronar todo lo bueno que hab\u00edamos hecho con este segundo puesto que nos llena de confianza\u201d.<\/em><\/p>\n<p>V\u00edctor Cornejo: <em>\u201cLa temporada pasada tuvimos mejores resultados y est\u00e1bamos con mucho mejor ritmo. De todas maneras este podio es un premio a la constancia que tuvimos y adem\u00e1s nos sirve an\u00edmicamente para empezar a mejorar en esta temporada\u201d.<\/em><\/p>\n<p>Final TR Series<br \/>\nPos.\u00a0\u00a0\u00a0\u00a0\u00a0\u00a0 N\u00b0\u00a0\u00a0\u00a0\u00a0\u00a0\u00a0\u00a0\u00a0\u00a0\u00a0 Nombre\u00a0\u00a0\u00a0\u00a0\u00a0\u00a0\u00a0\u00a0\u00a0\u00a0\u00a0\u00a0\u00a0 Make\u00a0\u00a0\u00a0 Vueltas\u00a0\u00a0\u00a0\u00a0\u00a0\u00a0\u00a0\u00a0\u00a0\u00a0\u00a0\u00a0\u00a0\u00a0\u00a0 Total T\u00b0 Dif. resp. 1\u00b0\u00a0\u00a0\u00a0\u00a0\u00a0\u00a0\u00a0 Clase<br \/>\n1\u00a0\u00a0\u00a0\u00a0\u00a0\u00a0\u00a0\u00a0\u00a0\u00a0\u00a0\u00a0 71\u00a0\u00a0\u00a0\u00a0\u00a0\u00a0\u00a0\u00a0\u00a0\u00a0 FABRICIO PERSIA\u00a0\u00a0\u00a0\u00a0\u00a0\u00a0\u00a0\u00a0\u00a0\u00a0\u00a0 MERCEDES\u00a0\u00a0\u00a0\u00a0\u00a0\u00a0\u00a0\u00a0 22\u00a0\u00a0\u00a0\u00a0\u00a0\u00a0\u00a0\u00a0\u00a0\u00a0 29:54.642\u00a0\u00a0\u00a0\u00a0\u00a0\u00a0\u00a0\u00a0\u00a0\u00a0\u00a0\u00a0\u00a0\u00a0\u00a0\u00a0\u00a0\u00a0\u00a0\u00a0\u00a0\u00a0\u00a0\u00a0\u00a0\u00a0\u00a0 TR SERIES<br \/>\n2\u00a0\u00a0\u00a0\u00a0\u00a0\u00a0\u00a0\u00a0\u00a0\u00a0\u00a0\u00a0 10\u00a0\u00a0\u00a0\u00a0\u00a0\u00a0\u00a0\u00a0\u00a0\u00a0 ALVARO PERLO\u00a0\u00a0\u00a0\u00a0\u00a0\u00a0\u00a0\u00a0\u00a0\u00a0\u00a0\u00a0\u00a0\u00a0\u00a0 FIAT\u00a0\u00a0\u00a0\u00a0\u00a0\u00a0 22\u00a0\u00a0\u00a0\u00a0\u00a0\u00a0\u00a0\u00a0\u00a0\u00a0 30:02.845\u00a0\u00a0\u00a0\u00a0\u00a0\u00a0\u00a0\u00a0\u00a0\u00a0\u00a0 8.203\u00a0\u00a0\u00a0\u00a0 TR SERIES<br \/>\n3\u00a0\u00a0\u00a0\u00a0\u00a0\u00a0\u00a0\u00a0\u00a0\u00a0\u00a0\u00a0 25\u00a0\u00a0\u00a0\u00a0\u00a0\u00a0\u00a0\u00a0\u00a0\u00a0 VICTOR CORNEJO\u00a0\u00a0\u00a0\u00a0\u00a0\u00a0\u00a0\u00a0\u00a0\u00a0 MERCEDES\u00a0\u00a0\u00a0\u00a0\u00a0\u00a0\u00a0\u00a0 22\u00a0\u00a0\u00a0\u00a0\u00a0\u00a0\u00a0\u00a0\u00a0\u00a0 30:03.481\u00a0\u00a0\u00a0\u00a0\u00a0\u00a0\u00a0\u00a0\u00a0\u00a0\u00a0 8.839\u00a0\u00a0\u00a0\u00a0 TR SERIES<br \/>\n4\u00a0\u00a0\u00a0\u00a0\u00a0\u00a0\u00a0\u00a0\u00a0\u00a0\u00a0\u00a0 92\u00a0\u00a0\u00a0\u00a0\u00a0\u00a0\u00a0\u00a0\u00a0\u00a0 JULIA BALLARIO\u00a0\u00a0\u00a0\u00a0\u00a0\u00a0\u00a0\u00a0\u00a0\u00a0\u00a0\u00a0\u00a0\u00a0 MERCEDES\u00a0\u00a0\u00a0\u00a0\u00a0\u00a0\u00a0\u00a0 22\u00a0\u00a0\u00a0\u00a0\u00a0\u00a0\u00a0\u00a0\u00a0\u00a0 30:04.131\u00a0\u00a0\u00a0\u00a0\u00a0\u00a0\u00a0\u00a0\u00a0\u00a0\u00a0 9.489\u00a0\u00a0\u00a0\u00a0 TR SERIES<br \/>\n5\u00a0\u00a0\u00a0\u00a0\u00a0\u00a0\u00a0\u00a0\u00a0\u00a0\u00a0\u00a0 107\u00a0\u00a0\u00a0\u00a0\u00a0\u00a0\u00a0\u00a0 LUCAS VALLE\u00a0\u00a0\u00a0\u00a0 CHEVROLET\u00a0\u00a0\u00a0\u00a0\u00a0\u00a0\u00a0 22\u00a0\u00a0\u00a0\u00a0\u00a0\u00a0\u00a0\u00a0\u00a0\u00a0 30:08.613\u00a0\u00a0\u00a0\u00a0\u00a0\u00a0\u00a0\u00a0\u00a0\u00a0\u00a0 13.971\u00a0\u00a0 TR SERIES<br \/>\n6\u00a0\u00a0\u00a0\u00a0\u00a0\u00a0\u00a0\u00a0\u00a0\u00a0\u00a0\u00a0 54\u00a0\u00a0\u00a0\u00a0\u00a0\u00a0\u00a0\u00a0\u00a0\u00a0 LUCIANO COTIGNOLA\u00a0 MERCEDES\u00a0\u00a0\u00a0\u00a0\u00a0\u00a0\u00a0\u00a0 22\u00a0\u00a0\u00a0\u00a0\u00a0\u00a0\u00a0\u00a0\u00a0\u00a0 30:08.921\u00a0\u00a0\u00a0\u00a0\u00a0\u00a0\u00a0\u00a0\u00a0\u00a0\u00a0 14.279\u00a0\u00a0 TR SERIES<br \/>\n7\u00a0\u00a0\u00a0\u00a0\u00a0\u00a0\u00a0\u00a0\u00a0\u00a0\u00a0\u00a0 37\u00a0\u00a0\u00a0\u00a0\u00a0\u00a0\u00a0\u00a0\u00a0\u00a0 NICOLAS CAZAL\u00a0\u00a0\u00a0\u00a0\u00a0\u00a0\u00a0\u00a0\u00a0\u00a0\u00a0\u00a0\u00a0\u00a0 MERCEDES\u00a0\u00a0\u00a0\u00a0\u00a0\u00a0\u00a0\u00a0 22\u00a0\u00a0\u00a0\u00a0\u00a0\u00a0\u00a0\u00a0\u00a0\u00a0 30:14.332\u00a0\u00a0\u00a0\u00a0\u00a0\u00a0\u00a0\u00a0\u00a0\u00a0\u00a0 19.690\u00a0\u00a0 TR SERIES<br \/>\n8\u00a0\u00a0\u00a0\u00a0\u00a0\u00a0\u00a0\u00a0\u00a0\u00a0\u00a0\u00a0 32\u00a0\u00a0\u00a0\u00a0\u00a0\u00a0\u00a0\u00a0\u00a0\u00a0 GONZALO FERNANDEZ VOLKSWAGEN\u00a0 22\u00a0\u00a0\u00a0\u00a0\u00a0\u00a0\u00a0\u00a0\u00a0\u00a0 30:26.100\u00a0\u00a0\u00a0\u00a0\u00a0\u00a0\u00a0\u00a0\u00a0\u00a0\u00a0 31.458\u00a0\u00a0 TR SERIES<br \/>\n9\u00a0\u00a0\u00a0\u00a0\u00a0\u00a0\u00a0\u00a0\u00a0\u00a0\u00a0\u00a0 129\u00a0\u00a0\u00a0\u00a0\u00a0\u00a0\u00a0\u00a0 PETER OLAZ\u00a0\u00a0\u00a0\u00a0\u00a0\u00a0 FORD\u00a0\u00a0\u00a0 22\u00a0\u00a0\u00a0\u00a0\u00a0\u00a0\u00a0\u00a0\u00a0\u00a0 30:26.712\u00a0\u00a0\u00a0\u00a0\u00a0\u00a0\u00a0\u00a0\u00a0\u00a0\u00a0 32.070\u00a0\u00a0 TR SERIES<br \/>\n10\u00a0\u00a0\u00a0\u00a0\u00a0\u00a0\u00a0\u00a0\u00a0\u00a0 20\u00a0\u00a0\u00a0\u00a0\u00a0\u00a0\u00a0\u00a0\u00a0\u00a0 GASTON PACIONI\u00a0\u00a0\u00a0\u00a0\u00a0\u00a0\u00a0\u00a0\u00a0\u00a0 VOLSKWAGEN\u00a0 22\u00a0\u00a0\u00a0\u00a0\u00a0\u00a0\u00a0\u00a0\u00a0\u00a0 30:27.421\u00a0\u00a0\u00a0\u00a0\u00a0\u00a0\u00a0\u00a0\u00a0\u00a0\u00a0 32.779\u00a0\u00a0 TR SERIES<br \/>\n11\u00a0\u00a0\u00a0\u00a0\u00a0\u00a0\u00a0\u00a0\u00a0\u00a0 4\u00a0\u00a0\u00a0\u00a0\u00a0\u00a0\u00a0\u00a0\u00a0\u00a0\u00a0\u00a0 GASTON BILLERES\u00a0\u00a0\u00a0\u00a0\u00a0\u00a0\u00a0\u00a0\u00a0\u00a0 VOLSKWAGEN\u00a0 22\u00a0\u00a0\u00a0\u00a0\u00a0\u00a0\u00a0\u00a0\u00a0\u00a0 30:28.063\u00a0\u00a0\u00a0\u00a0\u00a0\u00a0\u00a0\u00a0\u00a0\u00a0\u00a0 33.421\u00a0\u00a0 TR SERIES<br \/>\n12\u00a0\u00a0\u00a0\u00a0\u00a0\u00a0\u00a0\u00a0\u00a0\u00a0 29\u00a0\u00a0\u00a0\u00a0\u00a0\u00a0\u00a0\u00a0\u00a0\u00a0 BRUNO BOCCANERA\u00a0\u00a0\u00a0\u00a0 VOLKSWAGEN\u00a0 22\u00a0\u00a0\u00a0\u00a0\u00a0\u00a0\u00a0\u00a0\u00a0\u00a0 30:30.216\u00a0\u00a0\u00a0\u00a0\u00a0\u00a0\u00a0\u00a0\u00a0\u00a0\u00a0 35.574\u00a0\u00a0 TR SERIES<br \/>\n13\u00a0\u00a0\u00a0\u00a0\u00a0\u00a0\u00a0\u00a0\u00a0\u00a0 72\u00a0\u00a0\u00a0\u00a0\u00a0\u00a0\u00a0\u00a0\u00a0\u00a0 MAXIMILIANO VALLE\u00a0\u00a0\u00a0 CHEVROLET\u00a0\u00a0\u00a0\u00a0\u00a0\u00a0\u00a0 22\u00a0\u00a0\u00a0\u00a0\u00a0\u00a0\u00a0\u00a0\u00a0\u00a0 30:50.506\u00a0\u00a0\u00a0\u00a0\u00a0\u00a0\u00a0\u00a0\u00a0\u00a0\u00a0 55.864\u00a0\u00a0 TR SERIES<br \/>\n14\u00a0\u00a0\u00a0\u00a0\u00a0\u00a0\u00a0\u00a0\u00a0\u00a0 665\u00a0\u00a0\u00a0\u00a0\u00a0\u00a0\u00a0\u00a0 FACUNDO SANTOS\u00a0\u00a0\u00a0\u00a0\u00a0\u00a0\u00a0 CITROEN\u00a0\u00a0\u00a0\u00a0\u00a0\u00a0\u00a0\u00a0\u00a0\u00a0\u00a0\u00a0 22\u00a0\u00a0\u00a0\u00a0\u00a0\u00a0\u00a0\u00a0\u00a0\u00a0 30:53.762\u00a0\u00a0\u00a0\u00a0\u00a0\u00a0\u00a0\u00a0\u00a0\u00a0\u00a0 59.120\u00a0\u00a0 TR SERIES<br \/>\n15\u00a0\u00a0\u00a0\u00a0\u00a0\u00a0\u00a0\u00a0\u00a0\u00a0 98\u00a0\u00a0\u00a0\u00a0\u00a0\u00a0\u00a0\u00a0\u00a0\u00a0 JOSE RASUK\u00a0\u00a0\u00a0\u00a0\u00a0\u00a0 MERCEDES\u00a0\u00a0\u00a0\u00a0\u00a0\u00a0\u00a0\u00a0 22\u00a0\u00a0\u00a0\u00a0\u00a0\u00a0\u00a0\u00a0\u00a0\u00a0 30:57.965\u00a0\u00a0\u00a0\u00a0\u00a0\u00a0\u00a0\u00a0\u00a0\u00a0\u00a0 1:03.323\u00a0\u00a0\u00a0\u00a0\u00a0\u00a0\u00a0\u00a0\u00a0\u00a0\u00a0\u00a0\u00a0\u00a0 TR SERIES<br \/>\n16\u00a0\u00a0\u00a0\u00a0\u00a0\u00a0\u00a0\u00a0\u00a0\u00a0 99\u00a0\u00a0\u00a0\u00a0\u00a0\u00a0\u00a0\u00a0\u00a0\u00a0 JOSEFINA VIGO\u00a0\u00a0\u00a0\u00a0\u00a0\u00a0\u00a0\u00a0\u00a0\u00a0\u00a0\u00a0\u00a0\u00a0 CHEVROLET\u00a0\u00a0\u00a0\u00a0\u00a0\u00a0\u00a0 21\u00a0\u00a0\u00a0\u00a0\u00a0\u00a0\u00a0\u00a0\u00a0\u00a0 30:43.366\u00a0\u00a0\u00a0\u00a0\u00a0\u00a0\u00a0\u00a0\u00a0\u00a0\u00a0 1 Vuelta\u00a0\u00a0\u00a0\u00a0\u00a0\u00a0\u00a0\u00a0\u00a0\u00a0\u00a0\u00a0\u00a0\u00a0 TR SERIES<br \/>\n17\u00a0\u00a0\u00a0\u00a0\u00a0\u00a0\u00a0\u00a0\u00a0\u00a0 100\u00a0\u00a0\u00a0\u00a0\u00a0\u00a0\u00a0\u00a0 LUCAS GONZALEZ \u00a0\u00a0\u00a0\u00a0\u00a0\u00a0\u00a0\u00a0\u00a0 MERCEDES\u00a0\u00a0\u00a0\u00a0\u00a0\u00a0\u00a0\u00a0 16\u00a0\u00a0\u00a0\u00a0\u00a0\u00a0\u00a0\u00a0\u00a0\u00a0 21:59.953\u00a0\u00a0\u00a0\u00a0\u00a0\u00a0\u00a0\u00a0\u00a0\u00a0\u00a0 6 Vueltas\u00a0\u00a0\u00a0\u00a0\u00a0\u00a0\u00a0\u00a0\u00a0\u00a0\u00a0\u00a0 TR SERIES<\/p>\n<p>69\u00a0\u00a0\u00a0\u00a0\u00a0\u00a0\u00a0\u00a0\u00a0\u00a0 ADRIAN HAMZE\u00a0\u00a0\u00a0\u00a0\u00a0\u00a0\u00a0\u00a0\u00a0\u00a0\u00a0\u00a0\u00a0\u00a0 VOLSKWAGEN\u00a0 9\u00a0\u00a0\u00a0\u00a0\u00a0\u00a0\u00a0\u00a0\u00a0\u00a0\u00a0\u00a0 12:49.027\u00a0\u00a0\u00a0\u00a0\u00a0\u00a0\u00a0\u00a0\u00a0\u00a0\u00a0 13 Vueltas\u00a0\u00a0\u00a0\u00a0\u00a0\u00a0\u00a0\u00a0\u00a0 TR SERIES<\/p>\n<p>21\u00a0\u00a0\u00a0\u00a0\u00a0\u00a0\u00a0\u00a0\u00a0\u00a0 GISELA SEGADE SANCHEZ\u00a0\u00a0\u00a0\u00a0\u00a0\u00a0\u00a0\u00a0\u00a0\u00a0 VOLSKWAGEN\u00a0 6\u00a0\u00a0\u00a0\u00a0\u00a0\u00a0\u00a0\u00a0\u00a0\u00a0\u00a0\u00a0 8:37.313\u00a0\u00a0\u00a0\u00a0\u00a0\u00a0\u00a0\u00a0\u00a0\u00a0\u00a0\u00a0\u00a0\u00a0 16 Vueltas\u00a0\u00a0\u00a0\u00a0\u00a0\u00a0\u00a0\u00a0\u00a0 TR SERIES<\/p>\n<p>8\u00a0\u00a0\u00a0\u00a0\u00a0\u00a0\u00a0\u00a0\u00a0\u00a0\u00a0\u00a0 MAURICIO CHIAVERANO\u00a0\u00a0\u00a0\u00a0\u00a0\u00a0\u00a0\u00a0\u00a0\u00a0\u00a0 VOLKSWAGEN\u00a0 3\u00a0\u00a0\u00a0\u00a0\u00a0\u00a0\u00a0\u00a0\u00a0\u00a0\u00a0\u00a0 4:32.581\u00a0\u00a0\u00a0\u00a0\u00a0\u00a0\u00a0\u00a0\u00a0\u00a0\u00a0\u00a0\u00a0\u00a0 19<br \/>\nVueltas\u00a0\u00a0\u00a0\u00a0\u00a0\u00a0\u00a0\u00a0\u00a0\u00a0\u00a0\u00a0\u00a0\u00a0\u00a0 TR SERIES<br \/>\nRecord: Auto 25\u00a0\u00a0\u00a0\u00a0\u00a0\u00a0\u00a0\u00a0\u00a0\u00a0\u00a0\u00a0\u00a0\u00a0 Tiempo: 1;19,671\u00a0\u00a0\u00a0\u00a0\u00a0\u00a0\u00a0\u00a0\u00a0\u00a0\u00a0\u00a0 Velocidad: 146.402km\/h.<br \/>\nPromedio: 142.986 km\/h.<br \/>\nAuto nro 32 p.box por m. peligrosa al auto nro 98.<br \/>\nAuto nro 72 aperc. por m.peligrosa al auto nro 129.<br \/>\nAuto nro 4 rec. por m.peligrosa al auto nro 20<br \/>\nAuto nro 20 apercibido por m.peligrosa al auto nro 107.<\/p>\n","protected":false},"excerpt":{"rendered":"<p>Fabricio Persia, el sanjuanino del SDE Competici\u00f3n, gan\u00f3 la final del Top Race Series delante<\/p>\n","protected":false},"author":1,"featured_media":19373,"comment_status":"closed","ping_status":"closed","sticky":false,"template":"","format":"standard","meta":{"footnotes":""},"categories":[6],"tags":[],"class_list":["post-19372","post","type-post","status-publish","format-standard","has-post-thumbnail","hentry","category-nacionales"],"featured_image_urls":{"full":["https:\/\/curva1.com.ar\/wp-content\/uploads\/2016\/07\/o_1aoa3u9o05k2141n1i00a9kimd15.jpg",700,394,false],"thumbnail":["https:\/\/curva1.com.ar\/wp-content\/uploads\/2016\/07\/o_1aoa3u9o05k2141n1i00a9kimd15-300x169.jpg",300,169,true],"medium":["https:\/\/curva1.com.ar\/wp-content\/uploads\/2016\/07\/o_1aoa3u9o05k2141n1i00a9kimd15-600x337.jpg",600,337,true],"medium_large":["https:\/\/curva1.com.ar\/wp-content\/uploads\/2016\/07\/o_1aoa3u9o05k2141n1i00a9kimd15.jpg",640,360,false],"large":["https:\/\/curva1.com.ar\/wp-content\/uploads\/2016\/07\/o_1aoa3u9o05k2141n1i00a9kimd15.jpg",640,360,false],"1536x1536":["https:\/\/curva1.com.ar\/wp-content\/uploads\/2016\/07\/o_1aoa3u9o05k2141n1i00a9kimd15.jpg",700,394,false],"2048x2048":["https:\/\/curva1.com.ar\/wp-content\/uploads\/2016\/07\/o_1aoa3u9o05k2141n1i00a9kimd15.jpg",700,394,false],"chromenews-featured":["https:\/\/curva1.com.ar\/wp-content\/uploads\/2016\/07\/o_1aoa3u9o05k2141n1i00a9kimd15.jpg",700,394,false],"chromenews-large":["https:\/\/curva1.com.ar\/wp-content\/uploads\/2016\/07\/o_1aoa3u9o05k2141n1i00a9kimd15.jpg",700,394,false],"chromenews-medium":["https:\/\/curva1.com.ar\/wp-content\/uploads\/2016\/07\/o_1aoa3u9o05k2141n1i00a9kimd15.jpg",590,332,false]},"author_info":{"display_name":"Jos\u00e9 Bravo","author_link":"https:\/\/curva1.com.ar\/?author=1"},"category_info":"<a href=\"https:\/\/curva1.com.ar\/?cat=6\" rel=\"category\">Nacionales<\/a>","tag_info":"Nacionales","comment_count":"0","yoast_head":"<!-- This site is optimized with the Yoast SEO Premium plugin v14.7 - https:\/\/yoast.com\/wordpress\/plugins\/seo\/ -->\n<title>Fabrizio Persia gan\u00f3 en su San Juan y es nuevo l\u00edder del Top Race Series - Curva 1<\/title>\n<meta name=\"robots\" content=\"index, follow\" \/>\n<meta name=\"googlebot\" content=\"index, follow, max-snippet:-1, max-image-preview:large, max-video-preview:-1\" \/>\n<meta name=\"bingbot\" content=\"index, follow, max-snippet:-1, max-image-preview:large, max-video-preview:-1\" \/>\n<link rel=\"canonical\" href=\"https:\/\/curva1.com.ar\/?p=19372\" \/>\n<meta property=\"og:locale\" content=\"en_US\" \/>\n<meta property=\"og:type\" content=\"article\" \/>\n<meta property=\"og:title\" content=\"Fabrizio Persia gan\u00f3 en su San Juan y es nuevo l\u00edder del Top Race Series - Curva 1\" \/>\n<meta property=\"og:description\" content=\"Fabricio Persia, el sanjuanino del SDE Competici\u00f3n, gan\u00f3 la final del Top Race Series delante\" \/>\n<meta property=\"og:url\" content=\"https:\/\/curva1.com.ar\/?p=19372\" \/>\n<meta property=\"og:site_name\" content=\"Curva 1\" \/>\n<meta property=\"article:publisher\" content=\"https:\/\/www.facebook.com\/revistacurva1\/\" \/>\n<meta property=\"article:published_time\" content=\"2016-07-25T12:56:22+00:00\" \/>\n<meta property=\"og:image\" content=\"https:\/\/curva1.com.ar\/wp-content\/uploads\/2016\/07\/o_1aoa3u9o05k2141n1i00a9kimd15.jpg\" \/>\n\t<meta property=\"og:image:width\" content=\"700\" \/>\n\t<meta property=\"og:image:height\" content=\"394\" \/>\n<meta property=\"fb:app_id\" content=\"1593067817533208\" \/>\n<meta name=\"twitter:card\" content=\"summary_large_image\" \/>\n<meta name=\"twitter:creator\" content=\"@curva1mendoza\" \/>\n<meta name=\"twitter:site\" content=\"@curva1mendoza\" \/>\n<script type=\"application\/ld+json\" class=\"yoast-schema-graph\">{\"@context\":\"https:\/\/schema.org\",\"@graph\":[{\"@type\":\"WebSite\",\"@id\":\"https:\/\/curva1.com.ar\/#website\",\"url\":\"https:\/\/curva1.com.ar\/\",\"name\":\"Curva 1\",\"description\":\"Automovilismo de Mendoza\",\"potentialAction\":[{\"@type\":\"SearchAction\",\"target\":\"https:\/\/curva1.com.ar\/?s={search_term_string}\",\"query-input\":\"required name=search_term_string\"}],\"inLanguage\":\"en-US\"},{\"@type\":\"ImageObject\",\"@id\":\"https:\/\/curva1.com.ar\/?p=19372#primaryimage\",\"inLanguage\":\"en-US\",\"url\":\"https:\/\/curva1.com.ar\/wp-content\/uploads\/2016\/07\/o_1aoa3u9o05k2141n1i00a9kimd15.jpg\",\"width\":700,\"height\":394},{\"@type\":\"WebPage\",\"@id\":\"https:\/\/curva1.com.ar\/?p=19372#webpage\",\"url\":\"https:\/\/curva1.com.ar\/?p=19372\",\"name\":\"Fabrizio Persia gan\\u00f3 en su San Juan y es nuevo l\\u00edder del Top Race Series - Curva 1\",\"isPartOf\":{\"@id\":\"https:\/\/curva1.com.ar\/#website\"},\"primaryImageOfPage\":{\"@id\":\"https:\/\/curva1.com.ar\/?p=19372#primaryimage\"},\"datePublished\":\"2016-07-25T12:56:22+00:00\",\"dateModified\":\"2016-07-25T12:56:22+00:00\",\"author\":{\"@id\":\"https:\/\/curva1.com.ar\/#\/schema\/person\/f5fd12984d70df7314fbd9ab42f31033\"},\"inLanguage\":\"en-US\",\"potentialAction\":[{\"@type\":\"ReadAction\",\"target\":[\"https:\/\/curva1.com.ar\/?p=19372\"]}]},{\"@type\":[\"Person\"],\"@id\":\"https:\/\/curva1.com.ar\/#\/schema\/person\/f5fd12984d70df7314fbd9ab42f31033\",\"name\":\"Jos\\u00e9 Bravo\",\"image\":{\"@type\":\"ImageObject\",\"@id\":\"https:\/\/curva1.com.ar\/#personlogo\",\"inLanguage\":\"en-US\",\"url\":\"https:\/\/secure.gravatar.com\/avatar\/3ae0b1fdc6ddeb723a6e6c23609ed39de1d40a94b8112fd2c0c2032e2dabf28b?s=96&d=identicon&r=g\",\"caption\":\"Jos\\u00e9 Bravo\"}}]}<\/script>\n<!-- \/ Yoast SEO Premium plugin. -->","_links":{"self":[{"href":"https:\/\/curva1.com.ar\/index.php?rest_route=\/wp\/v2\/posts\/19372","targetHints":{"allow":["GET"]}}],"collection":[{"href":"https:\/\/curva1.com.ar\/index.php?rest_route=\/wp\/v2\/posts"}],"about":[{"href":"https:\/\/curva1.com.ar\/index.php?rest_route=\/wp\/v2\/types\/post"}],"author":[{"embeddable":true,"href":"https:\/\/curva1.com.ar\/index.php?rest_route=\/wp\/v2\/users\/1"}],"replies":[{"embeddable":true,"href":"https:\/\/curva1.com.ar\/index.php?rest_route=%2Fwp%2Fv2%2Fcomments&post=19372"}],"version-history":[{"count":1,"href":"https:\/\/curva1.com.ar\/index.php?rest_route=\/wp\/v2\/posts\/19372\/revisions"}],"predecessor-version":[{"id":19374,"href":"https:\/\/curva1.com.ar\/index.php?rest_route=\/wp\/v2\/posts\/19372\/revisions\/19374"}],"wp:featuredmedia":[{"embeddable":true,"href":"https:\/\/curva1.com.ar\/index.php?rest_route=\/wp\/v2\/media\/19373"}],"wp:attachment":[{"href":"https:\/\/curva1.com.ar\/index.php?rest_route=%2Fwp%2Fv2%2Fmedia&parent=19372"}],"wp:term":[{"taxonomy":"category","embeddable":true,"href":"https:\/\/curva1.com.ar\/index.php?rest_route=%2Fwp%2Fv2%2Fcategories&post=19372"},{"taxonomy":"post_tag","embeddable":true,"href":"https:\/\/curva1.com.ar\/index.php?rest_route=%2Fwp%2Fv2%2Ftags&post=19372"}],"curies":[{"name":"wp","href":"https:\/\/api.w.org\/{rel}","templated":true}]}}