{"id":19376,"date":"2016-07-26T12:19:57","date_gmt":"2016-07-26T15:19:57","guid":{"rendered":"http:\/\/www.curva1.com.ar\/?p=19376"},"modified":"2016-07-26T12:19:57","modified_gmt":"2016-07-26T15:19:57","slug":"peluche-caceres-regresa-al-super-tc2000-como-invitado-de-llaver","status":"publish","type":"post","link":"https:\/\/curva1.com.ar\/?p=19376","title":{"rendered":"Peluche C\u00e1ceres regresa al S\u00faper TC2000 como invitado de Llaver"},"content":{"rendered":"<p><img loading=\"lazy\" decoding=\"async\" class=\"aligncenter size-full wp-image-19377\" src=\"http:\/\/www.curva1.com.ar\/wp-content\/uploads\/2016\/07\/sabado_3.jpg\" alt=\"sabado_3\" width=\"700\" height=\"466\" srcset=\"https:\/\/curva1.com.ar\/wp-content\/uploads\/2016\/07\/sabado_3.jpg 700w, https:\/\/curva1.com.ar\/wp-content\/uploads\/2016\/07\/sabado_3-506x337.jpg 506w\" sizes=\"auto, (max-width: 700px) 100vw, 700px\" \/><\/p>\n<p>Por segunda vez en su trayectoria deportiva, <u><em><strong>Emmanuel C\u00e1ceres<\/strong><\/em><\/u> volver\u00e1 a conducir un veh\u00edculo de S\u00faper TC2000 y en el marco especial de la cl\u00e1sica competencia denominada \u201c200 kil\u00f3metros de Buenos Aires\u201d. El actual campe\u00f3n de TC2000 repetir\u00e1 dupla con su comprovinciano Bernardo Llaver, conduciendo en \u00e9sta oportunidad un Fiat Linea de la escuadra oficial \u201cFiat Petronas\u201d.<\/p>\n<p>El venidero fin de semana se llevar\u00e1 a cabo la competencia internacional que se ha instaurado como un cl\u00e1sico dentro del automovilismo de elite. Con un historial que comenz\u00f3 en el a\u00f1o 2004 en el aut\u00f3dromo \u201cOscar y Juan G\u00e1lvez\u201d (por aquel entonces llamado Oscar Alfredo G\u00e1lvez) la carrera especial que se desarrolla con el piloto habitual y un invitado tambi\u00e9n tuvo como sede el aut\u00f3dromo \u201cRoberto Mouras\u201d de La Plata y en su \u00faltima edici\u00f3n el trazado de Toay, La Pampa.<\/p>\n<p>Emmanuel, Campe\u00f3n reinante de TC2000, ya fue parte de esta competencia internacional. En el a\u00f1o 2014, en el aut\u00f3dromo porte\u00f1o, conform\u00f3 binomio con su amigo y coterr\u00e1neo Llaver. En esa oportunidad la dupla mendocina culmin\u00f3 10ma en la prueba dominical con un Toyota Corolla de la escuadra oficial TTA.<\/p>\n<p>La nueva incursi\u00f3n llega \u00e9sta vez con otro presente.<\/p>\n<p>La estrecha relaci\u00f3n que tiene \u201cPeluche\u201d con \u201cBerni\u201d Llaver, tambi\u00e9n se traslada al equipo Fiat Petronas, ya que el grupo humano es el mismo con el cual C\u00e1ceres trabaja en TC2000. All\u00ed, junto al PSG16 Team, logr\u00f3 el Campeonato 2105 y da pelea por repetir tal galard\u00f3n en el presente a\u00f1o. Adem\u00e1s, Bernardo Llaver llega a la s\u00e9ptima competencia anual como \u00faltimo ganador de la divisional, logro obtenido hace poco m\u00e1s de dos semanas en el aut\u00f3dromo misionero de Ober\u00e1.<\/p>\n<p>Tras haber ensayado el viernes pasado con el Fiat Linea de S\u00faperTC2000 en el aut\u00f3dromo Oscar Cabal\u00e9n de C\u00f3rdoba, Emmanuel C\u00e1ceres vuelca sus pareceres con miras al importante compromiso del venidero fin de semana:<br \/>\n<strong><em><br \/>\n\u201cPara m\u00ed es muy importante esta oportunidad que me dan el equipo y el Berni. M\u00e1s all\u00e1 de lo deportivo que es muy bueno en mi carrera, saber que a uno lo consideran como piloto y como persona me llena de orgullo, por eso estoy muy agradecido a todos los que hicieron posible que pueda volver a estar en una carrera \u00a0especial como \u00e9sta.<br \/>\nLa prueba del otro d\u00eda fue muy buena. Di algunas vueltas para acostumbrarme al auto y a pesar de ser el mismo modelo con el que corro en el TC2000 las diferencias se notan, sobre todo en la velocidad final y en el momento de acelerar. Hay que aprender a dosificar el acelerador en cada salida de las curvas, sino patina.<br \/>\nSeguro me va a ayudar conocer el circuito Nro9 porque ah\u00ed corrimos con el TC2000, pero eso ser\u00e1 solo al principio, porque la calidad de pilotos es muy buena y en seguida se van a adaptar todos los dem\u00e1s, as\u00ed que ah\u00ed se va a poner muy parejo.<br \/>\nCompartir esto con Berni es especial porque es un amigo. Esta muy bueno porque lo conozco y s\u00e9 c\u00f3mo se maneja. Tambi\u00e9n conozco muy bien al equipo y ellos a m\u00ed as\u00ed que eso ayuda mucho. Tambi\u00e9n que vengan de ganar la \u00faltima carrera nos da confianza a todos sabiendo que vamos a ser competitivos.<br \/>\nAhora hay que esperar estos poquitos d\u00edas hasta que empiece la actividad en pista para lograr la m\u00e1s r\u00e1pida adaptaci\u00f3n y as\u00ed poder dar todo para el equipo y para mi amigo Berni\u201d.<\/em><\/strong><\/p>\n<p><img loading=\"lazy\" decoding=\"async\" class=\"aligncenter size-full wp-image-19379\" src=\"http:\/\/www.curva1.com.ar\/wp-content\/uploads\/2016\/07\/0010686116.jpg\" alt=\"0010686116\" width=\"770\" height=\"421\" srcset=\"https:\/\/curva1.com.ar\/wp-content\/uploads\/2016\/07\/0010686116.jpg 770w, https:\/\/curva1.com.ar\/wp-content\/uploads\/2016\/07\/0010686116-600x328.jpg 600w, https:\/\/curva1.com.ar\/wp-content\/uploads\/2016\/07\/0010686116-768x420.jpg 768w\" sizes=\"auto, (max-width: 770px) 100vw, 770px\" \/><\/p>\n<p><strong>CRONOGRAMA<\/strong><\/p>\n<p>La actividad de los \u201c200km de Buenos Aires\u201d tendr\u00e1 inicio en el trazado Nro9 el d\u00eda viernes con dos ensayos exclusivos para los pilotos invitados (13.00 a 14.00hs y 15.50 a 16.50hs). El s\u00e1bado se desarrollar\u00e1 otro entrenamiento (11.15 a 13.15hs) del cual podr\u00e1n ser parte ambos pilotos. La clasificaci\u00f3n se llevar\u00e1 a cabo de 15.40 a 16.50hs. En tanto en la jornada dominical la s\u00e9ptima Final anual de S\u00faper TC2000 tendr\u00e1 inicio a las hora 11.45 con una extensi\u00f3n de 60 vueltas (o un m\u00e1ximo de 80 minutos) al trazado de 3353 metros de longitud.<\/p>\n","protected":false},"excerpt":{"rendered":"<p>Por segunda vez en su trayectoria deportiva, Emmanuel C\u00e1ceres volver\u00e1 a conducir un veh\u00edculo de<\/p>\n","protected":false},"author":1,"featured_media":19377,"comment_status":"closed","ping_status":"closed","sticky":false,"template":"","format":"standard","meta":{"footnotes":""},"categories":[6],"tags":[],"class_list":["post-19376","post","type-post","status-publish","format-standard","has-post-thumbnail","hentry","category-nacionales"],"featured_image_urls":{"full":["https:\/\/curva1.com.ar\/wp-content\/uploads\/2016\/07\/sabado_3.jpg",700,466,false],"thumbnail":["https:\/\/curva1.com.ar\/wp-content\/uploads\/2016\/07\/sabado_3-300x169.jpg",300,169,true],"medium":["https:\/\/curva1.com.ar\/wp-content\/uploads\/2016\/07\/sabado_3-506x337.jpg",506,337,true],"medium_large":["https:\/\/curva1.com.ar\/wp-content\/uploads\/2016\/07\/sabado_3.jpg",640,426,false],"large":["https:\/\/curva1.com.ar\/wp-content\/uploads\/2016\/07\/sabado_3.jpg",640,426,false],"1536x1536":["https:\/\/curva1.com.ar\/wp-content\/uploads\/2016\/07\/sabado_3.jpg",700,466,false],"2048x2048":["https:\/\/curva1.com.ar\/wp-content\/uploads\/2016\/07\/sabado_3.jpg",700,466,false],"chromenews-featured":["https:\/\/curva1.com.ar\/wp-content\/uploads\/2016\/07\/sabado_3.jpg",700,466,false],"chromenews-large":["https:\/\/curva1.com.ar\/wp-content\/uploads\/2016\/07\/sabado_3.jpg",700,466,false],"chromenews-medium":["https:\/\/curva1.com.ar\/wp-content\/uploads\/2016\/07\/sabado_3.jpg",590,393,false]},"author_info":{"display_name":"Jos\u00e9 Bravo","author_link":"https:\/\/curva1.com.ar\/?author=1"},"category_info":"<a href=\"https:\/\/curva1.com.ar\/?cat=6\" rel=\"category\">Nacionales<\/a>","tag_info":"Nacionales","comment_count":"0","yoast_head":"<!-- This site is optimized with the Yoast SEO Premium plugin v14.7 - https:\/\/yoast.com\/wordpress\/plugins\/seo\/ -->\n<title>Peluche C\u00e1ceres regresa al S\u00faper TC2000 como invitado de Llaver - Curva 1<\/title>\n<meta name=\"robots\" content=\"index, follow\" \/>\n<meta name=\"googlebot\" content=\"index, follow, max-snippet:-1, max-image-preview:large, max-video-preview:-1\" \/>\n<meta name=\"bingbot\" content=\"index, follow, max-snippet:-1, max-image-preview:large, max-video-preview:-1\" \/>\n<link rel=\"canonical\" href=\"https:\/\/curva1.com.ar\/?p=19376\" \/>\n<meta property=\"og:locale\" content=\"en_US\" \/>\n<meta property=\"og:type\" content=\"article\" \/>\n<meta property=\"og:title\" content=\"Peluche C\u00e1ceres regresa al S\u00faper TC2000 como invitado de Llaver - Curva 1\" \/>\n<meta property=\"og:description\" content=\"Por segunda vez en su trayectoria deportiva, Emmanuel C\u00e1ceres volver\u00e1 a conducir un veh\u00edculo de\" \/>\n<meta property=\"og:url\" content=\"https:\/\/curva1.com.ar\/?p=19376\" \/>\n<meta property=\"og:site_name\" content=\"Curva 1\" \/>\n<meta property=\"article:publisher\" content=\"https:\/\/www.facebook.com\/revistacurva1\/\" \/>\n<meta property=\"article:published_time\" content=\"2016-07-26T15:19:57+00:00\" \/>\n<meta property=\"og:image\" content=\"https:\/\/curva1.com.ar\/wp-content\/uploads\/2016\/07\/sabado_3.jpg\" \/>\n\t<meta property=\"og:image:width\" content=\"700\" \/>\n\t<meta property=\"og:image:height\" content=\"466\" \/>\n<meta property=\"fb:app_id\" content=\"1593067817533208\" \/>\n<meta name=\"twitter:card\" content=\"summary_large_image\" \/>\n<meta name=\"twitter:creator\" content=\"@curva1mendoza\" \/>\n<meta name=\"twitter:site\" content=\"@curva1mendoza\" \/>\n<script type=\"application\/ld+json\" class=\"yoast-schema-graph\">{\"@context\":\"https:\/\/schema.org\",\"@graph\":[{\"@type\":\"WebSite\",\"@id\":\"https:\/\/curva1.com.ar\/#website\",\"url\":\"https:\/\/curva1.com.ar\/\",\"name\":\"Curva 1\",\"description\":\"Automovilismo de Mendoza\",\"potentialAction\":[{\"@type\":\"SearchAction\",\"target\":\"https:\/\/curva1.com.ar\/?s={search_term_string}\",\"query-input\":\"required name=search_term_string\"}],\"inLanguage\":\"en-US\"},{\"@type\":\"ImageObject\",\"@id\":\"https:\/\/curva1.com.ar\/?p=19376#primaryimage\",\"inLanguage\":\"en-US\",\"url\":\"https:\/\/curva1.com.ar\/wp-content\/uploads\/2016\/07\/sabado_3.jpg\",\"width\":700,\"height\":466},{\"@type\":\"WebPage\",\"@id\":\"https:\/\/curva1.com.ar\/?p=19376#webpage\",\"url\":\"https:\/\/curva1.com.ar\/?p=19376\",\"name\":\"Peluche C\\u00e1ceres regresa al S\\u00faper TC2000 como invitado de Llaver - Curva 1\",\"isPartOf\":{\"@id\":\"https:\/\/curva1.com.ar\/#website\"},\"primaryImageOfPage\":{\"@id\":\"https:\/\/curva1.com.ar\/?p=19376#primaryimage\"},\"datePublished\":\"2016-07-26T15:19:57+00:00\",\"dateModified\":\"2016-07-26T15:19:57+00:00\",\"author\":{\"@id\":\"https:\/\/curva1.com.ar\/#\/schema\/person\/f5fd12984d70df7314fbd9ab42f31033\"},\"inLanguage\":\"en-US\",\"potentialAction\":[{\"@type\":\"ReadAction\",\"target\":[\"https:\/\/curva1.com.ar\/?p=19376\"]}]},{\"@type\":[\"Person\"],\"@id\":\"https:\/\/curva1.com.ar\/#\/schema\/person\/f5fd12984d70df7314fbd9ab42f31033\",\"name\":\"Jos\\u00e9 Bravo\",\"image\":{\"@type\":\"ImageObject\",\"@id\":\"https:\/\/curva1.com.ar\/#personlogo\",\"inLanguage\":\"en-US\",\"url\":\"https:\/\/secure.gravatar.com\/avatar\/3ae0b1fdc6ddeb723a6e6c23609ed39de1d40a94b8112fd2c0c2032e2dabf28b?s=96&d=identicon&r=g\",\"caption\":\"Jos\\u00e9 Bravo\"}}]}<\/script>\n<!-- \/ Yoast SEO Premium plugin. -->","_links":{"self":[{"href":"https:\/\/curva1.com.ar\/index.php?rest_route=\/wp\/v2\/posts\/19376","targetHints":{"allow":["GET"]}}],"collection":[{"href":"https:\/\/curva1.com.ar\/index.php?rest_route=\/wp\/v2\/posts"}],"about":[{"href":"https:\/\/curva1.com.ar\/index.php?rest_route=\/wp\/v2\/types\/post"}],"author":[{"embeddable":true,"href":"https:\/\/curva1.com.ar\/index.php?rest_route=\/wp\/v2\/users\/1"}],"replies":[{"embeddable":true,"href":"https:\/\/curva1.com.ar\/index.php?rest_route=%2Fwp%2Fv2%2Fcomments&post=19376"}],"version-history":[{"count":2,"href":"https:\/\/curva1.com.ar\/index.php?rest_route=\/wp\/v2\/posts\/19376\/revisions"}],"predecessor-version":[{"id":19380,"href":"https:\/\/curva1.com.ar\/index.php?rest_route=\/wp\/v2\/posts\/19376\/revisions\/19380"}],"wp:featuredmedia":[{"embeddable":true,"href":"https:\/\/curva1.com.ar\/index.php?rest_route=\/wp\/v2\/media\/19377"}],"wp:attachment":[{"href":"https:\/\/curva1.com.ar\/index.php?rest_route=%2Fwp%2Fv2%2Fmedia&parent=19376"}],"wp:term":[{"taxonomy":"category","embeddable":true,"href":"https:\/\/curva1.com.ar\/index.php?rest_route=%2Fwp%2Fv2%2Fcategories&post=19376"},{"taxonomy":"post_tag","embeddable":true,"href":"https:\/\/curva1.com.ar\/index.php?rest_route=%2Fwp%2Fv2%2Ftags&post=19376"}],"curies":[{"name":"wp","href":"https:\/\/api.w.org\/{rel}","templated":true}]}}