{"id":19388,"date":"2016-07-26T19:42:21","date_gmt":"2016-07-26T22:42:21","guid":{"rendered":"http:\/\/www.curva1.com.ar\/?p=19388"},"modified":"2016-07-27T19:58:46","modified_gmt":"2016-07-27T22:58:46","slug":"matias-jalaf-seguira-en-turismo-carretera-con-el-equipo-indecar-racing","status":"publish","type":"post","link":"https:\/\/curva1.com.ar\/?p=19388","title":{"rendered":"Mat\u00edas Jalaf seguir\u00e1 en Turismo Carretera con el IndeCar Racing"},"content":{"rendered":"<p><img loading=\"lazy\" decoding=\"async\" class=\"aligncenter size-full wp-image-19389\" src=\"http:\/\/www.curva1.com.ar\/wp-content\/uploads\/2016\/07\/16178_encabezado.jpg\" alt=\"16178_encabezado\" width=\"785\" height=\"477\" srcset=\"https:\/\/curva1.com.ar\/wp-content\/uploads\/2016\/07\/16178_encabezado.jpg 785w, https:\/\/curva1.com.ar\/wp-content\/uploads\/2016\/07\/16178_encabezado-555x337.jpg 555w, https:\/\/curva1.com.ar\/wp-content\/uploads\/2016\/07\/16178_encabezado-768x467.jpg 768w\" sizes=\"auto, (max-width: 785px) 100vw, 785px\" \/><\/p>\n<p>El mendocino acord\u00f3 su incorporaci\u00f3n al IndeCar Racing para presentarse en Rafaela con el Torino que manej\u00f3 Josito Di Palma dentro del TC.<\/p>\n<p>Tras su desvinculaci\u00f3n del Catal\u00e1n Magni Motorspot,\u00a0Mat\u00edas Jalaf confirm\u00f3 su continuidad en Turismo Carretera de la mano del IndeCar Racing que le proporcionar\u00e1 el Torino para competir en la &#8220;Carrera del Mill\u00f3n&#8221; que se desarrollar\u00e1 el 12, 13 y 14 de julio en el aut\u00f3dromo de Rafaela.<\/p>\n<p><strong>\u201cPudimos llegar en los \u00faltimos d\u00edas a un acuerdo con el Indecar Racing, ya que la propuesta econ\u00f3mica nos sirvi\u00f3 para poder tener continuidad en el Turismo Carretera, y adem\u00e1s nos subimos a un auto que se mostr\u00f3 muy competitivo siempre cuando lo us\u00f3 Josito Di Palma. La idea es ya estar en Rafaela y continuar durante toda la temporada, y seguiremos con los motores propios que han funcionado muy bien durante las \u00faltimas carreras. Es una linda oportunidad que tenemos, y esperamos poder lograr buenos resultados desde el inicio\u201d<\/strong>, expres\u00f3 el mendocino.<\/p>\n<p>Actualmente, el equipo Indecar trabaja bajo la direcci\u00f3n t\u00e9cnica de Fabi\u00e1n Fuentes para ultimar detalles en el Torino que supo manejar Josito Di Palma dentro de la categor\u00eda.<strong>\u00a0<\/strong><\/p>\n","protected":false},"excerpt":{"rendered":"<p>El mendocino acord\u00f3 su incorporaci\u00f3n al IndeCar Racing para presentarse en Rafaela con el Torino<\/p>\n","protected":false},"author":1,"featured_media":19389,"comment_status":"closed","ping_status":"closed","sticky":false,"template":"","format":"standard","meta":{"footnotes":""},"categories":[6],"tags":[],"class_list":["post-19388","post","type-post","status-publish","format-standard","has-post-thumbnail","hentry","category-nacionales"],"featured_image_urls":{"full":["https:\/\/curva1.com.ar\/wp-content\/uploads\/2016\/07\/16178_encabezado.jpg",785,477,false],"thumbnail":["https:\/\/curva1.com.ar\/wp-content\/uploads\/2016\/07\/16178_encabezado-300x169.jpg",300,169,true],"medium":["https:\/\/curva1.com.ar\/wp-content\/uploads\/2016\/07\/16178_encabezado-555x337.jpg",555,337,true],"medium_large":["https:\/\/curva1.com.ar\/wp-content\/uploads\/2016\/07\/16178_encabezado-768x467.jpg",640,389,true],"large":["https:\/\/curva1.com.ar\/wp-content\/uploads\/2016\/07\/16178_encabezado.jpg",640,389,false],"1536x1536":["https:\/\/curva1.com.ar\/wp-content\/uploads\/2016\/07\/16178_encabezado.jpg",785,477,false],"2048x2048":["https:\/\/curva1.com.ar\/wp-content\/uploads\/2016\/07\/16178_encabezado.jpg",785,477,false],"chromenews-featured":["https:\/\/curva1.com.ar\/wp-content\/uploads\/2016\/07\/16178_encabezado.jpg",785,477,false],"chromenews-large":["https:\/\/curva1.com.ar\/wp-content\/uploads\/2016\/07\/16178_encabezado.jpg",785,477,false],"chromenews-medium":["https:\/\/curva1.com.ar\/wp-content\/uploads\/2016\/07\/16178_encabezado.jpg",590,359,false]},"author_info":{"display_name":"Jos\u00e9 Bravo","author_link":"https:\/\/curva1.com.ar\/?author=1"},"category_info":"<a href=\"https:\/\/curva1.com.ar\/?cat=6\" rel=\"category\">Nacionales<\/a>","tag_info":"Nacionales","comment_count":"0","yoast_head":"<!-- This site is optimized with the Yoast SEO Premium plugin v14.7 - https:\/\/yoast.com\/wordpress\/plugins\/seo\/ -->\n<title>Mat\u00edas Jalaf seguir\u00e1 en Turismo Carretera con el IndeCar Racing - Curva 1<\/title>\n<meta name=\"robots\" content=\"index, follow\" \/>\n<meta name=\"googlebot\" content=\"index, follow, max-snippet:-1, max-image-preview:large, max-video-preview:-1\" \/>\n<meta name=\"bingbot\" content=\"index, follow, max-snippet:-1, max-image-preview:large, max-video-preview:-1\" \/>\n<link rel=\"canonical\" href=\"https:\/\/curva1.com.ar\/?p=19388\" \/>\n<meta property=\"og:locale\" content=\"en_US\" \/>\n<meta property=\"og:type\" content=\"article\" \/>\n<meta property=\"og:title\" content=\"Mat\u00edas Jalaf seguir\u00e1 en Turismo Carretera con el IndeCar Racing - Curva 1\" \/>\n<meta property=\"og:description\" content=\"El mendocino acord\u00f3 su incorporaci\u00f3n al IndeCar Racing para presentarse en Rafaela con el Torino\" \/>\n<meta property=\"og:url\" content=\"https:\/\/curva1.com.ar\/?p=19388\" \/>\n<meta property=\"og:site_name\" content=\"Curva 1\" \/>\n<meta property=\"article:publisher\" content=\"https:\/\/www.facebook.com\/revistacurva1\/\" \/>\n<meta property=\"article:published_time\" content=\"2016-07-26T22:42:21+00:00\" \/>\n<meta property=\"article:modified_time\" content=\"2016-07-27T22:58:46+00:00\" \/>\n<meta property=\"og:image\" content=\"https:\/\/curva1.com.ar\/wp-content\/uploads\/2016\/07\/16178_encabezado.jpg\" \/>\n\t<meta property=\"og:image:width\" content=\"785\" \/>\n\t<meta property=\"og:image:height\" content=\"477\" \/>\n<meta property=\"fb:app_id\" content=\"1593067817533208\" \/>\n<meta name=\"twitter:card\" content=\"summary_large_image\" \/>\n<meta name=\"twitter:creator\" content=\"@curva1mendoza\" \/>\n<meta name=\"twitter:site\" content=\"@curva1mendoza\" \/>\n<script type=\"application\/ld+json\" class=\"yoast-schema-graph\">{\"@context\":\"https:\/\/schema.org\",\"@graph\":[{\"@type\":\"WebSite\",\"@id\":\"https:\/\/curva1.com.ar\/#website\",\"url\":\"https:\/\/curva1.com.ar\/\",\"name\":\"Curva 1\",\"description\":\"Automovilismo de Mendoza\",\"potentialAction\":[{\"@type\":\"SearchAction\",\"target\":\"https:\/\/curva1.com.ar\/?s={search_term_string}\",\"query-input\":\"required name=search_term_string\"}],\"inLanguage\":\"en-US\"},{\"@type\":\"ImageObject\",\"@id\":\"https:\/\/curva1.com.ar\/?p=19388#primaryimage\",\"inLanguage\":\"en-US\",\"url\":\"https:\/\/curva1.com.ar\/wp-content\/uploads\/2016\/07\/16178_encabezado.jpg\",\"width\":785,\"height\":477},{\"@type\":\"WebPage\",\"@id\":\"https:\/\/curva1.com.ar\/?p=19388#webpage\",\"url\":\"https:\/\/curva1.com.ar\/?p=19388\",\"name\":\"Mat\\u00edas Jalaf seguir\\u00e1 en Turismo Carretera con el IndeCar Racing - Curva 1\",\"isPartOf\":{\"@id\":\"https:\/\/curva1.com.ar\/#website\"},\"primaryImageOfPage\":{\"@id\":\"https:\/\/curva1.com.ar\/?p=19388#primaryimage\"},\"datePublished\":\"2016-07-26T22:42:21+00:00\",\"dateModified\":\"2016-07-27T22:58:46+00:00\",\"author\":{\"@id\":\"https:\/\/curva1.com.ar\/#\/schema\/person\/f5fd12984d70df7314fbd9ab42f31033\"},\"inLanguage\":\"en-US\",\"potentialAction\":[{\"@type\":\"ReadAction\",\"target\":[\"https:\/\/curva1.com.ar\/?p=19388\"]}]},{\"@type\":[\"Person\"],\"@id\":\"https:\/\/curva1.com.ar\/#\/schema\/person\/f5fd12984d70df7314fbd9ab42f31033\",\"name\":\"Jos\\u00e9 Bravo\",\"image\":{\"@type\":\"ImageObject\",\"@id\":\"https:\/\/curva1.com.ar\/#personlogo\",\"inLanguage\":\"en-US\",\"url\":\"https:\/\/secure.gravatar.com\/avatar\/3ae0b1fdc6ddeb723a6e6c23609ed39de1d40a94b8112fd2c0c2032e2dabf28b?s=96&d=identicon&r=g\",\"caption\":\"Jos\\u00e9 Bravo\"}}]}<\/script>\n<!-- \/ Yoast SEO Premium plugin. -->","_links":{"self":[{"href":"https:\/\/curva1.com.ar\/index.php?rest_route=\/wp\/v2\/posts\/19388","targetHints":{"allow":["GET"]}}],"collection":[{"href":"https:\/\/curva1.com.ar\/index.php?rest_route=\/wp\/v2\/posts"}],"about":[{"href":"https:\/\/curva1.com.ar\/index.php?rest_route=\/wp\/v2\/types\/post"}],"author":[{"embeddable":true,"href":"https:\/\/curva1.com.ar\/index.php?rest_route=\/wp\/v2\/users\/1"}],"replies":[{"embeddable":true,"href":"https:\/\/curva1.com.ar\/index.php?rest_route=%2Fwp%2Fv2%2Fcomments&post=19388"}],"version-history":[{"count":2,"href":"https:\/\/curva1.com.ar\/index.php?rest_route=\/wp\/v2\/posts\/19388\/revisions"}],"predecessor-version":[{"id":19391,"href":"https:\/\/curva1.com.ar\/index.php?rest_route=\/wp\/v2\/posts\/19388\/revisions\/19391"}],"wp:featuredmedia":[{"embeddable":true,"href":"https:\/\/curva1.com.ar\/index.php?rest_route=\/wp\/v2\/media\/19389"}],"wp:attachment":[{"href":"https:\/\/curva1.com.ar\/index.php?rest_route=%2Fwp%2Fv2%2Fmedia&parent=19388"}],"wp:term":[{"taxonomy":"category","embeddable":true,"href":"https:\/\/curva1.com.ar\/index.php?rest_route=%2Fwp%2Fv2%2Fcategories&post=19388"},{"taxonomy":"post_tag","embeddable":true,"href":"https:\/\/curva1.com.ar\/index.php?rest_route=%2Fwp%2Fv2%2Ftags&post=19388"}],"curies":[{"name":"wp","href":"https:\/\/api.w.org\/{rel}","templated":true}]}}