{"id":19402,"date":"2016-07-29T13:17:04","date_gmt":"2016-07-29T16:17:04","guid":{"rendered":"http:\/\/www.curva1.com.ar\/?p=19402"},"modified":"2016-07-29T13:48:11","modified_gmt":"2016-07-29T16:48:11","slug":"super-tc-2000-llaver-caceres-y-santero-sera-gladiadores-en-el-coliseo","status":"publish","type":"post","link":"https:\/\/curva1.com.ar\/?p=19402","title":{"rendered":"S\u00faper TC2000: Llaver, C\u00e1ceres y Santero gladiadores en el Coliseo"},"content":{"rendered":"<p><img loading=\"lazy\" decoding=\"async\" class=\"aligncenter size-full wp-image-19403\" src=\"http:\/\/www.curva1.com.ar\/wp-content\/uploads\/2016\/07\/image579accd83c0488.55806762.jpg\" alt=\"image579accd83c0488.55806762\" width=\"1629\" height=\"1297\" srcset=\"https:\/\/curva1.com.ar\/wp-content\/uploads\/2016\/07\/image579accd83c0488.55806762.jpg 1629w, https:\/\/curva1.com.ar\/wp-content\/uploads\/2016\/07\/image579accd83c0488.55806762-423x337.jpg 423w, https:\/\/curva1.com.ar\/wp-content\/uploads\/2016\/07\/image579accd83c0488.55806762-768x611.jpg 768w, https:\/\/curva1.com.ar\/wp-content\/uploads\/2016\/07\/image579accd83c0488.55806762-1024x815.jpg 1024w\" sizes=\"auto, (max-width: 1629px) 100vw, 1629px\" \/><\/p>\n<p>Sobre el G\u00e1lvez porte\u00f1o, los sanmartinianos formar\u00e1n binomio con el Fiat que triunf\u00f3 en Ober\u00e1. Mientras, Juli\u00e1n disputar\u00e1 los 200 Kil\u00f3metros junto a Pern\u00eda.<\/p>\n<p style=\"padding-left: 30px;\"><em>Diego Rafael Esp\u00f3sito &#8211; desposito@losandes.com.ar<\/em><\/p>\n<p>Uno como titular, con el pecho inflado despu\u00e9s del triunfo en <strong>Ober\u00e1<\/strong> arriba del Fiat L\u00ednea. Los dos restantes en car\u00e1cter de invitados, siendo los mejores del a\u00f1o pasado en las categor\u00edas que los vio coronarse.<\/p>\n<p>Mendoza pisa fuerte en la competencia m\u00e1s importante que el S\u00faper TC 2000 disputar\u00e1 desde hoy sobre el<strong>aut\u00f3dromo porte\u00f1o Oscar y Juan G\u00e1lvez.\u00a0<\/strong><\/p>\n<p>De destacado presente,<strong> Bernardo Llaver, Emmanuel C\u00e1ceres y Juli\u00e1n Santero<\/strong> ser\u00e1n parte de la und\u00e9cima edici\u00f3n representando a dos marcas que nunca han podido triunfar en los 200 Kil\u00f3metros.<\/p>\n<p>San Mart\u00edn har\u00e1 fuerza por Berni y Peluche dentro del PSG16 Team, mientras que el \u00faltimo vencedor de<strong> TC Pista<\/strong> se subir\u00e1 al<strong> Renault Fluence de Leonel Pern\u00eda <\/strong>con la responsabilidad de saber que el Tanito de Tandil est\u00e1 batallando en las primeras plazas del campeonato.<\/p>\n<p>Triunfador en 2010 junto a <strong>Mauro Giallombardo<\/strong> (ahora invitado por Christian Ledesma), Llaver quer\u00eda que \u201cla carrera se hiciera en el circuito n\u00famero 12 porque beneficiaba a los Fiat. Aparte, ah\u00ed gan\u00e9 mi primera carrera y ese trazado tiene m\u00edstica. No sabemos c\u00f3mo nos caer\u00e1 el circuito 9, pero tenemos fe porque los autos est\u00e1n funcionando como corresponde y Peluche anduvo bien en las pruebas previas en el Oscar Cabal\u00e9n\u201d.<\/p>\n<p>Santero est\u00e1 ansioso. \u201cEs muy lindo volver a manejar un Renault. Recuerdo en 2013 cuando fui subcampe\u00f3n con el M\u00e9gane II de TC 2000. Hoy (por ayer) estuvimos ensayando el cambio de piloto; estamos muy mentalizados\u201d, afirm\u00f3 Juli\u00e1n.<\/p>\n<p>Por su parte, el campe\u00f3n de TC 2000 dijo que \u201cquiero aprovechar esta oportunidad que Berni me vuelve a dar. Sumar muchos puntos es el objetivo\u201d.<\/p>\n<p><strong>Para tener en cuenta<\/strong><\/p>\n<p><strong>La programaci\u00f3n de hoy.<\/strong> Estar\u00e1 compuesta por ensayos (de 13 a 14 y de 15.50 a 16.50) exclusivamente para los pilotos invitados. Reci\u00e9n ma\u00f1ana giran los titulares.<\/p>\n<p><strong>Especial.<\/strong> La fecha no tendr\u00e1 ni series clasificatorias ni penalizaciones tras la clasificaci\u00f3n, por lo que otorgar\u00e1 1 punto al autor de la pole y 34 al binomio vencedor.<\/p>\n<p><strong>Las reglas.<\/strong> En carrera, el piloto que largue deber\u00e1 conducir un m\u00ednimo de 25 giros y un m\u00e1ximo de 35. La final ser\u00e1 a 60 vueltas cubriendo una distancia total de<br \/>\n201,180 kil\u00f3metros o un tiempo m\u00e1ximo de carrera de 80 minutos.<\/p>\n","protected":false},"excerpt":{"rendered":"<p>Sobre el G\u00e1lvez porte\u00f1o, los sanmartinianos formar\u00e1n binomio con el Fiat que triunf\u00f3 en Ober\u00e1.<\/p>\n","protected":false},"author":1,"featured_media":19403,"comment_status":"closed","ping_status":"closed","sticky":false,"template":"","format":"standard","meta":{"footnotes":""},"categories":[6],"tags":[],"class_list":["post-19402","post","type-post","status-publish","format-standard","has-post-thumbnail","hentry","category-nacionales"],"featured_image_urls":{"full":["https:\/\/curva1.com.ar\/wp-content\/uploads\/2016\/07\/image579accd83c0488.55806762.jpg",1629,1297,false],"thumbnail":["https:\/\/curva1.com.ar\/wp-content\/uploads\/2016\/07\/image579accd83c0488.55806762-300x169.jpg",300,169,true],"medium":["https:\/\/curva1.com.ar\/wp-content\/uploads\/2016\/07\/image579accd83c0488.55806762-423x337.jpg",423,337,true],"medium_large":["https:\/\/curva1.com.ar\/wp-content\/uploads\/2016\/07\/image579accd83c0488.55806762-768x611.jpg",640,509,true],"large":["https:\/\/curva1.com.ar\/wp-content\/uploads\/2016\/07\/image579accd83c0488.55806762-1024x815.jpg",640,509,true],"1536x1536":["https:\/\/curva1.com.ar\/wp-content\/uploads\/2016\/07\/image579accd83c0488.55806762.jpg",1536,1223,false],"2048x2048":["https:\/\/curva1.com.ar\/wp-content\/uploads\/2016\/07\/image579accd83c0488.55806762.jpg",1629,1297,false],"chromenews-featured":["https:\/\/curva1.com.ar\/wp-content\/uploads\/2016\/07\/image579accd83c0488.55806762.jpg",1024,815,false],"chromenews-large":["https:\/\/curva1.com.ar\/wp-content\/uploads\/2016\/07\/image579accd83c0488.55806762.jpg",722,575,false],"chromenews-medium":["https:\/\/curva1.com.ar\/wp-content\/uploads\/2016\/07\/image579accd83c0488.55806762.jpg",515,410,false]},"author_info":{"display_name":"Jos\u00e9 Bravo","author_link":"https:\/\/curva1.com.ar\/?author=1"},"category_info":"<a href=\"https:\/\/curva1.com.ar\/?cat=6\" rel=\"category\">Nacionales<\/a>","tag_info":"Nacionales","comment_count":"0","yoast_head":"<!-- This site is optimized with the Yoast SEO Premium plugin v14.7 - https:\/\/yoast.com\/wordpress\/plugins\/seo\/ -->\n<title>S\u00faper TC2000: Llaver, C\u00e1ceres y Santero gladiadores en el Coliseo - Curva 1<\/title>\n<meta name=\"robots\" content=\"index, follow\" \/>\n<meta name=\"googlebot\" content=\"index, follow, max-snippet:-1, max-image-preview:large, max-video-preview:-1\" \/>\n<meta name=\"bingbot\" content=\"index, follow, max-snippet:-1, max-image-preview:large, max-video-preview:-1\" \/>\n<link rel=\"canonical\" href=\"https:\/\/curva1.com.ar\/?p=19402\" \/>\n<meta property=\"og:locale\" content=\"en_US\" \/>\n<meta property=\"og:type\" content=\"article\" \/>\n<meta property=\"og:title\" content=\"S\u00faper TC2000: Llaver, C\u00e1ceres y Santero gladiadores en el Coliseo - Curva 1\" \/>\n<meta property=\"og:description\" content=\"Sobre el G\u00e1lvez porte\u00f1o, los sanmartinianos formar\u00e1n binomio con el Fiat que triunf\u00f3 en Ober\u00e1.\" \/>\n<meta property=\"og:url\" content=\"https:\/\/curva1.com.ar\/?p=19402\" \/>\n<meta property=\"og:site_name\" content=\"Curva 1\" \/>\n<meta property=\"article:publisher\" content=\"https:\/\/www.facebook.com\/revistacurva1\/\" \/>\n<meta property=\"article:published_time\" content=\"2016-07-29T16:17:04+00:00\" \/>\n<meta property=\"article:modified_time\" content=\"2016-07-29T16:48:11+00:00\" \/>\n<meta property=\"og:image\" content=\"https:\/\/curva1.com.ar\/wp-content\/uploads\/2016\/07\/image579accd83c0488.55806762.jpg\" \/>\n\t<meta property=\"og:image:width\" content=\"1629\" \/>\n\t<meta property=\"og:image:height\" content=\"1297\" \/>\n<meta property=\"fb:app_id\" content=\"1593067817533208\" \/>\n<meta name=\"twitter:card\" content=\"summary_large_image\" \/>\n<meta name=\"twitter:creator\" content=\"@curva1mendoza\" \/>\n<meta name=\"twitter:site\" content=\"@curva1mendoza\" \/>\n<script type=\"application\/ld+json\" class=\"yoast-schema-graph\">{\"@context\":\"https:\/\/schema.org\",\"@graph\":[{\"@type\":\"WebSite\",\"@id\":\"https:\/\/curva1.com.ar\/#website\",\"url\":\"https:\/\/curva1.com.ar\/\",\"name\":\"Curva 1\",\"description\":\"Automovilismo de Mendoza\",\"potentialAction\":[{\"@type\":\"SearchAction\",\"target\":\"https:\/\/curva1.com.ar\/?s={search_term_string}\",\"query-input\":\"required name=search_term_string\"}],\"inLanguage\":\"en-US\"},{\"@type\":\"ImageObject\",\"@id\":\"https:\/\/curva1.com.ar\/?p=19402#primaryimage\",\"inLanguage\":\"en-US\",\"url\":\"https:\/\/curva1.com.ar\/wp-content\/uploads\/2016\/07\/image579accd83c0488.55806762.jpg\",\"width\":1629,\"height\":1297},{\"@type\":\"WebPage\",\"@id\":\"https:\/\/curva1.com.ar\/?p=19402#webpage\",\"url\":\"https:\/\/curva1.com.ar\/?p=19402\",\"name\":\"S\\u00faper TC2000: Llaver, C\\u00e1ceres y Santero gladiadores en el Coliseo - Curva 1\",\"isPartOf\":{\"@id\":\"https:\/\/curva1.com.ar\/#website\"},\"primaryImageOfPage\":{\"@id\":\"https:\/\/curva1.com.ar\/?p=19402#primaryimage\"},\"datePublished\":\"2016-07-29T16:17:04+00:00\",\"dateModified\":\"2016-07-29T16:48:11+00:00\",\"author\":{\"@id\":\"https:\/\/curva1.com.ar\/#\/schema\/person\/f5fd12984d70df7314fbd9ab42f31033\"},\"inLanguage\":\"en-US\",\"potentialAction\":[{\"@type\":\"ReadAction\",\"target\":[\"https:\/\/curva1.com.ar\/?p=19402\"]}]},{\"@type\":[\"Person\"],\"@id\":\"https:\/\/curva1.com.ar\/#\/schema\/person\/f5fd12984d70df7314fbd9ab42f31033\",\"name\":\"Jos\\u00e9 Bravo\",\"image\":{\"@type\":\"ImageObject\",\"@id\":\"https:\/\/curva1.com.ar\/#personlogo\",\"inLanguage\":\"en-US\",\"url\":\"https:\/\/secure.gravatar.com\/avatar\/3ae0b1fdc6ddeb723a6e6c23609ed39de1d40a94b8112fd2c0c2032e2dabf28b?s=96&d=identicon&r=g\",\"caption\":\"Jos\\u00e9 Bravo\"}}]}<\/script>\n<!-- \/ Yoast SEO Premium plugin. -->","_links":{"self":[{"href":"https:\/\/curva1.com.ar\/index.php?rest_route=\/wp\/v2\/posts\/19402","targetHints":{"allow":["GET"]}}],"collection":[{"href":"https:\/\/curva1.com.ar\/index.php?rest_route=\/wp\/v2\/posts"}],"about":[{"href":"https:\/\/curva1.com.ar\/index.php?rest_route=\/wp\/v2\/types\/post"}],"author":[{"embeddable":true,"href":"https:\/\/curva1.com.ar\/index.php?rest_route=\/wp\/v2\/users\/1"}],"replies":[{"embeddable":true,"href":"https:\/\/curva1.com.ar\/index.php?rest_route=%2Fwp%2Fv2%2Fcomments&post=19402"}],"version-history":[{"count":2,"href":"https:\/\/curva1.com.ar\/index.php?rest_route=\/wp\/v2\/posts\/19402\/revisions"}],"predecessor-version":[{"id":19417,"href":"https:\/\/curva1.com.ar\/index.php?rest_route=\/wp\/v2\/posts\/19402\/revisions\/19417"}],"wp:featuredmedia":[{"embeddable":true,"href":"https:\/\/curva1.com.ar\/index.php?rest_route=\/wp\/v2\/media\/19403"}],"wp:attachment":[{"href":"https:\/\/curva1.com.ar\/index.php?rest_route=%2Fwp%2Fv2%2Fmedia&parent=19402"}],"wp:term":[{"taxonomy":"category","embeddable":true,"href":"https:\/\/curva1.com.ar\/index.php?rest_route=%2Fwp%2Fv2%2Fcategories&post=19402"},{"taxonomy":"post_tag","embeddable":true,"href":"https:\/\/curva1.com.ar\/index.php?rest_route=%2Fwp%2Fv2%2Ftags&post=19402"}],"curies":[{"name":"wp","href":"https:\/\/api.w.org\/{rel}","templated":true}]}}