{"id":19405,"date":"2016-07-29T13:28:32","date_gmt":"2016-07-29T16:28:32","guid":{"rendered":"http:\/\/www.curva1.com.ar\/?p=19405"},"modified":"2016-07-29T13:28:32","modified_gmt":"2016-07-29T16:28:32","slug":"horarios-y-campeonatos-para-la-6o-fecha-de-tradicionales-en-junin","status":"publish","type":"post","link":"https:\/\/curva1.com.ar\/?p=19405","title":{"rendered":"Horarios y campeonatos para la 6\u00ba fecha de Tradicionales en Jun\u00edn"},"content":{"rendered":"<p><img loading=\"lazy\" decoding=\"async\" class=\"aligncenter size-full wp-image-19407\" src=\"http:\/\/www.curva1.com.ar\/wp-content\/uploads\/2016\/07\/13613132_870426696396849_8156971268952513614_o.jpg\" alt=\"13613132_870426696396849_8156971268952513614_o\" width=\"700\" height=\"394\" srcset=\"https:\/\/curva1.com.ar\/wp-content\/uploads\/2016\/07\/13613132_870426696396849_8156971268952513614_o.jpg 700w, https:\/\/curva1.com.ar\/wp-content\/uploads\/2016\/07\/13613132_870426696396849_8156971268952513614_o-300x169.jpg 300w, https:\/\/curva1.com.ar\/wp-content\/uploads\/2016\/07\/13613132_870426696396849_8156971268952513614_o-600x337.jpg 600w\" sizes=\"auto, (max-width: 700px) 100vw, 700px\" \/><\/p>\n<p>El domingo se corre una nueva fecha de Tradicionales. Ser\u00e1 en el Guido Maineri de Jun\u00edn y ac\u00e1 te presentamos los horarios.<\/p>\n<p style=\"padding-left: 30px;\"><a href=\"http:\/\/femadmza.com.ar\/2016\/Tradicionales\/RPPTradicionales2016-06.pdf\">Descarga el RPP <\/a><\/p>\n<p><img loading=\"lazy\" decoding=\"async\" class=\"aligncenter size-full wp-image-19406\" src=\"http:\/\/www.curva1.com.ar\/wp-content\/uploads\/2016\/07\/fadfasf.jpg\" alt=\"fadfasf\" width=\"600\" height=\"506\" srcset=\"https:\/\/curva1.com.ar\/wp-content\/uploads\/2016\/07\/fadfasf.jpg 600w, https:\/\/curva1.com.ar\/wp-content\/uploads\/2016\/07\/fadfasf-400x337.jpg 400w\" sizes=\"auto, (max-width: 600px) 100vw, 600px\" \/><\/p>\n<p><span style=\"color: #ff0000;\"><strong>CAMPEONATOS<\/strong><\/span><\/p>\n<p>Hace click en cada divisional para ver como llegan a esta 6\u00ba fecha.<\/p>\n<table class=\"tabla\" border=\"0\" width=\"100%\">\n<tbody class=\"tabla\" align=\"center\" valign=\"middle\">\n<tr class=\"te2\">\n<td width=\"16%\"><b>TC Tradicional <\/b><\/td>\n<td width=\"16%\"><b>850 Grupo1 <\/b><\/td>\n<td width=\"16%\"><b>Formula 1100<\/b><\/td>\n<td width=\"16%\"><b>TC Juniors <\/b><\/td>\n<td width=\"16%\"><b>Sport4 <\/b><\/td>\n<td width=\"16%\"><b>F1100 Div. Renault<\/b><\/td>\n<\/tr>\n<\/tbody>\n<\/table>\n<table class=\"tabla\" border=\"0\" width=\"100%\">\n<tbody class=\"tabla\" align=\"center\" valign=\"middle\">\n<tr bgcolor=\"yellow\">\n<td><a href=\"http:\/\/femadmza.com.ar\/2016\/Tradicionales\/TRATCTCAM.pdf\" target=\"x2\">Campeonato <\/a><\/td>\n<td><a href=\"http:\/\/femadmza.com.ar\/2016\/Tradicionales\/TRA850CAM.pdf\" target=\"x2\">Campeonato <\/a><\/td>\n<td><a href=\"http:\/\/femadmza.com.ar\/2016\/Tradicionales\/TRAFORCAM.pdf\" target=\"x4\">Campeonato <\/a><\/td>\n<td><a href=\"http:\/\/femadmza.com.ar\/2016\/Tradicionales\/TRATCJTCAM.pdf\" target=\"x5\">Campeonato <\/a><\/td>\n<td><a href=\"http:\/\/femadmza.com.ar\/2016\/Tradicionales\/TRASP4CAM.pdf\" target=\"x5\">Campeonato <\/a><\/td>\n<td><a href=\"http:\/\/femadmza.com.ar\/2016\/Tradicionales\/TRAFRECAM.pdf\" target=\"x5\">Campeonato <\/a><\/td>\n<\/tr>\n<\/tbody>\n<\/table>\n","protected":false},"excerpt":{"rendered":"<p>El domingo se corre una nueva fecha de Tradicionales. Ser\u00e1 en el Guido Maineri de<\/p>\n","protected":false},"author":1,"featured_media":19407,"comment_status":"closed","ping_status":"closed","sticky":false,"template":"","format":"standard","meta":{"footnotes":""},"categories":[3],"tags":[],"class_list":["post-19405","post","type-post","status-publish","format-standard","has-post-thumbnail","hentry","category-tradicionales"],"featured_image_urls":{"full":["https:\/\/curva1.com.ar\/wp-content\/uploads\/2016\/07\/13613132_870426696396849_8156971268952513614_o.jpg",700,394,false],"thumbnail":["https:\/\/curva1.com.ar\/wp-content\/uploads\/2016\/07\/13613132_870426696396849_8156971268952513614_o-300x169.jpg",300,169,true],"medium":["https:\/\/curva1.com.ar\/wp-content\/uploads\/2016\/07\/13613132_870426696396849_8156971268952513614_o-600x337.jpg",600,337,true],"medium_large":["https:\/\/curva1.com.ar\/wp-content\/uploads\/2016\/07\/13613132_870426696396849_8156971268952513614_o.jpg",640,360,false],"large":["https:\/\/curva1.com.ar\/wp-content\/uploads\/2016\/07\/13613132_870426696396849_8156971268952513614_o.jpg",640,360,false],"1536x1536":["https:\/\/curva1.com.ar\/wp-content\/uploads\/2016\/07\/13613132_870426696396849_8156971268952513614_o.jpg",700,394,false],"2048x2048":["https:\/\/curva1.com.ar\/wp-content\/uploads\/2016\/07\/13613132_870426696396849_8156971268952513614_o.jpg",700,394,false],"chromenews-featured":["https:\/\/curva1.com.ar\/wp-content\/uploads\/2016\/07\/13613132_870426696396849_8156971268952513614_o.jpg",700,394,false],"chromenews-large":["https:\/\/curva1.com.ar\/wp-content\/uploads\/2016\/07\/13613132_870426696396849_8156971268952513614_o.jpg",700,394,false],"chromenews-medium":["https:\/\/curva1.com.ar\/wp-content\/uploads\/2016\/07\/13613132_870426696396849_8156971268952513614_o.jpg",590,332,false]},"author_info":{"display_name":"Jos\u00e9 Bravo","author_link":"https:\/\/curva1.com.ar\/?author=1"},"category_info":"<a href=\"https:\/\/curva1.com.ar\/?cat=3\" rel=\"category\">Tradicionales<\/a>","tag_info":"Tradicionales","comment_count":"0","yoast_head":"<!-- This site is optimized with the Yoast SEO Premium plugin v14.7 - https:\/\/yoast.com\/wordpress\/plugins\/seo\/ -->\n<title>Horarios y campeonatos para la 6\u00ba fecha de Tradicionales en Jun\u00edn - Curva 1<\/title>\n<meta name=\"robots\" content=\"index, follow\" \/>\n<meta name=\"googlebot\" content=\"index, follow, max-snippet:-1, max-image-preview:large, max-video-preview:-1\" \/>\n<meta name=\"bingbot\" content=\"index, follow, max-snippet:-1, max-image-preview:large, max-video-preview:-1\" \/>\n<link rel=\"canonical\" href=\"https:\/\/curva1.com.ar\/?p=19405\" \/>\n<meta property=\"og:locale\" content=\"en_US\" \/>\n<meta property=\"og:type\" content=\"article\" \/>\n<meta property=\"og:title\" content=\"Horarios y campeonatos para la 6\u00ba fecha de Tradicionales en Jun\u00edn - Curva 1\" \/>\n<meta property=\"og:description\" content=\"El domingo se corre una nueva fecha de Tradicionales. Ser\u00e1 en el Guido Maineri de\" \/>\n<meta property=\"og:url\" content=\"https:\/\/curva1.com.ar\/?p=19405\" \/>\n<meta property=\"og:site_name\" content=\"Curva 1\" \/>\n<meta property=\"article:publisher\" content=\"https:\/\/www.facebook.com\/revistacurva1\/\" \/>\n<meta property=\"article:published_time\" content=\"2016-07-29T16:28:32+00:00\" \/>\n<meta property=\"og:image\" content=\"https:\/\/curva1.com.ar\/wp-content\/uploads\/2016\/07\/13613132_870426696396849_8156971268952513614_o.jpg\" \/>\n\t<meta property=\"og:image:width\" content=\"700\" \/>\n\t<meta property=\"og:image:height\" content=\"394\" \/>\n<meta property=\"fb:app_id\" content=\"1593067817533208\" \/>\n<meta name=\"twitter:card\" content=\"summary_large_image\" \/>\n<meta name=\"twitter:creator\" content=\"@curva1mendoza\" \/>\n<meta name=\"twitter:site\" content=\"@curva1mendoza\" \/>\n<script type=\"application\/ld+json\" class=\"yoast-schema-graph\">{\"@context\":\"https:\/\/schema.org\",\"@graph\":[{\"@type\":\"WebSite\",\"@id\":\"https:\/\/curva1.com.ar\/#website\",\"url\":\"https:\/\/curva1.com.ar\/\",\"name\":\"Curva 1\",\"description\":\"Automovilismo de Mendoza\",\"potentialAction\":[{\"@type\":\"SearchAction\",\"target\":\"https:\/\/curva1.com.ar\/?s={search_term_string}\",\"query-input\":\"required name=search_term_string\"}],\"inLanguage\":\"en-US\"},{\"@type\":\"ImageObject\",\"@id\":\"https:\/\/curva1.com.ar\/?p=19405#primaryimage\",\"inLanguage\":\"en-US\",\"url\":\"https:\/\/curva1.com.ar\/wp-content\/uploads\/2016\/07\/13613132_870426696396849_8156971268952513614_o.jpg\",\"width\":700,\"height\":394},{\"@type\":\"WebPage\",\"@id\":\"https:\/\/curva1.com.ar\/?p=19405#webpage\",\"url\":\"https:\/\/curva1.com.ar\/?p=19405\",\"name\":\"Horarios y campeonatos para la 6\\u00ba fecha de Tradicionales en Jun\\u00edn - Curva 1\",\"isPartOf\":{\"@id\":\"https:\/\/curva1.com.ar\/#website\"},\"primaryImageOfPage\":{\"@id\":\"https:\/\/curva1.com.ar\/?p=19405#primaryimage\"},\"datePublished\":\"2016-07-29T16:28:32+00:00\",\"dateModified\":\"2016-07-29T16:28:32+00:00\",\"author\":{\"@id\":\"https:\/\/curva1.com.ar\/#\/schema\/person\/f5fd12984d70df7314fbd9ab42f31033\"},\"inLanguage\":\"en-US\",\"potentialAction\":[{\"@type\":\"ReadAction\",\"target\":[\"https:\/\/curva1.com.ar\/?p=19405\"]}]},{\"@type\":[\"Person\"],\"@id\":\"https:\/\/curva1.com.ar\/#\/schema\/person\/f5fd12984d70df7314fbd9ab42f31033\",\"name\":\"Jos\\u00e9 Bravo\",\"image\":{\"@type\":\"ImageObject\",\"@id\":\"https:\/\/curva1.com.ar\/#personlogo\",\"inLanguage\":\"en-US\",\"url\":\"https:\/\/secure.gravatar.com\/avatar\/3ae0b1fdc6ddeb723a6e6c23609ed39de1d40a94b8112fd2c0c2032e2dabf28b?s=96&d=identicon&r=g\",\"caption\":\"Jos\\u00e9 Bravo\"}}]}<\/script>\n<!-- \/ Yoast SEO Premium plugin. -->","_links":{"self":[{"href":"https:\/\/curva1.com.ar\/index.php?rest_route=\/wp\/v2\/posts\/19405","targetHints":{"allow":["GET"]}}],"collection":[{"href":"https:\/\/curva1.com.ar\/index.php?rest_route=\/wp\/v2\/posts"}],"about":[{"href":"https:\/\/curva1.com.ar\/index.php?rest_route=\/wp\/v2\/types\/post"}],"author":[{"embeddable":true,"href":"https:\/\/curva1.com.ar\/index.php?rest_route=\/wp\/v2\/users\/1"}],"replies":[{"embeddable":true,"href":"https:\/\/curva1.com.ar\/index.php?rest_route=%2Fwp%2Fv2%2Fcomments&post=19405"}],"version-history":[{"count":1,"href":"https:\/\/curva1.com.ar\/index.php?rest_route=\/wp\/v2\/posts\/19405\/revisions"}],"predecessor-version":[{"id":19408,"href":"https:\/\/curva1.com.ar\/index.php?rest_route=\/wp\/v2\/posts\/19405\/revisions\/19408"}],"wp:featuredmedia":[{"embeddable":true,"href":"https:\/\/curva1.com.ar\/index.php?rest_route=\/wp\/v2\/media\/19407"}],"wp:attachment":[{"href":"https:\/\/curva1.com.ar\/index.php?rest_route=%2Fwp%2Fv2%2Fmedia&parent=19405"}],"wp:term":[{"taxonomy":"category","embeddable":true,"href":"https:\/\/curva1.com.ar\/index.php?rest_route=%2Fwp%2Fv2%2Fcategories&post=19405"},{"taxonomy":"post_tag","embeddable":true,"href":"https:\/\/curva1.com.ar\/index.php?rest_route=%2Fwp%2Fv2%2Ftags&post=19405"}],"curies":[{"name":"wp","href":"https:\/\/api.w.org\/{rel}","templated":true}]}}