{"id":19409,"date":"2016-07-29T13:44:04","date_gmt":"2016-07-29T16:44:04","guid":{"rendered":"http:\/\/www.curva1.com.ar\/?p=19409"},"modified":"2016-07-29T19:12:45","modified_gmt":"2016-07-29T22:12:45","slug":"marcos-jakos-confirmo-que-estara-en-mendoza-corriendo-junto-a-mannarino","status":"publish","type":"post","link":"https:\/\/curva1.com.ar\/?p=19409","title":{"rendered":"Marcos Jakos confirm\u00f3 que estar\u00e1 corriendo junto a Mannarino"},"content":{"rendered":"<p><img loading=\"lazy\" decoding=\"async\" class=\"aligncenter size-full wp-image-19410\" src=\"http:\/\/www.curva1.com.ar\/wp-content\/uploads\/2016\/07\/dfasfad.jpg\" alt=\"dfasfad\" width=\"700\" height=\"466\" srcset=\"https:\/\/curva1.com.ar\/wp-content\/uploads\/2016\/07\/dfasfad.jpg 700w, https:\/\/curva1.com.ar\/wp-content\/uploads\/2016\/07\/dfasfad-506x337.jpg 506w\" sizes=\"auto, (max-width: 700px) 100vw, 700px\" \/><\/p>\n<p>Uno de los propietarios del reconocido equipo de competici\u00f3n Dole Racing dialog\u00f3 con Jose Bravo de Curva 1 respecto a su participaci\u00f3n en el Zonal Cuyano <strong>&#8220;Estaremos en Mendoza como invitados del amigo Gabriel Mannarino en su Fiat Uno&#8221;.<\/strong><\/p>\n<p><strong>&#8220;No conozco nada del circuito ni la categor\u00eda, incluso hacen muchos a\u00f1os que no corro, pero las ganas siempre est\u00e1n&#8221;<\/strong> dijo Marcos Jakos, quien ya se est\u00e1 asesorando con sus hijos respecto a la categor\u00eda Turismo Promocional 1.4 que espera llegar a las treinta m\u00e1quinas para el 6 y 7 de agosto pr\u00f3ximo.<\/p>\n<p>Por otro lado, Alejandro Baroni (Baroni Competici\u00f3n) sigue trabajando en su taller de San Mart\u00edn \u00faltimando detalles en el &#8220;Unito&#8221; y dejando todo listo para la carrera, como tambi\u00e9n en la unidad del mendocino Gianluca Vega que tendr\u00e1 como invitado a Leo Gasque.<\/p>\n<p><img loading=\"lazy\" decoding=\"async\" class=\"aligncenter size-full wp-image-19411\" src=\"http:\/\/www.curva1.com.ar\/wp-content\/uploads\/2016\/07\/IMG_5727.jpg\" alt=\"IMG_5727\" width=\"700\" height=\"394\" srcset=\"https:\/\/curva1.com.ar\/wp-content\/uploads\/2016\/07\/IMG_5727.jpg 700w, https:\/\/curva1.com.ar\/wp-content\/uploads\/2016\/07\/IMG_5727-300x169.jpg 300w, https:\/\/curva1.com.ar\/wp-content\/uploads\/2016\/07\/IMG_5727-600x337.jpg 600w\" sizes=\"auto, (max-width: 700px) 100vw, 700px\" \/><\/p>\n","protected":false},"excerpt":{"rendered":"<p>Uno de los propietarios del reconocido equipo de competici\u00f3n Dole Racing dialog\u00f3 con Jose Bravo<\/p>\n","protected":false},"author":1,"featured_media":19410,"comment_status":"closed","ping_status":"closed","sticky":false,"template":"","format":"standard","meta":{"footnotes":""},"categories":[1],"tags":[],"class_list":["post-19409","post","type-post","status-publish","format-standard","has-post-thumbnail","hentry","category-zonal-cuyano"],"featured_image_urls":{"full":["https:\/\/curva1.com.ar\/wp-content\/uploads\/2016\/07\/dfasfad.jpg",700,466,false],"thumbnail":["https:\/\/curva1.com.ar\/wp-content\/uploads\/2016\/07\/dfasfad-300x169.jpg",300,169,true],"medium":["https:\/\/curva1.com.ar\/wp-content\/uploads\/2016\/07\/dfasfad-506x337.jpg",506,337,true],"medium_large":["https:\/\/curva1.com.ar\/wp-content\/uploads\/2016\/07\/dfasfad.jpg",640,426,false],"large":["https:\/\/curva1.com.ar\/wp-content\/uploads\/2016\/07\/dfasfad.jpg",640,426,false],"1536x1536":["https:\/\/curva1.com.ar\/wp-content\/uploads\/2016\/07\/dfasfad.jpg",700,466,false],"2048x2048":["https:\/\/curva1.com.ar\/wp-content\/uploads\/2016\/07\/dfasfad.jpg",700,466,false],"chromenews-featured":["https:\/\/curva1.com.ar\/wp-content\/uploads\/2016\/07\/dfasfad.jpg",700,466,false],"chromenews-large":["https:\/\/curva1.com.ar\/wp-content\/uploads\/2016\/07\/dfasfad.jpg",700,466,false],"chromenews-medium":["https:\/\/curva1.com.ar\/wp-content\/uploads\/2016\/07\/dfasfad.jpg",590,393,false]},"author_info":{"display_name":"Jos\u00e9 Bravo","author_link":"https:\/\/curva1.com.ar\/?author=1"},"category_info":"<a href=\"https:\/\/curva1.com.ar\/?cat=1\" rel=\"category\">Zonal Cuyano<\/a>","tag_info":"Zonal Cuyano","comment_count":"0","yoast_head":"<!-- This site is optimized with the Yoast SEO Premium plugin v14.7 - https:\/\/yoast.com\/wordpress\/plugins\/seo\/ -->\n<title>Marcos Jakos confirm\u00f3 que estar\u00e1 corriendo junto a Mannarino - Curva 1<\/title>\n<meta name=\"robots\" content=\"index, follow\" \/>\n<meta name=\"googlebot\" content=\"index, follow, max-snippet:-1, max-image-preview:large, max-video-preview:-1\" \/>\n<meta name=\"bingbot\" content=\"index, follow, max-snippet:-1, max-image-preview:large, max-video-preview:-1\" \/>\n<link rel=\"canonical\" href=\"https:\/\/curva1.com.ar\/?p=19409\" \/>\n<meta property=\"og:locale\" content=\"en_US\" \/>\n<meta property=\"og:type\" content=\"article\" \/>\n<meta property=\"og:title\" content=\"Marcos Jakos confirm\u00f3 que estar\u00e1 corriendo junto a Mannarino - Curva 1\" \/>\n<meta property=\"og:description\" content=\"Uno de los propietarios del reconocido equipo de competici\u00f3n Dole Racing dialog\u00f3 con Jose Bravo\" \/>\n<meta property=\"og:url\" content=\"https:\/\/curva1.com.ar\/?p=19409\" \/>\n<meta property=\"og:site_name\" content=\"Curva 1\" \/>\n<meta property=\"article:publisher\" content=\"https:\/\/www.facebook.com\/revistacurva1\/\" \/>\n<meta property=\"article:published_time\" content=\"2016-07-29T16:44:04+00:00\" \/>\n<meta property=\"article:modified_time\" content=\"2016-07-29T22:12:45+00:00\" \/>\n<meta property=\"og:image\" content=\"https:\/\/curva1.com.ar\/wp-content\/uploads\/2016\/07\/dfasfad.jpg\" \/>\n\t<meta property=\"og:image:width\" content=\"700\" \/>\n\t<meta property=\"og:image:height\" content=\"466\" \/>\n<meta property=\"fb:app_id\" content=\"1593067817533208\" \/>\n<meta name=\"twitter:card\" content=\"summary_large_image\" \/>\n<meta name=\"twitter:creator\" content=\"@curva1mendoza\" \/>\n<meta name=\"twitter:site\" content=\"@curva1mendoza\" \/>\n<script type=\"application\/ld+json\" class=\"yoast-schema-graph\">{\"@context\":\"https:\/\/schema.org\",\"@graph\":[{\"@type\":\"WebSite\",\"@id\":\"https:\/\/curva1.com.ar\/#website\",\"url\":\"https:\/\/curva1.com.ar\/\",\"name\":\"Curva 1\",\"description\":\"Automovilismo de Mendoza\",\"potentialAction\":[{\"@type\":\"SearchAction\",\"target\":\"https:\/\/curva1.com.ar\/?s={search_term_string}\",\"query-input\":\"required name=search_term_string\"}],\"inLanguage\":\"en-US\"},{\"@type\":\"ImageObject\",\"@id\":\"https:\/\/curva1.com.ar\/?p=19409#primaryimage\",\"inLanguage\":\"en-US\",\"url\":\"https:\/\/curva1.com.ar\/wp-content\/uploads\/2016\/07\/dfasfad.jpg\",\"width\":700,\"height\":466},{\"@type\":\"WebPage\",\"@id\":\"https:\/\/curva1.com.ar\/?p=19409#webpage\",\"url\":\"https:\/\/curva1.com.ar\/?p=19409\",\"name\":\"Marcos Jakos confirm\\u00f3 que estar\\u00e1 corriendo junto a Mannarino - Curva 1\",\"isPartOf\":{\"@id\":\"https:\/\/curva1.com.ar\/#website\"},\"primaryImageOfPage\":{\"@id\":\"https:\/\/curva1.com.ar\/?p=19409#primaryimage\"},\"datePublished\":\"2016-07-29T16:44:04+00:00\",\"dateModified\":\"2016-07-29T22:12:45+00:00\",\"author\":{\"@id\":\"https:\/\/curva1.com.ar\/#\/schema\/person\/f5fd12984d70df7314fbd9ab42f31033\"},\"inLanguage\":\"en-US\",\"potentialAction\":[{\"@type\":\"ReadAction\",\"target\":[\"https:\/\/curva1.com.ar\/?p=19409\"]}]},{\"@type\":[\"Person\"],\"@id\":\"https:\/\/curva1.com.ar\/#\/schema\/person\/f5fd12984d70df7314fbd9ab42f31033\",\"name\":\"Jos\\u00e9 Bravo\",\"image\":{\"@type\":\"ImageObject\",\"@id\":\"https:\/\/curva1.com.ar\/#personlogo\",\"inLanguage\":\"en-US\",\"url\":\"https:\/\/secure.gravatar.com\/avatar\/3ae0b1fdc6ddeb723a6e6c23609ed39de1d40a94b8112fd2c0c2032e2dabf28b?s=96&d=identicon&r=g\",\"caption\":\"Jos\\u00e9 Bravo\"}}]}<\/script>\n<!-- \/ Yoast SEO Premium plugin. -->","_links":{"self":[{"href":"https:\/\/curva1.com.ar\/index.php?rest_route=\/wp\/v2\/posts\/19409","targetHints":{"allow":["GET"]}}],"collection":[{"href":"https:\/\/curva1.com.ar\/index.php?rest_route=\/wp\/v2\/posts"}],"about":[{"href":"https:\/\/curva1.com.ar\/index.php?rest_route=\/wp\/v2\/types\/post"}],"author":[{"embeddable":true,"href":"https:\/\/curva1.com.ar\/index.php?rest_route=\/wp\/v2\/users\/1"}],"replies":[{"embeddable":true,"href":"https:\/\/curva1.com.ar\/index.php?rest_route=%2Fwp%2Fv2%2Fcomments&post=19409"}],"version-history":[{"count":5,"href":"https:\/\/curva1.com.ar\/index.php?rest_route=\/wp\/v2\/posts\/19409\/revisions"}],"predecessor-version":[{"id":19435,"href":"https:\/\/curva1.com.ar\/index.php?rest_route=\/wp\/v2\/posts\/19409\/revisions\/19435"}],"wp:featuredmedia":[{"embeddable":true,"href":"https:\/\/curva1.com.ar\/index.php?rest_route=\/wp\/v2\/media\/19410"}],"wp:attachment":[{"href":"https:\/\/curva1.com.ar\/index.php?rest_route=%2Fwp%2Fv2%2Fmedia&parent=19409"}],"wp:term":[{"taxonomy":"category","embeddable":true,"href":"https:\/\/curva1.com.ar\/index.php?rest_route=%2Fwp%2Fv2%2Fcategories&post=19409"},{"taxonomy":"post_tag","embeddable":true,"href":"https:\/\/curva1.com.ar\/index.php?rest_route=%2Fwp%2Fv2%2Ftags&post=19409"}],"curies":[{"name":"wp","href":"https:\/\/api.w.org\/{rel}","templated":true}]}}