{"id":1941,"date":"2012-11-03T21:15:18","date_gmt":"2012-11-04T00:15:18","guid":{"rendered":"http:\/\/www.curva1.com.ar\/?p=1941"},"modified":"2012-11-03T22:19:10","modified_gmt":"2012-11-04T01:19:10","slug":"dieciocho-pilotos-de-distintas-categorias-probaron-en-san-martin","status":"publish","type":"post","link":"https:\/\/curva1.com.ar\/?p=1941","title":{"rendered":"Dieciocho pilotos de distintas categor\u00edas probaron en San Mart\u00edn"},"content":{"rendered":"<figure id=\"attachment_1942\" aria-describedby=\"caption-attachment-1942\" style=\"width: 500px\" class=\"wp-caption aligncenter\"><img loading=\"lazy\" decoding=\"async\" class=\"size-full wp-image-1942\" title=\"IMG_0406\" src=\"http:\/\/www.curva1.com.ar\/wp-content\/uploads\/2012\/11\/IMG_0406.jpg\" alt=\"\" width=\"500\" height=\"281\" srcset=\"https:\/\/curva1.com.ar\/wp-content\/uploads\/2012\/11\/IMG_0406.jpg 500w, https:\/\/curva1.com.ar\/wp-content\/uploads\/2012\/11\/IMG_0406-300x168.jpg 300w\" sizes=\"auto, (max-width: 500px) 100vw, 500px\" \/><figcaption id=\"caption-attachment-1942\" class=\"wp-caption-text\">Santib\u00e1\u00f1ez y Mathon, los sanmartinianos a bordo de los autos &#8220;nueva generaci\u00f3n&#8221; de la Clase 2<\/figcaption><\/figure>\n<p>En la tarde de hoy se dieron cita varios pilotos para probar sus m\u00e1quinas en la pista del Jorge Angel Pena. con una clima muy agradable y buen sol.<\/p>\n<p><strong>Por el zonal cuyano estuvieron girando:<\/strong><\/p>\n<blockquote><p>LUIS MATHON &#8211; En su Ford Fiesta de la Clase 2<\/p>\n<p>GUSTAVO SANTIBA\u00d1EZ &#8211; Con su Peugeot Clase 2<\/p>\n<p>PEPE TORRENT &#8211; A bordo del VW Gol<\/p>\n<p>MARTIN ANTOLIN &#8211; Con Gol<\/p>\n<p>CAITO MOLE &#8211; Con su Ford Escort<\/p>\n<p>NICOLAI &#8211; En su Chevy de TC Cuyano<\/p>\n<p>NICOLAS MOLE &#8211; En su Fiat 147 blanco del TP 1100<\/p>\n<p>ENRIQUE GIORGIOS &#8211; Con su Fiat 128 del Turismo Pista 1100<\/p><\/blockquote>\n<p><strong>Por Tradicionales prob\u00f3:<\/strong><\/p>\n<blockquote><p>CARLOS ARAYA (h) &#8211; A bordo del Renault Gordini de la tierra<\/p><\/blockquote>\n<p><strong>En el Kart\u00f3dromo estuvieron probando:<\/strong><\/p>\n<blockquote><p>JUAN MANUEL SEGURA &#8211; De la categor\u00eda 125 cc Pre J\u00fanior<\/p>\n<p>JORGE VITAR &#8211; Con el kart 125 cc Senior Pro que le prepara el Gualerzi Power Kart<\/p><\/blockquote>\n<p><strong>En motos de velocidad:<\/strong><\/p>\n<blockquote><p>Fueron 7 las unidades que giraron a gran velocidad en el mismo circuito usado por los autos del zonal.<\/p>\n<p>Walter, del equipo de Gudi\u00f1o, nos proporcion\u00f3 la informaci\u00f3n mediante la pistola de velocidad que marc\u00f3 251 km\/hora al final de la recta principal y una registro de 280 km\/h llegado a la curva tres del circuito.<\/p><\/blockquote>\n<h2 style=\"text-align: center;\"><span style=\"color: #ff0000;\"><strong>FOTOS DE LA JORNADA<\/strong><\/span><\/h2>\n<h2 style=\"text-align: center;\"><a href=\"http:\/\/www.facebook.com\/media\/set\/?set=a.10152253898480113.938639.338902660112&amp;type=1\" target=\"_blank\"><strong>Ver m\u00e1s fotos<\/strong><\/a><\/h2>\n<figure id=\"attachment_1948\" aria-describedby=\"caption-attachment-1948\" style=\"width: 500px\" class=\"wp-caption aligncenter\"><img loading=\"lazy\" decoding=\"async\" class=\"size-full wp-image-1948\" title=\"IMG_0400\" src=\"http:\/\/www.curva1.com.ar\/wp-content\/uploads\/2012\/11\/IMG_0400.jpg\" alt=\"\" width=\"500\" height=\"281\" srcset=\"https:\/\/curva1.com.ar\/wp-content\/uploads\/2012\/11\/IMG_0400.jpg 500w, https:\/\/curva1.com.ar\/wp-content\/uploads\/2012\/11\/IMG_0400-300x168.jpg 300w\" sizes=\"auto, (max-width: 500px) 100vw, 500px\" \/><figcaption id=\"caption-attachment-1948\" class=\"wp-caption-text\">Nicolai con su TC Cuyano rojo<\/figcaption><\/figure>\n<p><img loading=\"lazy\" decoding=\"async\" class=\"aligncenter size-full wp-image-1950\" title=\"IMG_0387\" src=\"http:\/\/www.curva1.com.ar\/wp-content\/uploads\/2012\/11\/IMG_0387.jpg\" alt=\"\" width=\"500\" height=\"281\" srcset=\"https:\/\/curva1.com.ar\/wp-content\/uploads\/2012\/11\/IMG_0387.jpg 500w, https:\/\/curva1.com.ar\/wp-content\/uploads\/2012\/11\/IMG_0387-300x168.jpg 300w\" sizes=\"auto, (max-width: 500px) 100vw, 500px\" \/><\/p>\n<figure id=\"attachment_1943\" aria-describedby=\"caption-attachment-1943\" style=\"width: 500px\" class=\"wp-caption aligncenter\"><img loading=\"lazy\" decoding=\"async\" class=\"size-full wp-image-1943\" title=\"IMG_0536\" src=\"http:\/\/www.curva1.com.ar\/wp-content\/uploads\/2012\/11\/IMG_0536.jpg\" alt=\"\" width=\"500\" height=\"281\" srcset=\"https:\/\/curva1.com.ar\/wp-content\/uploads\/2012\/11\/IMG_0536.jpg 500w, https:\/\/curva1.com.ar\/wp-content\/uploads\/2012\/11\/IMG_0536-300x168.jpg 300w\" sizes=\"auto, (max-width: 500px) 100vw, 500px\" \/><figcaption id=\"caption-attachment-1943\" class=\"wp-caption-text\">El &#8220;Negrito&#8221; Araya en su Gordini de la F\u00f3rmula 1100 de Tradicionales<\/figcaption><\/figure>\n<figure id=\"attachment_1944\" aria-describedby=\"caption-attachment-1944\" style=\"width: 500px\" class=\"wp-caption aligncenter\"><img loading=\"lazy\" decoding=\"async\" class=\"size-full wp-image-1944\" title=\"IMG_0526\" src=\"http:\/\/www.curva1.com.ar\/wp-content\/uploads\/2012\/11\/IMG_0526.jpg\" alt=\"\" width=\"500\" height=\"281\" srcset=\"https:\/\/curva1.com.ar\/wp-content\/uploads\/2012\/11\/IMG_0526.jpg 500w, https:\/\/curva1.com.ar\/wp-content\/uploads\/2012\/11\/IMG_0526-300x168.jpg 300w\" sizes=\"auto, (max-width: 500px) 100vw, 500px\" \/><figcaption id=\"caption-attachment-1944\" class=\"wp-caption-text\">Jorge Vitar del team Gualerzi<\/figcaption><\/figure>\n<figure id=\"attachment_1945\" aria-describedby=\"caption-attachment-1945\" style=\"width: 500px\" class=\"wp-caption aligncenter\"><img loading=\"lazy\" decoding=\"async\" class=\"size-full wp-image-1945\" title=\"IMG_0524\" src=\"http:\/\/www.curva1.com.ar\/wp-content\/uploads\/2012\/11\/IMG_0524.jpg\" alt=\"\" width=\"500\" height=\"281\" srcset=\"https:\/\/curva1.com.ar\/wp-content\/uploads\/2012\/11\/IMG_0524.jpg 500w, https:\/\/curva1.com.ar\/wp-content\/uploads\/2012\/11\/IMG_0524-300x168.jpg 300w\" sizes=\"auto, (max-width: 500px) 100vw, 500px\" \/><figcaption id=\"caption-attachment-1945\" class=\"wp-caption-text\">Juan Manuel Segura, el ganador de la 1\u00ba y 2\u00ba fecha de la 125 cc Pre J\u00fanior<\/figcaption><\/figure>\n<p><img loading=\"lazy\" decoding=\"async\" class=\"aligncenter size-full wp-image-1946\" title=\"IMG_0478\" src=\"http:\/\/www.curva1.com.ar\/wp-content\/uploads\/2012\/11\/IMG_0478.jpg\" alt=\"\" width=\"500\" height=\"281\" srcset=\"https:\/\/curva1.com.ar\/wp-content\/uploads\/2012\/11\/IMG_0478.jpg 500w, https:\/\/curva1.com.ar\/wp-content\/uploads\/2012\/11\/IMG_0478-300x168.jpg 300w\" sizes=\"auto, (max-width: 500px) 100vw, 500px\" \/><\/p>\n<p><img loading=\"lazy\" decoding=\"async\" class=\"aligncenter size-full wp-image-1947\" title=\"IMG_0562\" src=\"http:\/\/www.curva1.com.ar\/wp-content\/uploads\/2012\/11\/IMG_0562.jpg\" alt=\"\" width=\"500\" height=\"281\" srcset=\"https:\/\/curva1.com.ar\/wp-content\/uploads\/2012\/11\/IMG_0562.jpg 500w, https:\/\/curva1.com.ar\/wp-content\/uploads\/2012\/11\/IMG_0562-300x168.jpg 300w\" sizes=\"auto, (max-width: 500px) 100vw, 500px\" \/><\/p>\n","protected":false},"excerpt":{"rendered":"<p>En la tarde de hoy se dieron cita varios pilotos para probar sus m\u00e1quinas en<\/p>\n","protected":false},"author":1,"featured_media":1942,"comment_status":"open","ping_status":"closed","sticky":false,"template":"","format":"standard","meta":{"footnotes":""},"categories":[10,6],"tags":[],"class_list":["post-1941","post","type-post","status-publish","format-standard","has-post-thumbnail","hentry","category-motos","category-nacionales"],"featured_image_urls":{"full":["https:\/\/curva1.com.ar\/wp-content\/uploads\/2012\/11\/IMG_0406.jpg",500,281,false],"thumbnail":["https:\/\/curva1.com.ar\/wp-content\/uploads\/2012\/11\/IMG_0406-150x150.jpg",150,150,true],"medium":["https:\/\/curva1.com.ar\/wp-content\/uploads\/2012\/11\/IMG_0406-300x168.jpg",300,168,true],"medium_large":["https:\/\/curva1.com.ar\/wp-content\/uploads\/2012\/11\/IMG_0406.jpg",500,281,false],"large":["https:\/\/curva1.com.ar\/wp-content\/uploads\/2012\/11\/IMG_0406.jpg",500,281,false],"1536x1536":["https:\/\/curva1.com.ar\/wp-content\/uploads\/2012\/11\/IMG_0406.jpg",500,281,false],"2048x2048":["https:\/\/curva1.com.ar\/wp-content\/uploads\/2012\/11\/IMG_0406.jpg",500,281,false],"chromenews-featured":["https:\/\/curva1.com.ar\/wp-content\/uploads\/2012\/11\/IMG_0406.jpg",500,281,false],"chromenews-large":["https:\/\/curva1.com.ar\/wp-content\/uploads\/2012\/11\/IMG_0406.jpg",500,281,false],"chromenews-medium":["https:\/\/curva1.com.ar\/wp-content\/uploads\/2012\/11\/IMG_0406.jpg",500,281,false]},"author_info":{"display_name":"Jos\u00e9 Bravo","author_link":"https:\/\/curva1.com.ar\/?author=1"},"category_info":"<a href=\"https:\/\/curva1.com.ar\/?cat=10\" rel=\"category\">Motos<\/a> <a href=\"https:\/\/curva1.com.ar\/?cat=6\" rel=\"category\">Nacionales<\/a>","tag_info":"Nacionales","comment_count":"0","_links":{"self":[{"href":"https:\/\/curva1.com.ar\/index.php?rest_route=\/wp\/v2\/posts\/1941","targetHints":{"allow":["GET"]}}],"collection":[{"href":"https:\/\/curva1.com.ar\/index.php?rest_route=\/wp\/v2\/posts"}],"about":[{"href":"https:\/\/curva1.com.ar\/index.php?rest_route=\/wp\/v2\/types\/post"}],"author":[{"embeddable":true,"href":"https:\/\/curva1.com.ar\/index.php?rest_route=\/wp\/v2\/users\/1"}],"replies":[{"embeddable":true,"href":"https:\/\/curva1.com.ar\/index.php?rest_route=%2Fwp%2Fv2%2Fcomments&post=1941"}],"version-history":[{"count":7,"href":"https:\/\/curva1.com.ar\/index.php?rest_route=\/wp\/v2\/posts\/1941\/revisions"}],"predecessor-version":[{"id":1953,"href":"https:\/\/curva1.com.ar\/index.php?rest_route=\/wp\/v2\/posts\/1941\/revisions\/1953"}],"wp:featuredmedia":[{"embeddable":true,"href":"https:\/\/curva1.com.ar\/index.php?rest_route=\/wp\/v2\/media\/1942"}],"wp:attachment":[{"href":"https:\/\/curva1.com.ar\/index.php?rest_route=%2Fwp%2Fv2%2Fmedia&parent=1941"}],"wp:term":[{"taxonomy":"category","embeddable":true,"href":"https:\/\/curva1.com.ar\/index.php?rest_route=%2Fwp%2Fv2%2Fcategories&post=1941"},{"taxonomy":"post_tag","embeddable":true,"href":"https:\/\/curva1.com.ar\/index.php?rest_route=%2Fwp%2Fv2%2Ftags&post=1941"}],"curies":[{"name":"wp","href":"https:\/\/api.w.org\/{rel}","templated":true}]}}