{"id":19420,"date":"2016-07-29T18:50:39","date_gmt":"2016-07-29T21:50:39","guid":{"rendered":"http:\/\/www.curva1.com.ar\/?p=19420"},"modified":"2016-07-29T19:10:19","modified_gmt":"2016-07-29T22:10:19","slug":"la-familia-fernandez-completa-estara-en-pista-en-la-promocional-1-4-del-zonal","status":"publish","type":"post","link":"https:\/\/curva1.com.ar\/?p=19420","title":{"rendered":"La familia Fern\u00e1ndez completa estar\u00e1 en la Promocional 1.4"},"content":{"rendered":"<p><img loading=\"lazy\" decoding=\"async\" class=\"aligncenter size-full wp-image-19425\" src=\"http:\/\/www.curva1.com.ar\/wp-content\/uploads\/2016\/07\/IMG_20160729_160826927_HDR.jpg\" alt=\"IMG_20160729_160826927_HDR\" width=\"700\" height=\"394\" srcset=\"https:\/\/curva1.com.ar\/wp-content\/uploads\/2016\/07\/IMG_20160729_160826927_HDR.jpg 700w, https:\/\/curva1.com.ar\/wp-content\/uploads\/2016\/07\/IMG_20160729_160826927_HDR-300x169.jpg 300w, https:\/\/curva1.com.ar\/wp-content\/uploads\/2016\/07\/IMG_20160729_160826927_HDR-600x337.jpg 600w\" sizes=\"auto, (max-width: 700px) 100vw, 700px\" \/><\/p>\n<p>&#8220;Gallego&#8221; Fern\u00e1ndez competir\u00e1 de titular en el Turismo Promocional 1.4 del Zonal Cuyano. Su invitado ser\u00e1 su hijo menor Franco, mientras que su otro hijo Manuel, ser\u00e1 invitado de Alberto Antich.<\/p>\n<p>Hoy probaron los tres en San Mart\u00edn y ac\u00e1 te dejamos sus palabras.<\/p>\n<p>ALEJANDRO FERNANDEZ<\/p>\n<audio class=\"wp-audio-shortcode\" id=\"audio-19420-1\" preload=\"none\" style=\"width: 100%;\" controls=\"controls\"><source type=\"audio\/mpeg\" src=\"http:\/\/www.curva1.com.ar\/wp-content\/uploads\/2016\/07\/Gallego.mp3?_=1\" \/><a href=\"http:\/\/www.curva1.com.ar\/wp-content\/uploads\/2016\/07\/Gallego.mp3\">http:\/\/www.curva1.com.ar\/wp-content\/uploads\/2016\/07\/Gallego.mp3<\/a><\/audio>\n<p>.<\/p>\n<p>FRANCO FERNANDEZ<\/p>\n<audio class=\"wp-audio-shortcode\" id=\"audio-19420-2\" preload=\"none\" style=\"width: 100%;\" controls=\"controls\"><source type=\"audio\/mpeg\" src=\"http:\/\/www.curva1.com.ar\/wp-content\/uploads\/2016\/07\/Franco-Fern\u00e1ndez.mp3?_=2\" \/><a href=\"http:\/\/www.curva1.com.ar\/wp-content\/uploads\/2016\/07\/Franco-Fern\u00e1ndez.mp3\">http:\/\/www.curva1.com.ar\/wp-content\/uploads\/2016\/07\/Franco-Fern\u00e1ndez.mp3<\/a><\/audio>\n<p>.<\/p>\n<p>MANUEL FERNANDEZ<\/p>\n<audio class=\"wp-audio-shortcode\" id=\"audio-19420-3\" preload=\"none\" style=\"width: 100%;\" controls=\"controls\"><source type=\"audio\/mpeg\" src=\"http:\/\/www.curva1.com.ar\/wp-content\/uploads\/2016\/07\/Manuuu.mp3?_=3\" \/><a href=\"http:\/\/www.curva1.com.ar\/wp-content\/uploads\/2016\/07\/Manuuu.mp3\">http:\/\/www.curva1.com.ar\/wp-content\/uploads\/2016\/07\/Manuuu.mp3<\/a><\/audio>\n<p>.<\/p>\n","protected":false},"excerpt":{"rendered":"<p>&#8220;Gallego&#8221; Fern\u00e1ndez competir\u00e1 de titular en el Turismo Promocional 1.4 del Zonal Cuyano. Su invitado<\/p>\n","protected":false},"author":1,"featured_media":19425,"comment_status":"closed","ping_status":"closed","sticky":false,"template":"","format":"standard","meta":{"footnotes":""},"categories":[1],"tags":[],"class_list":["post-19420","post","type-post","status-publish","format-standard","has-post-thumbnail","hentry","category-zonal-cuyano"],"featured_image_urls":{"full":["https:\/\/curva1.com.ar\/wp-content\/uploads\/2016\/07\/IMG_20160729_160826927_HDR.jpg",700,394,false],"thumbnail":["https:\/\/curva1.com.ar\/wp-content\/uploads\/2016\/07\/IMG_20160729_160826927_HDR-300x169.jpg",300,169,true],"medium":["https:\/\/curva1.com.ar\/wp-content\/uploads\/2016\/07\/IMG_20160729_160826927_HDR-600x337.jpg",600,337,true],"medium_large":["https:\/\/curva1.com.ar\/wp-content\/uploads\/2016\/07\/IMG_20160729_160826927_HDR.jpg",640,360,false],"large":["https:\/\/curva1.com.ar\/wp-content\/uploads\/2016\/07\/IMG_20160729_160826927_HDR.jpg",640,360,false],"1536x1536":["https:\/\/curva1.com.ar\/wp-content\/uploads\/2016\/07\/IMG_20160729_160826927_HDR.jpg",700,394,false],"2048x2048":["https:\/\/curva1.com.ar\/wp-content\/uploads\/2016\/07\/IMG_20160729_160826927_HDR.jpg",700,394,false],"chromenews-featured":["https:\/\/curva1.com.ar\/wp-content\/uploads\/2016\/07\/IMG_20160729_160826927_HDR.jpg",700,394,false],"chromenews-large":["https:\/\/curva1.com.ar\/wp-content\/uploads\/2016\/07\/IMG_20160729_160826927_HDR.jpg",700,394,false],"chromenews-medium":["https:\/\/curva1.com.ar\/wp-content\/uploads\/2016\/07\/IMG_20160729_160826927_HDR.jpg",590,332,false]},"author_info":{"display_name":"Jos\u00e9 Bravo","author_link":"https:\/\/curva1.com.ar\/?author=1"},"category_info":"<a href=\"https:\/\/curva1.com.ar\/?cat=1\" rel=\"category\">Zonal Cuyano<\/a>","tag_info":"Zonal Cuyano","comment_count":"0","yoast_head":"<!-- This site is optimized with the Yoast SEO Premium plugin v14.7 - https:\/\/yoast.com\/wordpress\/plugins\/seo\/ -->\n<title>La familia Fern\u00e1ndez completa estar\u00e1 en la Promocional 1.4 - Curva 1<\/title>\n<meta name=\"robots\" content=\"index, follow\" \/>\n<meta name=\"googlebot\" content=\"index, follow, max-snippet:-1, max-image-preview:large, max-video-preview:-1\" \/>\n<meta name=\"bingbot\" content=\"index, follow, max-snippet:-1, max-image-preview:large, max-video-preview:-1\" \/>\n<link rel=\"canonical\" href=\"https:\/\/curva1.com.ar\/?p=19420\" \/>\n<meta property=\"og:locale\" content=\"en_US\" \/>\n<meta property=\"og:type\" content=\"article\" \/>\n<meta property=\"og:title\" content=\"La familia Fern\u00e1ndez completa estar\u00e1 en la Promocional 1.4 - Curva 1\" \/>\n<meta property=\"og:description\" content=\"&#8220;Gallego&#8221; Fern\u00e1ndez competir\u00e1 de titular en el Turismo Promocional 1.4 del Zonal Cuyano. Su invitado\" \/>\n<meta property=\"og:url\" content=\"https:\/\/curva1.com.ar\/?p=19420\" \/>\n<meta property=\"og:site_name\" content=\"Curva 1\" \/>\n<meta property=\"article:publisher\" content=\"https:\/\/www.facebook.com\/revistacurva1\/\" \/>\n<meta property=\"article:published_time\" content=\"2016-07-29T21:50:39+00:00\" \/>\n<meta property=\"article:modified_time\" content=\"2016-07-29T22:10:19+00:00\" \/>\n<meta property=\"og:image\" content=\"https:\/\/curva1.com.ar\/wp-content\/uploads\/2016\/07\/IMG_20160729_160826927_HDR.jpg\" \/>\n\t<meta property=\"og:image:width\" content=\"700\" \/>\n\t<meta property=\"og:image:height\" content=\"394\" \/>\n<meta property=\"fb:app_id\" content=\"1593067817533208\" \/>\n<meta name=\"twitter:card\" content=\"summary_large_image\" \/>\n<meta name=\"twitter:creator\" content=\"@curva1mendoza\" \/>\n<meta name=\"twitter:site\" content=\"@curva1mendoza\" \/>\n<script type=\"application\/ld+json\" class=\"yoast-schema-graph\">{\"@context\":\"https:\/\/schema.org\",\"@graph\":[{\"@type\":\"WebSite\",\"@id\":\"https:\/\/curva1.com.ar\/#website\",\"url\":\"https:\/\/curva1.com.ar\/\",\"name\":\"Curva 1\",\"description\":\"Automovilismo de Mendoza\",\"potentialAction\":[{\"@type\":\"SearchAction\",\"target\":\"https:\/\/curva1.com.ar\/?s={search_term_string}\",\"query-input\":\"required name=search_term_string\"}],\"inLanguage\":\"en-US\"},{\"@type\":\"ImageObject\",\"@id\":\"https:\/\/curva1.com.ar\/?p=19420#primaryimage\",\"inLanguage\":\"en-US\",\"url\":\"https:\/\/curva1.com.ar\/wp-content\/uploads\/2016\/07\/IMG_20160729_160826927_HDR.jpg\",\"width\":700,\"height\":394},{\"@type\":\"WebPage\",\"@id\":\"https:\/\/curva1.com.ar\/?p=19420#webpage\",\"url\":\"https:\/\/curva1.com.ar\/?p=19420\",\"name\":\"La familia Fern\\u00e1ndez completa estar\\u00e1 en la Promocional 1.4 - Curva 1\",\"isPartOf\":{\"@id\":\"https:\/\/curva1.com.ar\/#website\"},\"primaryImageOfPage\":{\"@id\":\"https:\/\/curva1.com.ar\/?p=19420#primaryimage\"},\"datePublished\":\"2016-07-29T21:50:39+00:00\",\"dateModified\":\"2016-07-29T22:10:19+00:00\",\"author\":{\"@id\":\"https:\/\/curva1.com.ar\/#\/schema\/person\/f5fd12984d70df7314fbd9ab42f31033\"},\"inLanguage\":\"en-US\",\"potentialAction\":[{\"@type\":\"ReadAction\",\"target\":[\"https:\/\/curva1.com.ar\/?p=19420\"]}]},{\"@type\":[\"Person\"],\"@id\":\"https:\/\/curva1.com.ar\/#\/schema\/person\/f5fd12984d70df7314fbd9ab42f31033\",\"name\":\"Jos\\u00e9 Bravo\",\"image\":{\"@type\":\"ImageObject\",\"@id\":\"https:\/\/curva1.com.ar\/#personlogo\",\"inLanguage\":\"en-US\",\"url\":\"https:\/\/secure.gravatar.com\/avatar\/3ae0b1fdc6ddeb723a6e6c23609ed39de1d40a94b8112fd2c0c2032e2dabf28b?s=96&d=identicon&r=g\",\"caption\":\"Jos\\u00e9 Bravo\"}}]}<\/script>\n<!-- \/ Yoast SEO Premium plugin. -->","_links":{"self":[{"href":"https:\/\/curva1.com.ar\/index.php?rest_route=\/wp\/v2\/posts\/19420","targetHints":{"allow":["GET"]}}],"collection":[{"href":"https:\/\/curva1.com.ar\/index.php?rest_route=\/wp\/v2\/posts"}],"about":[{"href":"https:\/\/curva1.com.ar\/index.php?rest_route=\/wp\/v2\/types\/post"}],"author":[{"embeddable":true,"href":"https:\/\/curva1.com.ar\/index.php?rest_route=\/wp\/v2\/users\/1"}],"replies":[{"embeddable":true,"href":"https:\/\/curva1.com.ar\/index.php?rest_route=%2Fwp%2Fv2%2Fcomments&post=19420"}],"version-history":[{"count":3,"href":"https:\/\/curva1.com.ar\/index.php?rest_route=\/wp\/v2\/posts\/19420\/revisions"}],"predecessor-version":[{"id":19434,"href":"https:\/\/curva1.com.ar\/index.php?rest_route=\/wp\/v2\/posts\/19420\/revisions\/19434"}],"wp:featuredmedia":[{"embeddable":true,"href":"https:\/\/curva1.com.ar\/index.php?rest_route=\/wp\/v2\/media\/19425"}],"wp:attachment":[{"href":"https:\/\/curva1.com.ar\/index.php?rest_route=%2Fwp%2Fv2%2Fmedia&parent=19420"}],"wp:term":[{"taxonomy":"category","embeddable":true,"href":"https:\/\/curva1.com.ar\/index.php?rest_route=%2Fwp%2Fv2%2Fcategories&post=19420"},{"taxonomy":"post_tag","embeddable":true,"href":"https:\/\/curva1.com.ar\/index.php?rest_route=%2Fwp%2Fv2%2Ftags&post=19420"}],"curies":[{"name":"wp","href":"https:\/\/api.w.org\/{rel}","templated":true}]}}