{"id":19427,"date":"2016-07-29T19:01:51","date_gmt":"2016-07-29T22:01:51","guid":{"rendered":"http:\/\/www.curva1.com.ar\/?p=19427"},"modified":"2016-07-29T19:56:11","modified_gmt":"2016-07-29T22:56:11","slug":"la-cantina-del-autodromo-se-convertira-en-restobar-y-comenzaron-las-obras","status":"publish","type":"post","link":"https:\/\/curva1.com.ar\/?p=19427","title":{"rendered":"Obras para convertir la cantina del aut\u00f3dromo en bar tem\u00e1tico"},"content":{"rendered":"<p><img loading=\"lazy\" decoding=\"async\" class=\"aligncenter size-full wp-image-19428\" src=\"http:\/\/www.curva1.com.ar\/wp-content\/uploads\/2016\/07\/IMG_20160729_161808269_HDR.jpg\" alt=\"IMG_20160729_161808269_HDR\" width=\"700\" height=\"394\" srcset=\"https:\/\/curva1.com.ar\/wp-content\/uploads\/2016\/07\/IMG_20160729_161808269_HDR.jpg 700w, https:\/\/curva1.com.ar\/wp-content\/uploads\/2016\/07\/IMG_20160729_161808269_HDR-300x169.jpg 300w, https:\/\/curva1.com.ar\/wp-content\/uploads\/2016\/07\/IMG_20160729_161808269_HDR-600x337.jpg 600w\" sizes=\"auto, (max-width: 700px) 100vw, 700px\" \/><\/p>\n<p>Alejandro Fern\u00e1ndez, presidente del AVE, habl\u00f3 con Curva 1 sobre las obras que se est\u00e1n desarrollando en la cantina del aut\u00f3dromo.<\/p>\n<p><strong>&#8220;Hemos llegado a un acuerdo con una entidad para que se haga cargo de la cantina. Hemos ingresando en la primera parte de las obras de lo que ser\u00e1 un bar tem\u00e1tico y la idea es que funcione todos los fines de semana, primero con las actividades del aut\u00f3dromo, para eventos especiales y tambi\u00e9n para quien desee venir a comer algo&#8221;<\/strong>\u00a0 dijo el dirigente este\u00f1o.<\/p>\n<p><img loading=\"lazy\" decoding=\"async\" class=\"aligncenter size-full wp-image-19429\" src=\"http:\/\/www.curva1.com.ar\/wp-content\/uploads\/2016\/07\/IMG_20160729_161848631_HDR.jpg\" alt=\"IMG_20160729_161848631_HDR\" width=\"700\" height=\"394\" srcset=\"https:\/\/curva1.com.ar\/wp-content\/uploads\/2016\/07\/IMG_20160729_161848631_HDR.jpg 700w, https:\/\/curva1.com.ar\/wp-content\/uploads\/2016\/07\/IMG_20160729_161848631_HDR-300x169.jpg 300w, https:\/\/curva1.com.ar\/wp-content\/uploads\/2016\/07\/IMG_20160729_161848631_HDR-600x337.jpg 600w\" sizes=\"auto, (max-width: 700px) 100vw, 700px\" \/> <img loading=\"lazy\" decoding=\"async\" class=\"aligncenter size-full wp-image-19430\" src=\"http:\/\/www.curva1.com.ar\/wp-content\/uploads\/2016\/07\/IMG_20160729_161901392.jpg\" alt=\"IMG_20160729_161901392\" width=\"700\" height=\"394\" srcset=\"https:\/\/curva1.com.ar\/wp-content\/uploads\/2016\/07\/IMG_20160729_161901392.jpg 700w, https:\/\/curva1.com.ar\/wp-content\/uploads\/2016\/07\/IMG_20160729_161901392-300x169.jpg 300w, https:\/\/curva1.com.ar\/wp-content\/uploads\/2016\/07\/IMG_20160729_161901392-600x337.jpg 600w\" sizes=\"auto, (max-width: 700px) 100vw, 700px\" \/><\/p>\n","protected":false},"excerpt":{"rendered":"<p>Alejandro Fern\u00e1ndez, presidente del AVE, habl\u00f3 con Curva 1 sobre las obras que se est\u00e1n<\/p>\n","protected":false},"author":1,"featured_media":19428,"comment_status":"closed","ping_status":"closed","sticky":false,"template":"","format":"standard","meta":{"footnotes":""},"categories":[1],"tags":[],"class_list":["post-19427","post","type-post","status-publish","format-standard","has-post-thumbnail","hentry","category-zonal-cuyano"],"featured_image_urls":{"full":["https:\/\/curva1.com.ar\/wp-content\/uploads\/2016\/07\/IMG_20160729_161808269_HDR.jpg",700,394,false],"thumbnail":["https:\/\/curva1.com.ar\/wp-content\/uploads\/2016\/07\/IMG_20160729_161808269_HDR-300x169.jpg",300,169,true],"medium":["https:\/\/curva1.com.ar\/wp-content\/uploads\/2016\/07\/IMG_20160729_161808269_HDR-600x337.jpg",600,337,true],"medium_large":["https:\/\/curva1.com.ar\/wp-content\/uploads\/2016\/07\/IMG_20160729_161808269_HDR.jpg",640,360,false],"large":["https:\/\/curva1.com.ar\/wp-content\/uploads\/2016\/07\/IMG_20160729_161808269_HDR.jpg",640,360,false],"1536x1536":["https:\/\/curva1.com.ar\/wp-content\/uploads\/2016\/07\/IMG_20160729_161808269_HDR.jpg",700,394,false],"2048x2048":["https:\/\/curva1.com.ar\/wp-content\/uploads\/2016\/07\/IMG_20160729_161808269_HDR.jpg",700,394,false],"chromenews-featured":["https:\/\/curva1.com.ar\/wp-content\/uploads\/2016\/07\/IMG_20160729_161808269_HDR.jpg",700,394,false],"chromenews-large":["https:\/\/curva1.com.ar\/wp-content\/uploads\/2016\/07\/IMG_20160729_161808269_HDR.jpg",700,394,false],"chromenews-medium":["https:\/\/curva1.com.ar\/wp-content\/uploads\/2016\/07\/IMG_20160729_161808269_HDR.jpg",590,332,false]},"author_info":{"display_name":"Jos\u00e9 Bravo","author_link":"https:\/\/curva1.com.ar\/?author=1"},"category_info":"<a href=\"https:\/\/curva1.com.ar\/?cat=1\" rel=\"category\">Zonal Cuyano<\/a>","tag_info":"Zonal Cuyano","comment_count":"0","yoast_head":"<!-- This site is optimized with the Yoast SEO Premium plugin v14.7 - https:\/\/yoast.com\/wordpress\/plugins\/seo\/ -->\n<title>Obras para convertir la cantina del aut\u00f3dromo en bar tem\u00e1tico - Curva 1<\/title>\n<meta name=\"robots\" content=\"index, follow\" \/>\n<meta name=\"googlebot\" content=\"index, follow, max-snippet:-1, max-image-preview:large, max-video-preview:-1\" \/>\n<meta name=\"bingbot\" content=\"index, follow, max-snippet:-1, max-image-preview:large, max-video-preview:-1\" \/>\n<link rel=\"canonical\" href=\"https:\/\/curva1.com.ar\/?p=19427\" \/>\n<meta property=\"og:locale\" content=\"en_US\" \/>\n<meta property=\"og:type\" content=\"article\" \/>\n<meta property=\"og:title\" content=\"Obras para convertir la cantina del aut\u00f3dromo en bar tem\u00e1tico - Curva 1\" \/>\n<meta property=\"og:description\" content=\"Alejandro Fern\u00e1ndez, presidente del AVE, habl\u00f3 con Curva 1 sobre las obras que se est\u00e1n\" \/>\n<meta property=\"og:url\" content=\"https:\/\/curva1.com.ar\/?p=19427\" \/>\n<meta property=\"og:site_name\" content=\"Curva 1\" \/>\n<meta property=\"article:publisher\" content=\"https:\/\/www.facebook.com\/revistacurva1\/\" \/>\n<meta property=\"article:published_time\" content=\"2016-07-29T22:01:51+00:00\" \/>\n<meta property=\"article:modified_time\" content=\"2016-07-29T22:56:11+00:00\" \/>\n<meta property=\"og:image\" content=\"https:\/\/curva1.com.ar\/wp-content\/uploads\/2016\/07\/IMG_20160729_161808269_HDR.jpg\" \/>\n\t<meta property=\"og:image:width\" content=\"700\" \/>\n\t<meta property=\"og:image:height\" content=\"394\" \/>\n<meta property=\"fb:app_id\" content=\"1593067817533208\" \/>\n<meta name=\"twitter:card\" content=\"summary_large_image\" \/>\n<meta name=\"twitter:creator\" content=\"@curva1mendoza\" \/>\n<meta name=\"twitter:site\" content=\"@curva1mendoza\" \/>\n<script type=\"application\/ld+json\" class=\"yoast-schema-graph\">{\"@context\":\"https:\/\/schema.org\",\"@graph\":[{\"@type\":\"WebSite\",\"@id\":\"https:\/\/curva1.com.ar\/#website\",\"url\":\"https:\/\/curva1.com.ar\/\",\"name\":\"Curva 1\",\"description\":\"Automovilismo de Mendoza\",\"potentialAction\":[{\"@type\":\"SearchAction\",\"target\":\"https:\/\/curva1.com.ar\/?s={search_term_string}\",\"query-input\":\"required name=search_term_string\"}],\"inLanguage\":\"en-US\"},{\"@type\":\"ImageObject\",\"@id\":\"https:\/\/curva1.com.ar\/?p=19427#primaryimage\",\"inLanguage\":\"en-US\",\"url\":\"https:\/\/curva1.com.ar\/wp-content\/uploads\/2016\/07\/IMG_20160729_161808269_HDR.jpg\",\"width\":700,\"height\":394},{\"@type\":\"WebPage\",\"@id\":\"https:\/\/curva1.com.ar\/?p=19427#webpage\",\"url\":\"https:\/\/curva1.com.ar\/?p=19427\",\"name\":\"Obras para convertir la cantina del aut\\u00f3dromo en bar tem\\u00e1tico - Curva 1\",\"isPartOf\":{\"@id\":\"https:\/\/curva1.com.ar\/#website\"},\"primaryImageOfPage\":{\"@id\":\"https:\/\/curva1.com.ar\/?p=19427#primaryimage\"},\"datePublished\":\"2016-07-29T22:01:51+00:00\",\"dateModified\":\"2016-07-29T22:56:11+00:00\",\"author\":{\"@id\":\"https:\/\/curva1.com.ar\/#\/schema\/person\/f5fd12984d70df7314fbd9ab42f31033\"},\"inLanguage\":\"en-US\",\"potentialAction\":[{\"@type\":\"ReadAction\",\"target\":[\"https:\/\/curva1.com.ar\/?p=19427\"]}]},{\"@type\":[\"Person\"],\"@id\":\"https:\/\/curva1.com.ar\/#\/schema\/person\/f5fd12984d70df7314fbd9ab42f31033\",\"name\":\"Jos\\u00e9 Bravo\",\"image\":{\"@type\":\"ImageObject\",\"@id\":\"https:\/\/curva1.com.ar\/#personlogo\",\"inLanguage\":\"en-US\",\"url\":\"https:\/\/secure.gravatar.com\/avatar\/3ae0b1fdc6ddeb723a6e6c23609ed39de1d40a94b8112fd2c0c2032e2dabf28b?s=96&d=identicon&r=g\",\"caption\":\"Jos\\u00e9 Bravo\"}}]}<\/script>\n<!-- \/ Yoast SEO Premium plugin. -->","_links":{"self":[{"href":"https:\/\/curva1.com.ar\/index.php?rest_route=\/wp\/v2\/posts\/19427","targetHints":{"allow":["GET"]}}],"collection":[{"href":"https:\/\/curva1.com.ar\/index.php?rest_route=\/wp\/v2\/posts"}],"about":[{"href":"https:\/\/curva1.com.ar\/index.php?rest_route=\/wp\/v2\/types\/post"}],"author":[{"embeddable":true,"href":"https:\/\/curva1.com.ar\/index.php?rest_route=\/wp\/v2\/users\/1"}],"replies":[{"embeddable":true,"href":"https:\/\/curva1.com.ar\/index.php?rest_route=%2Fwp%2Fv2%2Fcomments&post=19427"}],"version-history":[{"count":3,"href":"https:\/\/curva1.com.ar\/index.php?rest_route=\/wp\/v2\/posts\/19427\/revisions"}],"predecessor-version":[{"id":19449,"href":"https:\/\/curva1.com.ar\/index.php?rest_route=\/wp\/v2\/posts\/19427\/revisions\/19449"}],"wp:featuredmedia":[{"embeddable":true,"href":"https:\/\/curva1.com.ar\/index.php?rest_route=\/wp\/v2\/media\/19428"}],"wp:attachment":[{"href":"https:\/\/curva1.com.ar\/index.php?rest_route=%2Fwp%2Fv2%2Fmedia&parent=19427"}],"wp:term":[{"taxonomy":"category","embeddable":true,"href":"https:\/\/curva1.com.ar\/index.php?rest_route=%2Fwp%2Fv2%2Fcategories&post=19427"},{"taxonomy":"post_tag","embeddable":true,"href":"https:\/\/curva1.com.ar\/index.php?rest_route=%2Fwp%2Fv2%2Ftags&post=19427"}],"curies":[{"name":"wp","href":"https:\/\/api.w.org\/{rel}","templated":true}]}}