{"id":19433,"date":"2016-07-29T19:52:25","date_gmt":"2016-07-29T22:52:25","guid":{"rendered":"http:\/\/www.curva1.com.ar\/?p=19433"},"modified":"2016-07-30T20:44:00","modified_gmt":"2016-07-30T23:44:00","slug":"tobias-martinez-y-fabrizio-persia-probaron-y-seran-dupla-para-el-zonal","status":"publish","type":"post","link":"https:\/\/curva1.com.ar\/?p=19433","title":{"rendered":"Tob\u00edas Mart\u00ednez y Fabrizio Persia ser\u00e1n dupla para el Zonal"},"content":{"rendered":"<p><img loading=\"lazy\" decoding=\"async\" class=\"aligncenter size-full wp-image-19438\" src=\"http:\/\/www.curva1.com.ar\/wp-content\/uploads\/2016\/07\/IMG_20160729_155709904_HDR.jpg\" alt=\"IMG_20160729_155709904_HDR\" width=\"700\" height=\"394\" srcset=\"https:\/\/curva1.com.ar\/wp-content\/uploads\/2016\/07\/IMG_20160729_155709904_HDR.jpg 700w, https:\/\/curva1.com.ar\/wp-content\/uploads\/2016\/07\/IMG_20160729_155709904_HDR-300x169.jpg 300w, https:\/\/curva1.com.ar\/wp-content\/uploads\/2016\/07\/IMG_20160729_155709904_HDR-600x337.jpg 600w\" sizes=\"auto, (max-width: 700px) 100vw, 700px\" \/><\/p>\n<p>Los pilotos sanjuaninos probaron en San Mart\u00edn y se preparan para la carrera de invitados de la Promocional 1.4 que disputar\u00e1 el Zonal Cuyano el 6 y 7 de Agosto pr\u00f3ximo.<\/p>\n<p>Tob\u00edas hizo muy buenos parciales en el recuperado auto que le atiende Ariel Persia. Fabrizio viene de ganar en el Top Race y estuvo de &#8220;coach&#8221; del joven kartista.<\/p>\n<p>TOBIAS MARTINEZ<\/p>\n<audio class=\"wp-audio-shortcode\" id=\"audio-19433-1\" preload=\"none\" style=\"width: 100%;\" controls=\"controls\"><source type=\"audio\/mpeg\" src=\"http:\/\/www.curva1.com.ar\/wp-content\/uploads\/2016\/07\/Robias.mp3?_=1\" \/><a href=\"http:\/\/www.curva1.com.ar\/wp-content\/uploads\/2016\/07\/Robias.mp3\">http:\/\/www.curva1.com.ar\/wp-content\/uploads\/2016\/07\/Robias.mp3<\/a><\/audio>\n<p>.<\/p>\n<p>FABRIZIO PERSIA<\/p>\n<audio class=\"wp-audio-shortcode\" id=\"audio-19433-2\" preload=\"none\" style=\"width: 100%;\" controls=\"controls\"><source type=\"audio\/mpeg\" src=\"http:\/\/www.curva1.com.ar\/wp-content\/uploads\/2016\/07\/Pesiaaa.mp3?_=2\" \/><a href=\"http:\/\/www.curva1.com.ar\/wp-content\/uploads\/2016\/07\/Pesiaaa.mp3\">http:\/\/www.curva1.com.ar\/wp-content\/uploads\/2016\/07\/Pesiaaa.mp3<\/a><\/audio>\n<p>.<\/p>\n<p><img loading=\"lazy\" decoding=\"async\" class=\"aligncenter size-full wp-image-19446\" src=\"http:\/\/www.curva1.com.ar\/wp-content\/uploads\/2016\/07\/IMG_20160729_155506447_HDR.jpg\" alt=\"IMG_20160729_155506447_HDR\" width=\"700\" height=\"394\" srcset=\"https:\/\/curva1.com.ar\/wp-content\/uploads\/2016\/07\/IMG_20160729_155506447_HDR.jpg 700w, https:\/\/curva1.com.ar\/wp-content\/uploads\/2016\/07\/IMG_20160729_155506447_HDR-300x169.jpg 300w, https:\/\/curva1.com.ar\/wp-content\/uploads\/2016\/07\/IMG_20160729_155506447_HDR-600x337.jpg 600w\" sizes=\"auto, (max-width: 700px) 100vw, 700px\" \/> <img loading=\"lazy\" decoding=\"async\" class=\"aligncenter size-full wp-image-19440\" src=\"http:\/\/www.curva1.com.ar\/wp-content\/uploads\/2016\/07\/IMG_20160729_155657708.jpg\" alt=\"IMG_20160729_155657708\" width=\"700\" height=\"394\" srcset=\"https:\/\/curva1.com.ar\/wp-content\/uploads\/2016\/07\/IMG_20160729_155657708.jpg 700w, https:\/\/curva1.com.ar\/wp-content\/uploads\/2016\/07\/IMG_20160729_155657708-300x169.jpg 300w, https:\/\/curva1.com.ar\/wp-content\/uploads\/2016\/07\/IMG_20160729_155657708-600x337.jpg 600w\" sizes=\"auto, (max-width: 700px) 100vw, 700px\" \/><\/p>\n","protected":false},"excerpt":{"rendered":"<p>Los pilotos sanjuaninos probaron en San Mart\u00edn y se preparan para la carrera de invitados<\/p>\n","protected":false},"author":1,"featured_media":19438,"comment_status":"closed","ping_status":"closed","sticky":false,"template":"","format":"standard","meta":{"footnotes":""},"categories":[1],"tags":[],"class_list":["post-19433","post","type-post","status-publish","format-standard","has-post-thumbnail","hentry","category-zonal-cuyano"],"featured_image_urls":{"full":["https:\/\/curva1.com.ar\/wp-content\/uploads\/2016\/07\/IMG_20160729_155709904_HDR.jpg",700,394,false],"thumbnail":["https:\/\/curva1.com.ar\/wp-content\/uploads\/2016\/07\/IMG_20160729_155709904_HDR-300x169.jpg",300,169,true],"medium":["https:\/\/curva1.com.ar\/wp-content\/uploads\/2016\/07\/IMG_20160729_155709904_HDR-600x337.jpg",600,337,true],"medium_large":["https:\/\/curva1.com.ar\/wp-content\/uploads\/2016\/07\/IMG_20160729_155709904_HDR.jpg",640,360,false],"large":["https:\/\/curva1.com.ar\/wp-content\/uploads\/2016\/07\/IMG_20160729_155709904_HDR.jpg",640,360,false],"1536x1536":["https:\/\/curva1.com.ar\/wp-content\/uploads\/2016\/07\/IMG_20160729_155709904_HDR.jpg",700,394,false],"2048x2048":["https:\/\/curva1.com.ar\/wp-content\/uploads\/2016\/07\/IMG_20160729_155709904_HDR.jpg",700,394,false],"chromenews-featured":["https:\/\/curva1.com.ar\/wp-content\/uploads\/2016\/07\/IMG_20160729_155709904_HDR.jpg",700,394,false],"chromenews-large":["https:\/\/curva1.com.ar\/wp-content\/uploads\/2016\/07\/IMG_20160729_155709904_HDR.jpg",700,394,false],"chromenews-medium":["https:\/\/curva1.com.ar\/wp-content\/uploads\/2016\/07\/IMG_20160729_155709904_HDR.jpg",590,332,false]},"author_info":{"display_name":"Jos\u00e9 Bravo","author_link":"https:\/\/curva1.com.ar\/?author=1"},"category_info":"<a href=\"https:\/\/curva1.com.ar\/?cat=1\" rel=\"category\">Zonal Cuyano<\/a>","tag_info":"Zonal Cuyano","comment_count":"0","yoast_head":"<!-- This site is optimized with the Yoast SEO Premium plugin v14.7 - https:\/\/yoast.com\/wordpress\/plugins\/seo\/ -->\n<title>Tob\u00edas Mart\u00ednez y Fabrizio Persia ser\u00e1n dupla para el Zonal - Curva 1<\/title>\n<meta name=\"robots\" content=\"index, follow\" \/>\n<meta name=\"googlebot\" content=\"index, follow, max-snippet:-1, max-image-preview:large, max-video-preview:-1\" \/>\n<meta name=\"bingbot\" content=\"index, follow, max-snippet:-1, max-image-preview:large, max-video-preview:-1\" \/>\n<link rel=\"canonical\" href=\"https:\/\/curva1.com.ar\/?p=19433\" \/>\n<meta property=\"og:locale\" content=\"en_US\" \/>\n<meta property=\"og:type\" content=\"article\" \/>\n<meta property=\"og:title\" content=\"Tob\u00edas Mart\u00ednez y Fabrizio Persia ser\u00e1n dupla para el Zonal - Curva 1\" \/>\n<meta property=\"og:description\" content=\"Los pilotos sanjuaninos probaron en San Mart\u00edn y se preparan para la carrera de invitados\" \/>\n<meta property=\"og:url\" content=\"https:\/\/curva1.com.ar\/?p=19433\" \/>\n<meta property=\"og:site_name\" content=\"Curva 1\" \/>\n<meta property=\"article:publisher\" content=\"https:\/\/www.facebook.com\/revistacurva1\/\" \/>\n<meta property=\"article:published_time\" content=\"2016-07-29T22:52:25+00:00\" \/>\n<meta property=\"article:modified_time\" content=\"2016-07-30T23:44:00+00:00\" \/>\n<meta property=\"og:image\" content=\"https:\/\/curva1.com.ar\/wp-content\/uploads\/2016\/07\/IMG_20160729_155709904_HDR.jpg\" \/>\n\t<meta property=\"og:image:width\" content=\"700\" \/>\n\t<meta property=\"og:image:height\" content=\"394\" \/>\n<meta property=\"fb:app_id\" content=\"1593067817533208\" \/>\n<meta name=\"twitter:card\" content=\"summary_large_image\" \/>\n<meta name=\"twitter:creator\" content=\"@curva1mendoza\" \/>\n<meta name=\"twitter:site\" content=\"@curva1mendoza\" \/>\n<script type=\"application\/ld+json\" class=\"yoast-schema-graph\">{\"@context\":\"https:\/\/schema.org\",\"@graph\":[{\"@type\":\"WebSite\",\"@id\":\"https:\/\/curva1.com.ar\/#website\",\"url\":\"https:\/\/curva1.com.ar\/\",\"name\":\"Curva 1\",\"description\":\"Automovilismo de Mendoza\",\"potentialAction\":[{\"@type\":\"SearchAction\",\"target\":\"https:\/\/curva1.com.ar\/?s={search_term_string}\",\"query-input\":\"required name=search_term_string\"}],\"inLanguage\":\"en-US\"},{\"@type\":\"ImageObject\",\"@id\":\"https:\/\/curva1.com.ar\/?p=19433#primaryimage\",\"inLanguage\":\"en-US\",\"url\":\"https:\/\/curva1.com.ar\/wp-content\/uploads\/2016\/07\/IMG_20160729_155709904_HDR.jpg\",\"width\":700,\"height\":394},{\"@type\":\"WebPage\",\"@id\":\"https:\/\/curva1.com.ar\/?p=19433#webpage\",\"url\":\"https:\/\/curva1.com.ar\/?p=19433\",\"name\":\"Tob\\u00edas Mart\\u00ednez y Fabrizio Persia ser\\u00e1n dupla para el Zonal - Curva 1\",\"isPartOf\":{\"@id\":\"https:\/\/curva1.com.ar\/#website\"},\"primaryImageOfPage\":{\"@id\":\"https:\/\/curva1.com.ar\/?p=19433#primaryimage\"},\"datePublished\":\"2016-07-29T22:52:25+00:00\",\"dateModified\":\"2016-07-30T23:44:00+00:00\",\"author\":{\"@id\":\"https:\/\/curva1.com.ar\/#\/schema\/person\/f5fd12984d70df7314fbd9ab42f31033\"},\"inLanguage\":\"en-US\",\"potentialAction\":[{\"@type\":\"ReadAction\",\"target\":[\"https:\/\/curva1.com.ar\/?p=19433\"]}]},{\"@type\":[\"Person\"],\"@id\":\"https:\/\/curva1.com.ar\/#\/schema\/person\/f5fd12984d70df7314fbd9ab42f31033\",\"name\":\"Jos\\u00e9 Bravo\",\"image\":{\"@type\":\"ImageObject\",\"@id\":\"https:\/\/curva1.com.ar\/#personlogo\",\"inLanguage\":\"en-US\",\"url\":\"https:\/\/secure.gravatar.com\/avatar\/3ae0b1fdc6ddeb723a6e6c23609ed39de1d40a94b8112fd2c0c2032e2dabf28b?s=96&d=identicon&r=g\",\"caption\":\"Jos\\u00e9 Bravo\"}}]}<\/script>\n<!-- \/ Yoast SEO Premium plugin. -->","_links":{"self":[{"href":"https:\/\/curva1.com.ar\/index.php?rest_route=\/wp\/v2\/posts\/19433","targetHints":{"allow":["GET"]}}],"collection":[{"href":"https:\/\/curva1.com.ar\/index.php?rest_route=\/wp\/v2\/posts"}],"about":[{"href":"https:\/\/curva1.com.ar\/index.php?rest_route=\/wp\/v2\/types\/post"}],"author":[{"embeddable":true,"href":"https:\/\/curva1.com.ar\/index.php?rest_route=\/wp\/v2\/users\/1"}],"replies":[{"embeddable":true,"href":"https:\/\/curva1.com.ar\/index.php?rest_route=%2Fwp%2Fv2%2Fcomments&post=19433"}],"version-history":[{"count":3,"href":"https:\/\/curva1.com.ar\/index.php?rest_route=\/wp\/v2\/posts\/19433\/revisions"}],"predecessor-version":[{"id":19484,"href":"https:\/\/curva1.com.ar\/index.php?rest_route=\/wp\/v2\/posts\/19433\/revisions\/19484"}],"wp:featuredmedia":[{"embeddable":true,"href":"https:\/\/curva1.com.ar\/index.php?rest_route=\/wp\/v2\/media\/19438"}],"wp:attachment":[{"href":"https:\/\/curva1.com.ar\/index.php?rest_route=%2Fwp%2Fv2%2Fmedia&parent=19433"}],"wp:term":[{"taxonomy":"category","embeddable":true,"href":"https:\/\/curva1.com.ar\/index.php?rest_route=%2Fwp%2Fv2%2Fcategories&post=19433"},{"taxonomy":"post_tag","embeddable":true,"href":"https:\/\/curva1.com.ar\/index.php?rest_route=%2Fwp%2Fv2%2Ftags&post=19433"}],"curies":[{"name":"wp","href":"https:\/\/api.w.org\/{rel}","templated":true}]}}