{"id":19456,"date":"2016-07-30T20:23:46","date_gmt":"2016-07-30T23:23:46","guid":{"rendered":"http:\/\/www.curva1.com.ar\/?p=19456"},"modified":"2016-07-30T20:27:56","modified_gmt":"2016-07-30T23:27:56","slug":"informe-del-ultimo-dia-de-pruebas-esperando-la-fecha-del-zonal-cuyano","status":"publish","type":"post","link":"https:\/\/curva1.com.ar\/?p=19456","title":{"rendered":"Informe del \u00faltimo d\u00eda de pruebas esperando la fecha del Zonal Cuyano"},"content":{"rendered":"<p><img loading=\"lazy\" decoding=\"async\" class=\"aligncenter size-full wp-image-19463\" src=\"http:\/\/www.curva1.com.ar\/wp-content\/uploads\/2016\/07\/IMG_20160730_164408894.jpg\" alt=\"IMG_20160730_164408894\" width=\"700\" height=\"394\" srcset=\"https:\/\/curva1.com.ar\/wp-content\/uploads\/2016\/07\/IMG_20160730_164408894.jpg 700w, https:\/\/curva1.com.ar\/wp-content\/uploads\/2016\/07\/IMG_20160730_164408894-300x169.jpg 300w, https:\/\/curva1.com.ar\/wp-content\/uploads\/2016\/07\/IMG_20160730_164408894-600x337.jpg 600w\" sizes=\"auto, (max-width: 700px) 100vw, 700px\" \/><\/p>\n<p>Durante todo el s\u00e1bado hubo test libres en el aut\u00f3dromo de San Mart\u00edn. Curva 1 estuvo all\u00ed y te mostramos todos los preparativos para la carrera del 6 y 7 de agosto.<\/p>\n<h3><span style=\"color: #ff0000;\"><strong>TC CUYANO<\/strong><\/span><\/h3>\n<p>Probaron Diego Ru\u00edz, Carlos Bachiochi (confirm\u00f3 su regreso), Gerardo Mart\u00edn y el sanjuanino Leonardo Mart\u00edn, que gir\u00f3 en el Ford azul propiedad de Gerardo y podr\u00eda correr la pr\u00f3xima fecha.<\/p>\n<p>Tambi\u00e9n prob\u00f3 Jorge Cerrutti, que qued\u00f3 conforme con la prueba y estar\u00e1 en la pr\u00f3xima fecha.<\/p>\n<p>En los boxes tambi\u00e9n estuvo Fabio Godoy, que confirm\u00f3 su presencia, y Ricardo Moreno, que dijo que estar\u00e1 ausente en esta fecha.<\/p>\n<p><em>LA PALABRA DE CARLOS BACHIOCHI<\/em><\/p>\n<audio class=\"wp-audio-shortcode\" id=\"audio-19456-1\" preload=\"none\" style=\"width: 100%;\" controls=\"controls\"><source type=\"audio\/mpeg\" src=\"http:\/\/www.curva1.com.ar\/wp-content\/uploads\/2016\/07\/Bachiochi.mp3?_=1\" \/><a href=\"http:\/\/www.curva1.com.ar\/wp-content\/uploads\/2016\/07\/Bachiochi.mp3\">http:\/\/www.curva1.com.ar\/wp-content\/uploads\/2016\/07\/Bachiochi.mp3<\/a><\/audio>\n<p><em>.<\/em><\/p>\n<p><em>LA PALABRA DE DIEGO RUIZ<\/em><\/p>\n<audio class=\"wp-audio-shortcode\" id=\"audio-19456-2\" preload=\"none\" style=\"width: 100%;\" controls=\"controls\"><source type=\"audio\/mpeg\" src=\"http:\/\/www.curva1.com.ar\/wp-content\/uploads\/2016\/07\/Ruiz.mp3?_=2\" \/><a href=\"http:\/\/www.curva1.com.ar\/wp-content\/uploads\/2016\/07\/Ruiz.mp3\">http:\/\/www.curva1.com.ar\/wp-content\/uploads\/2016\/07\/Ruiz.mp3<\/a><\/audio>\n<p><em>. <\/em><\/p>\n<p><em>LA PALABRA DE WALTER TEJADA<\/em><\/p>\n<audio class=\"wp-audio-shortcode\" id=\"audio-19456-3\" preload=\"none\" style=\"width: 100%;\" controls=\"controls\"><source type=\"audio\/mpeg\" src=\"http:\/\/www.curva1.com.ar\/wp-content\/uploads\/2016\/07\/Tccutsn....Yejada.mp3?_=3\" \/><a href=\"http:\/\/www.curva1.com.ar\/wp-content\/uploads\/2016\/07\/Tccutsn....Yejada.mp3\">http:\/\/www.curva1.com.ar\/wp-content\/uploads\/2016\/07\/Tccutsn....Yejada.mp3<\/a><\/audio>\n<p>.<\/p>\n<p><img loading=\"lazy\" decoding=\"async\" class=\"aligncenter size-full wp-image-19474\" src=\"http:\/\/www.curva1.com.ar\/wp-content\/uploads\/2016\/07\/IMG_20160730_173149034.jpg\" alt=\"IMG_20160730_173149034\" width=\"700\" height=\"394\" srcset=\"https:\/\/curva1.com.ar\/wp-content\/uploads\/2016\/07\/IMG_20160730_173149034.jpg 700w, https:\/\/curva1.com.ar\/wp-content\/uploads\/2016\/07\/IMG_20160730_173149034-300x169.jpg 300w, https:\/\/curva1.com.ar\/wp-content\/uploads\/2016\/07\/IMG_20160730_173149034-600x337.jpg 600w\" sizes=\"auto, (max-width: 700px) 100vw, 700px\" \/><img loading=\"lazy\" decoding=\"async\" class=\"aligncenter size-full wp-image-19464\" src=\"http:\/\/www.curva1.com.ar\/wp-content\/uploads\/2016\/07\/IMG_20160730_165437090.jpg\" alt=\"IMG_20160730_165437090\" width=\"700\" height=\"394\" srcset=\"https:\/\/curva1.com.ar\/wp-content\/uploads\/2016\/07\/IMG_20160730_165437090.jpg 700w, https:\/\/curva1.com.ar\/wp-content\/uploads\/2016\/07\/IMG_20160730_165437090-300x169.jpg 300w, https:\/\/curva1.com.ar\/wp-content\/uploads\/2016\/07\/IMG_20160730_165437090-600x337.jpg 600w\" sizes=\"auto, (max-width: 700px) 100vw, 700px\" \/> <img loading=\"lazy\" decoding=\"async\" class=\"aligncenter size-full wp-image-19465\" src=\"http:\/\/www.curva1.com.ar\/wp-content\/uploads\/2016\/07\/IMG_20160730_174527238.jpg\" alt=\"IMG_20160730_174527238\" width=\"700\" height=\"394\" srcset=\"https:\/\/curva1.com.ar\/wp-content\/uploads\/2016\/07\/IMG_20160730_174527238.jpg 700w, https:\/\/curva1.com.ar\/wp-content\/uploads\/2016\/07\/IMG_20160730_174527238-300x169.jpg 300w, https:\/\/curva1.com.ar\/wp-content\/uploads\/2016\/07\/IMG_20160730_174527238-600x337.jpg 600w\" sizes=\"auto, (max-width: 700px) 100vw, 700px\" \/> <img loading=\"lazy\" decoding=\"async\" class=\"aligncenter size-full wp-image-19466\" src=\"http:\/\/www.curva1.com.ar\/wp-content\/uploads\/2016\/07\/IMG_20160730_180524559.jpg\" alt=\"IMG_20160730_180524559\" width=\"700\" height=\"394\" srcset=\"https:\/\/curva1.com.ar\/wp-content\/uploads\/2016\/07\/IMG_20160730_180524559.jpg 700w, https:\/\/curva1.com.ar\/wp-content\/uploads\/2016\/07\/IMG_20160730_180524559-300x169.jpg 300w, https:\/\/curva1.com.ar\/wp-content\/uploads\/2016\/07\/IMG_20160730_180524559-600x337.jpg 600w\" sizes=\"auto, (max-width: 700px) 100vw, 700px\" \/><\/p>\n<h3><span style=\"color: #ff0000;\"><strong>CLASE 2<\/strong><\/span><\/h3>\n<p>Jos\u00e9 Par\u00eds se mostr\u00f3 feliz por su prueba y estar\u00e1 el pr\u00f3ximo fin de semana.<\/p>\n<p>Fernando Cabrillana gir\u00f3 en el Ford Escort &#8220;naranja&#8221;.<\/p>\n<p><em>LA PALABRA DE JOSE PAR\u00cdS<\/em><\/p>\n<audio class=\"wp-audio-shortcode\" id=\"audio-19456-4\" preload=\"none\" style=\"width: 100%;\" controls=\"controls\"><source type=\"audio\/mpeg\" src=\"http:\/\/www.curva1.com.ar\/wp-content\/uploads\/2016\/07\/Parissss.mp3?_=4\" \/><a href=\"http:\/\/www.curva1.com.ar\/wp-content\/uploads\/2016\/07\/Parissss.mp3\">http:\/\/www.curva1.com.ar\/wp-content\/uploads\/2016\/07\/Parissss.mp3<\/a><\/audio>\n<p>.<\/p>\n<p><img loading=\"lazy\" decoding=\"async\" class=\"aligncenter size-full wp-image-19461\" src=\"http:\/\/www.curva1.com.ar\/wp-content\/uploads\/2016\/07\/IMG_20160730_162901475_HDR.jpg\" alt=\"IMG_20160730_162901475_HDR\" width=\"700\" height=\"394\" srcset=\"https:\/\/curva1.com.ar\/wp-content\/uploads\/2016\/07\/IMG_20160730_162901475_HDR.jpg 700w, https:\/\/curva1.com.ar\/wp-content\/uploads\/2016\/07\/IMG_20160730_162901475_HDR-300x169.jpg 300w, https:\/\/curva1.com.ar\/wp-content\/uploads\/2016\/07\/IMG_20160730_162901475_HDR-600x337.jpg 600w\" sizes=\"auto, (max-width: 700px) 100vw, 700px\" \/> <img loading=\"lazy\" decoding=\"async\" class=\"aligncenter size-full wp-image-19462\" src=\"http:\/\/www.curva1.com.ar\/wp-content\/uploads\/2016\/07\/IMG_20160730_162921641_HDR.jpg\" alt=\"IMG_20160730_162921641_HDR\" width=\"700\" height=\"394\" srcset=\"https:\/\/curva1.com.ar\/wp-content\/uploads\/2016\/07\/IMG_20160730_162921641_HDR.jpg 700w, https:\/\/curva1.com.ar\/wp-content\/uploads\/2016\/07\/IMG_20160730_162921641_HDR-300x169.jpg 300w, https:\/\/curva1.com.ar\/wp-content\/uploads\/2016\/07\/IMG_20160730_162921641_HDR-600x337.jpg 600w\" sizes=\"auto, (max-width: 700px) 100vw, 700px\" \/><\/p>\n<h3><span style=\"color: #ff0000;\"><strong>CLASE 1<\/strong><\/span><\/h3>\n<p>La Renoleta del Puga Competici\u00f3n fue probada por Marcos Aguas y otro piloto del que no tenemos el nombre.<\/p>\n<p><img loading=\"lazy\" decoding=\"async\" class=\"aligncenter size-full wp-image-19460\" src=\"http:\/\/www.curva1.com.ar\/wp-content\/uploads\/2016\/07\/IMG_20160730_165024003_HDR.jpg\" alt=\"IMG_20160730_165024003_HDR\" width=\"700\" height=\"394\" srcset=\"https:\/\/curva1.com.ar\/wp-content\/uploads\/2016\/07\/IMG_20160730_165024003_HDR.jpg 700w, https:\/\/curva1.com.ar\/wp-content\/uploads\/2016\/07\/IMG_20160730_165024003_HDR-300x169.jpg 300w, https:\/\/curva1.com.ar\/wp-content\/uploads\/2016\/07\/IMG_20160730_165024003_HDR-600x337.jpg 600w\" sizes=\"auto, (max-width: 700px) 100vw, 700px\" \/><\/p>\n<h3><span style=\"color: #ff0000;\"><strong>TURISMO PROMOCIONAL 1.4<\/strong><\/span><\/h3>\n<p>Estuvo presente Leandro Cimino, con su invitado Gustavo Santib\u00e1\u00f1ez, y Nazareno Moscetta, que ir\u00e1 con Kiko Carreras como invitado.<\/p>\n<p>Otro de loss que entren\u00f3 fue Sebasti\u00e1n Ventur\u00edn, con su Fiat Uno rojo que tendr\u00e1 de invitado a Italo Palumbo.<\/p>\n<p>Rolando Umana gir\u00f3 en su Fiat 128, pensando en la nueva categor\u00eda que se est\u00e1 armando para el zonal.<\/p>\n<p><img loading=\"lazy\" decoding=\"async\" class=\"aligncenter size-full wp-image-19458\" src=\"http:\/\/www.curva1.com.ar\/wp-content\/uploads\/2016\/07\/IMG_20160730_162839053.jpg\" alt=\"IMG_20160730_162839053\" width=\"700\" height=\"394\" srcset=\"https:\/\/curva1.com.ar\/wp-content\/uploads\/2016\/07\/IMG_20160730_162839053.jpg 700w, https:\/\/curva1.com.ar\/wp-content\/uploads\/2016\/07\/IMG_20160730_162839053-300x169.jpg 300w, https:\/\/curva1.com.ar\/wp-content\/uploads\/2016\/07\/IMG_20160730_162839053-600x337.jpg 600w\" sizes=\"auto, (max-width: 700px) 100vw, 700px\" \/> <img loading=\"lazy\" decoding=\"async\" class=\"aligncenter size-full wp-image-19459\" src=\"http:\/\/www.curva1.com.ar\/wp-content\/uploads\/2016\/07\/IMG_20160730_164811150.jpg\" alt=\"IMG_20160730_164811150\" width=\"700\" height=\"394\" srcset=\"https:\/\/curva1.com.ar\/wp-content\/uploads\/2016\/07\/IMG_20160730_164811150.jpg 700w, https:\/\/curva1.com.ar\/wp-content\/uploads\/2016\/07\/IMG_20160730_164811150-300x169.jpg 300w, https:\/\/curva1.com.ar\/wp-content\/uploads\/2016\/07\/IMG_20160730_164811150-600x337.jpg 600w\" sizes=\"auto, (max-width: 700px) 100vw, 700px\" \/><img loading=\"lazy\" decoding=\"async\" class=\"aligncenter size-full wp-image-19476\" src=\"http:\/\/www.curva1.com.ar\/wp-content\/uploads\/2016\/07\/IMG_20160730_172047328.jpg\" alt=\"IMG_20160730_172047328\" width=\"700\" height=\"394\" srcset=\"https:\/\/curva1.com.ar\/wp-content\/uploads\/2016\/07\/IMG_20160730_172047328.jpg 700w, https:\/\/curva1.com.ar\/wp-content\/uploads\/2016\/07\/IMG_20160730_172047328-300x169.jpg 300w, https:\/\/curva1.com.ar\/wp-content\/uploads\/2016\/07\/IMG_20160730_172047328-600x337.jpg 600w\" sizes=\"auto, (max-width: 700px) 100vw, 700px\" \/><\/p>\n","protected":false},"excerpt":{"rendered":"<p>Durante todo el s\u00e1bado hubo test libres en el aut\u00f3dromo de San Mart\u00edn. Curva 1<\/p>\n","protected":false},"author":1,"featured_media":19463,"comment_status":"closed","ping_status":"closed","sticky":false,"template":"","format":"standard","meta":{"footnotes":""},"categories":[1],"tags":[],"class_list":["post-19456","post","type-post","status-publish","format-standard","has-post-thumbnail","hentry","category-zonal-cuyano"],"featured_image_urls":{"full":["https:\/\/curva1.com.ar\/wp-content\/uploads\/2016\/07\/IMG_20160730_164408894.jpg",700,394,false],"thumbnail":["https:\/\/curva1.com.ar\/wp-content\/uploads\/2016\/07\/IMG_20160730_164408894-300x169.jpg",300,169,true],"medium":["https:\/\/curva1.com.ar\/wp-content\/uploads\/2016\/07\/IMG_20160730_164408894-600x337.jpg",600,337,true],"medium_large":["https:\/\/curva1.com.ar\/wp-content\/uploads\/2016\/07\/IMG_20160730_164408894.jpg",640,360,false],"large":["https:\/\/curva1.com.ar\/wp-content\/uploads\/2016\/07\/IMG_20160730_164408894.jpg",640,360,false],"1536x1536":["https:\/\/curva1.com.ar\/wp-content\/uploads\/2016\/07\/IMG_20160730_164408894.jpg",700,394,false],"2048x2048":["https:\/\/curva1.com.ar\/wp-content\/uploads\/2016\/07\/IMG_20160730_164408894.jpg",700,394,false],"chromenews-featured":["https:\/\/curva1.com.ar\/wp-content\/uploads\/2016\/07\/IMG_20160730_164408894.jpg",700,394,false],"chromenews-large":["https:\/\/curva1.com.ar\/wp-content\/uploads\/2016\/07\/IMG_20160730_164408894.jpg",700,394,false],"chromenews-medium":["https:\/\/curva1.com.ar\/wp-content\/uploads\/2016\/07\/IMG_20160730_164408894.jpg",590,332,false]},"author_info":{"display_name":"Jos\u00e9 Bravo","author_link":"https:\/\/curva1.com.ar\/?author=1"},"category_info":"<a href=\"https:\/\/curva1.com.ar\/?cat=1\" rel=\"category\">Zonal Cuyano<\/a>","tag_info":"Zonal Cuyano","comment_count":"0","yoast_head":"<!-- This site is optimized with the Yoast SEO Premium plugin v14.7 - https:\/\/yoast.com\/wordpress\/plugins\/seo\/ -->\n<title>Informe del \u00faltimo d\u00eda de pruebas esperando la fecha del Zonal Cuyano - Curva 1<\/title>\n<meta name=\"robots\" content=\"index, follow\" \/>\n<meta name=\"googlebot\" content=\"index, follow, max-snippet:-1, max-image-preview:large, max-video-preview:-1\" \/>\n<meta name=\"bingbot\" content=\"index, follow, max-snippet:-1, max-image-preview:large, max-video-preview:-1\" \/>\n<link rel=\"canonical\" href=\"https:\/\/curva1.com.ar\/?p=19456\" \/>\n<meta property=\"og:locale\" content=\"en_US\" \/>\n<meta property=\"og:type\" content=\"article\" \/>\n<meta property=\"og:title\" content=\"Informe del \u00faltimo d\u00eda de pruebas esperando la fecha del Zonal Cuyano - Curva 1\" \/>\n<meta property=\"og:description\" content=\"Durante todo el s\u00e1bado hubo test libres en el aut\u00f3dromo de San Mart\u00edn. Curva 1\" \/>\n<meta property=\"og:url\" content=\"https:\/\/curva1.com.ar\/?p=19456\" \/>\n<meta property=\"og:site_name\" content=\"Curva 1\" \/>\n<meta property=\"article:publisher\" content=\"https:\/\/www.facebook.com\/revistacurva1\/\" \/>\n<meta property=\"article:published_time\" content=\"2016-07-30T23:23:46+00:00\" \/>\n<meta property=\"article:modified_time\" content=\"2016-07-30T23:27:56+00:00\" \/>\n<meta property=\"og:image\" content=\"https:\/\/curva1.com.ar\/wp-content\/uploads\/2016\/07\/IMG_20160730_164408894.jpg\" \/>\n\t<meta property=\"og:image:width\" content=\"700\" \/>\n\t<meta property=\"og:image:height\" content=\"394\" \/>\n<meta property=\"fb:app_id\" content=\"1593067817533208\" \/>\n<meta name=\"twitter:card\" content=\"summary_large_image\" \/>\n<meta name=\"twitter:creator\" content=\"@curva1mendoza\" \/>\n<meta name=\"twitter:site\" content=\"@curva1mendoza\" \/>\n<script type=\"application\/ld+json\" class=\"yoast-schema-graph\">{\"@context\":\"https:\/\/schema.org\",\"@graph\":[{\"@type\":\"WebSite\",\"@id\":\"https:\/\/curva1.com.ar\/#website\",\"url\":\"https:\/\/curva1.com.ar\/\",\"name\":\"Curva 1\",\"description\":\"Automovilismo de Mendoza\",\"potentialAction\":[{\"@type\":\"SearchAction\",\"target\":\"https:\/\/curva1.com.ar\/?s={search_term_string}\",\"query-input\":\"required name=search_term_string\"}],\"inLanguage\":\"en-US\"},{\"@type\":\"ImageObject\",\"@id\":\"https:\/\/curva1.com.ar\/?p=19456#primaryimage\",\"inLanguage\":\"en-US\",\"url\":\"https:\/\/curva1.com.ar\/wp-content\/uploads\/2016\/07\/IMG_20160730_164408894.jpg\",\"width\":700,\"height\":394},{\"@type\":\"WebPage\",\"@id\":\"https:\/\/curva1.com.ar\/?p=19456#webpage\",\"url\":\"https:\/\/curva1.com.ar\/?p=19456\",\"name\":\"Informe del \\u00faltimo d\\u00eda de pruebas esperando la fecha del Zonal Cuyano - Curva 1\",\"isPartOf\":{\"@id\":\"https:\/\/curva1.com.ar\/#website\"},\"primaryImageOfPage\":{\"@id\":\"https:\/\/curva1.com.ar\/?p=19456#primaryimage\"},\"datePublished\":\"2016-07-30T23:23:46+00:00\",\"dateModified\":\"2016-07-30T23:27:56+00:00\",\"author\":{\"@id\":\"https:\/\/curva1.com.ar\/#\/schema\/person\/f5fd12984d70df7314fbd9ab42f31033\"},\"inLanguage\":\"en-US\",\"potentialAction\":[{\"@type\":\"ReadAction\",\"target\":[\"https:\/\/curva1.com.ar\/?p=19456\"]}]},{\"@type\":[\"Person\"],\"@id\":\"https:\/\/curva1.com.ar\/#\/schema\/person\/f5fd12984d70df7314fbd9ab42f31033\",\"name\":\"Jos\\u00e9 Bravo\",\"image\":{\"@type\":\"ImageObject\",\"@id\":\"https:\/\/curva1.com.ar\/#personlogo\",\"inLanguage\":\"en-US\",\"url\":\"https:\/\/secure.gravatar.com\/avatar\/3ae0b1fdc6ddeb723a6e6c23609ed39de1d40a94b8112fd2c0c2032e2dabf28b?s=96&d=identicon&r=g\",\"caption\":\"Jos\\u00e9 Bravo\"}}]}<\/script>\n<!-- \/ Yoast SEO Premium plugin. -->","_links":{"self":[{"href":"https:\/\/curva1.com.ar\/index.php?rest_route=\/wp\/v2\/posts\/19456","targetHints":{"allow":["GET"]}}],"collection":[{"href":"https:\/\/curva1.com.ar\/index.php?rest_route=\/wp\/v2\/posts"}],"about":[{"href":"https:\/\/curva1.com.ar\/index.php?rest_route=\/wp\/v2\/types\/post"}],"author":[{"embeddable":true,"href":"https:\/\/curva1.com.ar\/index.php?rest_route=\/wp\/v2\/users\/1"}],"replies":[{"embeddable":true,"href":"https:\/\/curva1.com.ar\/index.php?rest_route=%2Fwp%2Fv2%2Fcomments&post=19456"}],"version-history":[{"count":5,"href":"https:\/\/curva1.com.ar\/index.php?rest_route=\/wp\/v2\/posts\/19456\/revisions"}],"predecessor-version":[{"id":19477,"href":"https:\/\/curva1.com.ar\/index.php?rest_route=\/wp\/v2\/posts\/19456\/revisions\/19477"}],"wp:featuredmedia":[{"embeddable":true,"href":"https:\/\/curva1.com.ar\/index.php?rest_route=\/wp\/v2\/media\/19463"}],"wp:attachment":[{"href":"https:\/\/curva1.com.ar\/index.php?rest_route=%2Fwp%2Fv2%2Fmedia&parent=19456"}],"wp:term":[{"taxonomy":"category","embeddable":true,"href":"https:\/\/curva1.com.ar\/index.php?rest_route=%2Fwp%2Fv2%2Fcategories&post=19456"},{"taxonomy":"post_tag","embeddable":true,"href":"https:\/\/curva1.com.ar\/index.php?rest_route=%2Fwp%2Fv2%2Ftags&post=19456"}],"curies":[{"name":"wp","href":"https:\/\/api.w.org\/{rel}","templated":true}]}}