{"id":19485,"date":"2016-07-30T19:45:13","date_gmt":"2016-07-30T22:45:13","guid":{"rendered":"http:\/\/www.curva1.com.ar\/?p=19485"},"modified":"2016-07-30T21:14:48","modified_gmt":"2016-07-31T00:14:48","slug":"matias-villanueva-sumo-un-nuevo-podio-en-el-karting-chileno-2","status":"publish","type":"post","link":"https:\/\/curva1.com.ar\/?p=19485","title":{"rendered":"Mat\u00edas Villanueva sum\u00f3 un nuevo podio en el karting chileno"},"content":{"rendered":"<p><img loading=\"lazy\" decoding=\"async\" class=\"aligncenter size-full wp-image-65838\" src=\"http:\/\/curva1kart.com.ar\/noticias\/wp-content\/uploads\/2016\/07\/28611756495_8df46071a8_b.jpg\" alt=\"28611756495_8df46071a8_b\" width=\"700\" height=\"467\" \/><\/p>\n<p>Mat\u00edas Villanueva volvi\u00f3 a tener un buen fin de semana en la \u00a0novena fecha del campeonato Rotax Chile, al quedar en la segunda posici\u00f3n final de la categor\u00eda DD2 Senior y subir al podio. La carrera se disput\u00f3 el pasado s\u00e1bado en el kart\u00f3dromo de Ritoque.<\/p>\n<p>El mendocino, que estuvo hace semanas en el Sudamericano Rotax de Per\u00fa, clasific\u00f3 tercero y luego fue tercero en pista en la carrera conjunta con la DD2 M\u00e1ster, pero qued\u00f3 segundo en su clase (<a href=\"http:\/\/www.cronosystem.cl\/resultados.html?mylaps=type,event,eventid,1302058\" target=\"_blank\"><strong>resultados<\/strong><\/a>).<\/p>\n<p><img loading=\"lazy\" decoding=\"async\" class=\"aligncenter size-full wp-image-65839\" src=\"http:\/\/curva1kart.com.ar\/noticias\/wp-content\/uploads\/2016\/07\/28611762035_a5292905d3_b.jpg\" alt=\"28611762035_a5292905d3_b\" width=\"700\" height=\"467\" \/><\/p>\n","protected":false},"excerpt":{"rendered":"<p>Mat\u00edas Villanueva volvi\u00f3 a tener un buen fin de semana en la \u00a0novena fecha del<\/p>\n","protected":false},"author":1,"featured_media":19486,"comment_status":"closed","ping_status":"closed","sticky":false,"template":"","format":"standard","meta":{"footnotes":""},"categories":[1],"tags":[],"class_list":["post-19485","post","type-post","status-publish","format-standard","has-post-thumbnail","hentry","category-zonal-cuyano"],"featured_image_urls":{"full":["https:\/\/curva1.com.ar\/wp-content\/uploads\/2016\/07\/28611762035_a5292905d3_b.jpg",700,467,false],"thumbnail":["https:\/\/curva1.com.ar\/wp-content\/uploads\/2016\/07\/28611762035_a5292905d3_b-300x169.jpg",300,169,true],"medium":["https:\/\/curva1.com.ar\/wp-content\/uploads\/2016\/07\/28611762035_a5292905d3_b-505x337.jpg",505,337,true],"medium_large":["https:\/\/curva1.com.ar\/wp-content\/uploads\/2016\/07\/28611762035_a5292905d3_b.jpg",640,427,false],"large":["https:\/\/curva1.com.ar\/wp-content\/uploads\/2016\/07\/28611762035_a5292905d3_b.jpg",640,427,false],"1536x1536":["https:\/\/curva1.com.ar\/wp-content\/uploads\/2016\/07\/28611762035_a5292905d3_b.jpg",700,467,false],"2048x2048":["https:\/\/curva1.com.ar\/wp-content\/uploads\/2016\/07\/28611762035_a5292905d3_b.jpg",700,467,false],"chromenews-featured":["https:\/\/curva1.com.ar\/wp-content\/uploads\/2016\/07\/28611762035_a5292905d3_b.jpg",700,467,false],"chromenews-large":["https:\/\/curva1.com.ar\/wp-content\/uploads\/2016\/07\/28611762035_a5292905d3_b.jpg",700,467,false],"chromenews-medium":["https:\/\/curva1.com.ar\/wp-content\/uploads\/2016\/07\/28611762035_a5292905d3_b.jpg",590,394,false]},"author_info":{"display_name":"Jos\u00e9 Bravo","author_link":"https:\/\/curva1.com.ar\/?author=1"},"category_info":"<a href=\"https:\/\/curva1.com.ar\/?cat=1\" rel=\"category\">Zonal Cuyano<\/a>","tag_info":"Zonal Cuyano","comment_count":"0","yoast_head":"<!-- This site is optimized with the Yoast SEO Premium plugin v14.7 - https:\/\/yoast.com\/wordpress\/plugins\/seo\/ -->\n<title>Mat\u00edas Villanueva sum\u00f3 un nuevo podio en el karting chileno - Curva 1<\/title>\n<meta name=\"robots\" content=\"index, follow\" \/>\n<meta name=\"googlebot\" content=\"index, follow, max-snippet:-1, max-image-preview:large, max-video-preview:-1\" \/>\n<meta name=\"bingbot\" content=\"index, follow, max-snippet:-1, max-image-preview:large, max-video-preview:-1\" \/>\n<link rel=\"canonical\" href=\"https:\/\/curva1.com.ar\/?p=19485\" \/>\n<meta property=\"og:locale\" content=\"en_US\" \/>\n<meta property=\"og:type\" content=\"article\" \/>\n<meta property=\"og:title\" content=\"Mat\u00edas Villanueva sum\u00f3 un nuevo podio en el karting chileno - Curva 1\" \/>\n<meta property=\"og:description\" content=\"Mat\u00edas Villanueva volvi\u00f3 a tener un buen fin de semana en la \u00a0novena fecha del\" \/>\n<meta property=\"og:url\" content=\"https:\/\/curva1.com.ar\/?p=19485\" \/>\n<meta property=\"og:site_name\" content=\"Curva 1\" \/>\n<meta property=\"article:publisher\" content=\"https:\/\/www.facebook.com\/revistacurva1\/\" \/>\n<meta property=\"article:published_time\" content=\"2016-07-30T22:45:13+00:00\" \/>\n<meta property=\"article:modified_time\" content=\"2016-07-31T00:14:48+00:00\" \/>\n<meta property=\"og:image\" content=\"https:\/\/curva1.com.ar\/wp-content\/uploads\/2016\/07\/28611762035_a5292905d3_b.jpg\" \/>\n\t<meta property=\"og:image:width\" content=\"700\" \/>\n\t<meta property=\"og:image:height\" content=\"467\" \/>\n<meta property=\"fb:app_id\" content=\"1593067817533208\" \/>\n<meta name=\"twitter:card\" content=\"summary_large_image\" \/>\n<meta name=\"twitter:creator\" content=\"@curva1mendoza\" \/>\n<meta name=\"twitter:site\" content=\"@curva1mendoza\" \/>\n<script type=\"application\/ld+json\" class=\"yoast-schema-graph\">{\"@context\":\"https:\/\/schema.org\",\"@graph\":[{\"@type\":\"WebSite\",\"@id\":\"https:\/\/curva1.com.ar\/#website\",\"url\":\"https:\/\/curva1.com.ar\/\",\"name\":\"Curva 1\",\"description\":\"Automovilismo de Mendoza\",\"potentialAction\":[{\"@type\":\"SearchAction\",\"target\":\"https:\/\/curva1.com.ar\/?s={search_term_string}\",\"query-input\":\"required name=search_term_string\"}],\"inLanguage\":\"en-US\"},{\"@type\":\"ImageObject\",\"@id\":\"https:\/\/curva1.com.ar\/?p=19485#primaryimage\",\"inLanguage\":\"en-US\",\"url\":\"https:\/\/curva1.com.ar\/wp-content\/uploads\/2016\/07\/28611762035_a5292905d3_b.jpg\",\"width\":700,\"height\":467},{\"@type\":\"WebPage\",\"@id\":\"https:\/\/curva1.com.ar\/?p=19485#webpage\",\"url\":\"https:\/\/curva1.com.ar\/?p=19485\",\"name\":\"Mat\\u00edas Villanueva sum\\u00f3 un nuevo podio en el karting chileno - Curva 1\",\"isPartOf\":{\"@id\":\"https:\/\/curva1.com.ar\/#website\"},\"primaryImageOfPage\":{\"@id\":\"https:\/\/curva1.com.ar\/?p=19485#primaryimage\"},\"datePublished\":\"2016-07-30T22:45:13+00:00\",\"dateModified\":\"2016-07-31T00:14:48+00:00\",\"author\":{\"@id\":\"https:\/\/curva1.com.ar\/#\/schema\/person\/f5fd12984d70df7314fbd9ab42f31033\"},\"inLanguage\":\"en-US\",\"potentialAction\":[{\"@type\":\"ReadAction\",\"target\":[\"https:\/\/curva1.com.ar\/?p=19485\"]}]},{\"@type\":[\"Person\"],\"@id\":\"https:\/\/curva1.com.ar\/#\/schema\/person\/f5fd12984d70df7314fbd9ab42f31033\",\"name\":\"Jos\\u00e9 Bravo\",\"image\":{\"@type\":\"ImageObject\",\"@id\":\"https:\/\/curva1.com.ar\/#personlogo\",\"inLanguage\":\"en-US\",\"url\":\"https:\/\/secure.gravatar.com\/avatar\/3ae0b1fdc6ddeb723a6e6c23609ed39de1d40a94b8112fd2c0c2032e2dabf28b?s=96&d=identicon&r=g\",\"caption\":\"Jos\\u00e9 Bravo\"}}]}<\/script>\n<!-- \/ Yoast SEO Premium plugin. -->","_links":{"self":[{"href":"https:\/\/curva1.com.ar\/index.php?rest_route=\/wp\/v2\/posts\/19485","targetHints":{"allow":["GET"]}}],"collection":[{"href":"https:\/\/curva1.com.ar\/index.php?rest_route=\/wp\/v2\/posts"}],"about":[{"href":"https:\/\/curva1.com.ar\/index.php?rest_route=\/wp\/v2\/types\/post"}],"author":[{"embeddable":true,"href":"https:\/\/curva1.com.ar\/index.php?rest_route=\/wp\/v2\/users\/1"}],"replies":[{"embeddable":true,"href":"https:\/\/curva1.com.ar\/index.php?rest_route=%2Fwp%2Fv2%2Fcomments&post=19485"}],"version-history":[{"count":1,"href":"https:\/\/curva1.com.ar\/index.php?rest_route=\/wp\/v2\/posts\/19485\/revisions"}],"predecessor-version":[{"id":19487,"href":"https:\/\/curva1.com.ar\/index.php?rest_route=\/wp\/v2\/posts\/19485\/revisions\/19487"}],"wp:featuredmedia":[{"embeddable":true,"href":"https:\/\/curva1.com.ar\/index.php?rest_route=\/wp\/v2\/media\/19486"}],"wp:attachment":[{"href":"https:\/\/curva1.com.ar\/index.php?rest_route=%2Fwp%2Fv2%2Fmedia&parent=19485"}],"wp:term":[{"taxonomy":"category","embeddable":true,"href":"https:\/\/curva1.com.ar\/index.php?rest_route=%2Fwp%2Fv2%2Fcategories&post=19485"},{"taxonomy":"post_tag","embeddable":true,"href":"https:\/\/curva1.com.ar\/index.php?rest_route=%2Fwp%2Fv2%2Ftags&post=19485"}],"curies":[{"name":"wp","href":"https:\/\/api.w.org\/{rel}","templated":true}]}}