{"id":19672,"date":"2016-08-09T11:03:23","date_gmt":"2016-08-09T14:03:23","guid":{"rendered":"http:\/\/www.curva1.com.ar\/?p=19672"},"modified":"2016-08-14T19:12:45","modified_gmt":"2016-08-14T22:12:45","slug":"confirmado-la-sexta-del-zonal-cuyano-sera-en-el-zonda-el-3-y-4-de-setiembre","status":"publish","type":"post","link":"https:\/\/curva1.com.ar\/?p=19672","title":{"rendered":"Confirmado: la 6\u00ba del Zonal Cuyano ser\u00e1 en El Zonda en setiembre"},"content":{"rendered":"<p><img loading=\"lazy\" decoding=\"async\" class=\"aligncenter size-full wp-image-19673\" src=\"http:\/\/www.curva1.com.ar\/wp-content\/uploads\/2016\/08\/12068992_1479523662349265_7521019213800653779_o.jpg\" alt=\"12068992_1479523662349265_7521019213800653779_o\" width=\"640\" height=\"360\" srcset=\"https:\/\/curva1.com.ar\/wp-content\/uploads\/2016\/08\/12068992_1479523662349265_7521019213800653779_o.jpg 640w, https:\/\/curva1.com.ar\/wp-content\/uploads\/2016\/08\/12068992_1479523662349265_7521019213800653779_o-300x169.jpg 300w, https:\/\/curva1.com.ar\/wp-content\/uploads\/2016\/08\/12068992_1479523662349265_7521019213800653779_o-600x337.jpg 600w\" sizes=\"auto, (max-width: 640px) 100vw, 640px\" \/><\/p>\n<p>Luego de la exitosa fecha del fin de semana pasado en San Mart\u00edn, la Asociaci\u00f3n Pilotos Automoviles Turismo Cuyano informa que la sexta fecha del Zonal Cuyano se realizar\u00e1 los d\u00edas 3 y 4 de Setiembre en el Aut\u00f3dromo Eduardo Copello de la provincia de San Juan.<\/p>\n<p>El mejor show de automovilismo de la regi\u00f3n visitar\u00e1 \u201cEl Zonda\u201d y se espera una nueva fiesta y multitud de p\u00fablico, tal como ocurri\u00f3 en la temporada 2015.<\/p>\n<p>La parab\u00f3lica, la viborita, la variante, el puente, el rulo, la curva de los tontos. Conceptos \u00fanicos de un escenario que atrae a todos y donde el Zonal Cuyano quiere volver a brillar.<\/p>\n<p style=\"padding-left: 30px;\"><em>APATC<\/em><\/p>\n","protected":false},"excerpt":{"rendered":"<p>Luego de la exitosa fecha del fin de semana pasado en San Mart\u00edn, la Asociaci\u00f3n<\/p>\n","protected":false},"author":1,"featured_media":19673,"comment_status":"closed","ping_status":"closed","sticky":false,"template":"","format":"standard","meta":{"footnotes":""},"categories":[1],"tags":[],"class_list":["post-19672","post","type-post","status-publish","format-standard","has-post-thumbnail","hentry","category-zonal-cuyano"],"featured_image_urls":{"full":["https:\/\/curva1.com.ar\/wp-content\/uploads\/2016\/08\/12068992_1479523662349265_7521019213800653779_o.jpg",640,360,false],"thumbnail":["https:\/\/curva1.com.ar\/wp-content\/uploads\/2016\/08\/12068992_1479523662349265_7521019213800653779_o-300x169.jpg",300,169,true],"medium":["https:\/\/curva1.com.ar\/wp-content\/uploads\/2016\/08\/12068992_1479523662349265_7521019213800653779_o-600x337.jpg",600,337,true],"medium_large":["https:\/\/curva1.com.ar\/wp-content\/uploads\/2016\/08\/12068992_1479523662349265_7521019213800653779_o.jpg",640,360,false],"large":["https:\/\/curva1.com.ar\/wp-content\/uploads\/2016\/08\/12068992_1479523662349265_7521019213800653779_o.jpg",640,360,false],"1536x1536":["https:\/\/curva1.com.ar\/wp-content\/uploads\/2016\/08\/12068992_1479523662349265_7521019213800653779_o.jpg",640,360,false],"2048x2048":["https:\/\/curva1.com.ar\/wp-content\/uploads\/2016\/08\/12068992_1479523662349265_7521019213800653779_o.jpg",640,360,false],"chromenews-featured":["https:\/\/curva1.com.ar\/wp-content\/uploads\/2016\/08\/12068992_1479523662349265_7521019213800653779_o.jpg",640,360,false],"chromenews-large":["https:\/\/curva1.com.ar\/wp-content\/uploads\/2016\/08\/12068992_1479523662349265_7521019213800653779_o.jpg",640,360,false],"chromenews-medium":["https:\/\/curva1.com.ar\/wp-content\/uploads\/2016\/08\/12068992_1479523662349265_7521019213800653779_o.jpg",590,332,false]},"author_info":{"display_name":"Jos\u00e9 Bravo","author_link":"https:\/\/curva1.com.ar\/?author=1"},"category_info":"<a href=\"https:\/\/curva1.com.ar\/?cat=1\" rel=\"category\">Zonal Cuyano<\/a>","tag_info":"Zonal Cuyano","comment_count":"0","yoast_head":"<!-- This site is optimized with the Yoast SEO Premium plugin v14.7 - https:\/\/yoast.com\/wordpress\/plugins\/seo\/ -->\n<title>Confirmado: la 6\u00ba del Zonal Cuyano ser\u00e1 en El Zonda en setiembre - Curva 1<\/title>\n<meta name=\"robots\" content=\"index, follow\" \/>\n<meta name=\"googlebot\" content=\"index, follow, max-snippet:-1, max-image-preview:large, max-video-preview:-1\" \/>\n<meta name=\"bingbot\" content=\"index, follow, max-snippet:-1, max-image-preview:large, max-video-preview:-1\" \/>\n<link rel=\"canonical\" href=\"https:\/\/curva1.com.ar\/?p=19672\" \/>\n<meta property=\"og:locale\" content=\"en_US\" \/>\n<meta property=\"og:type\" content=\"article\" \/>\n<meta property=\"og:title\" content=\"Confirmado: la 6\u00ba del Zonal Cuyano ser\u00e1 en El Zonda en setiembre - Curva 1\" \/>\n<meta property=\"og:description\" content=\"Luego de la exitosa fecha del fin de semana pasado en San Mart\u00edn, la Asociaci\u00f3n\" \/>\n<meta property=\"og:url\" content=\"https:\/\/curva1.com.ar\/?p=19672\" \/>\n<meta property=\"og:site_name\" content=\"Curva 1\" \/>\n<meta property=\"article:publisher\" content=\"https:\/\/www.facebook.com\/revistacurva1\/\" \/>\n<meta property=\"article:published_time\" content=\"2016-08-09T14:03:23+00:00\" \/>\n<meta property=\"article:modified_time\" content=\"2016-08-14T22:12:45+00:00\" \/>\n<meta property=\"og:image\" content=\"https:\/\/curva1.com.ar\/wp-content\/uploads\/2016\/08\/12068992_1479523662349265_7521019213800653779_o.jpg\" \/>\n\t<meta property=\"og:image:width\" content=\"640\" \/>\n\t<meta property=\"og:image:height\" content=\"360\" \/>\n<meta property=\"fb:app_id\" content=\"1593067817533208\" \/>\n<meta name=\"twitter:card\" content=\"summary_large_image\" \/>\n<meta name=\"twitter:creator\" content=\"@curva1mendoza\" \/>\n<meta name=\"twitter:site\" content=\"@curva1mendoza\" \/>\n<script type=\"application\/ld+json\" class=\"yoast-schema-graph\">{\"@context\":\"https:\/\/schema.org\",\"@graph\":[{\"@type\":\"WebSite\",\"@id\":\"https:\/\/curva1.com.ar\/#website\",\"url\":\"https:\/\/curva1.com.ar\/\",\"name\":\"Curva 1\",\"description\":\"Automovilismo de Mendoza\",\"potentialAction\":[{\"@type\":\"SearchAction\",\"target\":\"https:\/\/curva1.com.ar\/?s={search_term_string}\",\"query-input\":\"required name=search_term_string\"}],\"inLanguage\":\"en-US\"},{\"@type\":\"ImageObject\",\"@id\":\"https:\/\/curva1.com.ar\/?p=19672#primaryimage\",\"inLanguage\":\"en-US\",\"url\":\"https:\/\/curva1.com.ar\/wp-content\/uploads\/2016\/08\/12068992_1479523662349265_7521019213800653779_o.jpg\",\"width\":640,\"height\":360},{\"@type\":\"WebPage\",\"@id\":\"https:\/\/curva1.com.ar\/?p=19672#webpage\",\"url\":\"https:\/\/curva1.com.ar\/?p=19672\",\"name\":\"Confirmado: la 6\\u00ba del Zonal Cuyano ser\\u00e1 en El Zonda en setiembre - Curva 1\",\"isPartOf\":{\"@id\":\"https:\/\/curva1.com.ar\/#website\"},\"primaryImageOfPage\":{\"@id\":\"https:\/\/curva1.com.ar\/?p=19672#primaryimage\"},\"datePublished\":\"2016-08-09T14:03:23+00:00\",\"dateModified\":\"2016-08-14T22:12:45+00:00\",\"author\":{\"@id\":\"https:\/\/curva1.com.ar\/#\/schema\/person\/f5fd12984d70df7314fbd9ab42f31033\"},\"inLanguage\":\"en-US\",\"potentialAction\":[{\"@type\":\"ReadAction\",\"target\":[\"https:\/\/curva1.com.ar\/?p=19672\"]}]},{\"@type\":[\"Person\"],\"@id\":\"https:\/\/curva1.com.ar\/#\/schema\/person\/f5fd12984d70df7314fbd9ab42f31033\",\"name\":\"Jos\\u00e9 Bravo\",\"image\":{\"@type\":\"ImageObject\",\"@id\":\"https:\/\/curva1.com.ar\/#personlogo\",\"inLanguage\":\"en-US\",\"url\":\"https:\/\/secure.gravatar.com\/avatar\/3ae0b1fdc6ddeb723a6e6c23609ed39de1d40a94b8112fd2c0c2032e2dabf28b?s=96&d=identicon&r=g\",\"caption\":\"Jos\\u00e9 Bravo\"}}]}<\/script>\n<!-- \/ Yoast SEO Premium plugin. -->","_links":{"self":[{"href":"https:\/\/curva1.com.ar\/index.php?rest_route=\/wp\/v2\/posts\/19672","targetHints":{"allow":["GET"]}}],"collection":[{"href":"https:\/\/curva1.com.ar\/index.php?rest_route=\/wp\/v2\/posts"}],"about":[{"href":"https:\/\/curva1.com.ar\/index.php?rest_route=\/wp\/v2\/types\/post"}],"author":[{"embeddable":true,"href":"https:\/\/curva1.com.ar\/index.php?rest_route=\/wp\/v2\/users\/1"}],"replies":[{"embeddable":true,"href":"https:\/\/curva1.com.ar\/index.php?rest_route=%2Fwp%2Fv2%2Fcomments&post=19672"}],"version-history":[{"count":3,"href":"https:\/\/curva1.com.ar\/index.php?rest_route=\/wp\/v2\/posts\/19672\/revisions"}],"predecessor-version":[{"id":19834,"href":"https:\/\/curva1.com.ar\/index.php?rest_route=\/wp\/v2\/posts\/19672\/revisions\/19834"}],"wp:featuredmedia":[{"embeddable":true,"href":"https:\/\/curva1.com.ar\/index.php?rest_route=\/wp\/v2\/media\/19673"}],"wp:attachment":[{"href":"https:\/\/curva1.com.ar\/index.php?rest_route=%2Fwp%2Fv2%2Fmedia&parent=19672"}],"wp:term":[{"taxonomy":"category","embeddable":true,"href":"https:\/\/curva1.com.ar\/index.php?rest_route=%2Fwp%2Fv2%2Fcategories&post=19672"},{"taxonomy":"post_tag","embeddable":true,"href":"https:\/\/curva1.com.ar\/index.php?rest_route=%2Fwp%2Fv2%2Ftags&post=19672"}],"curies":[{"name":"wp","href":"https:\/\/api.w.org\/{rel}","templated":true}]}}