{"id":19682,"date":"2016-08-10T18:52:15","date_gmt":"2016-08-10T21:52:15","guid":{"rendered":"http:\/\/www.curva1.com.ar\/?p=19682"},"modified":"2016-08-14T19:11:25","modified_gmt":"2016-08-14T22:11:25","slug":"dirigentes-del-zonal-cuyano-entregaron-donaciones-a-la-casita-del-lago","status":"publish","type":"post","link":"https:\/\/curva1.com.ar\/?p=19682","title":{"rendered":"Dirigentes del Zonal entregaron donaciones a &#8220;La casita del Lago&#8221;"},"content":{"rendered":"<p><img loading=\"lazy\" decoding=\"async\" class=\"aligncenter size-full wp-image-19683\" src=\"http:\/\/www.curva1.com.ar\/wp-content\/uploads\/2016\/08\/8de1b359-271e-436c-b127-4863e82db3a8.jpg\" alt=\"8de1b359-271e-436c-b127-4863e82db3a8\" width=\"700\" height=\"394\" srcset=\"https:\/\/curva1.com.ar\/wp-content\/uploads\/2016\/08\/8de1b359-271e-436c-b127-4863e82db3a8.jpg 700w, https:\/\/curva1.com.ar\/wp-content\/uploads\/2016\/08\/8de1b359-271e-436c-b127-4863e82db3a8-300x169.jpg 300w, https:\/\/curva1.com.ar\/wp-content\/uploads\/2016\/08\/8de1b359-271e-436c-b127-4863e82db3a8-600x337.jpg 600w\" sizes=\"auto, (max-width: 700px) 100vw, 700px\" \/><\/p>\n<p>Como es habitual luego de cada competencia del Zonal Cuyano\u00a0de Automovilismo, dirigentes de la Asociaci\u00f3n Pilotos Autom\u00f3viles Turismo Cuyano (APATC) realizaron la entrega de materiales a una entidad de bien p\u00fablico.<\/p>\n<p><strong>\u201cEn esta ocasi\u00f3n,\u00a0asistimos\u00a0a La Casita del Lago del departamento de San Mart\u00edn, que recibi\u00f3 alimentos, ropa y $3000 en efectivo para colaborar en con su\u00a0emprendimiento de fabricaci\u00f3n y venta canje de pan por otros alimentos\u201d<\/strong>\u00a0expres\u00f3 Abdo Girala que visit\u00f3 la entidad junto a Horacio Moreno.<\/p>\n<p>APATC le da gracias a todos los que el fin de semana pasado llevaron sus donaciones al Aut\u00f3dromo de San Mart\u00edn para ayudar a los que m\u00e1s lo necesitan y alienta a seguir adelante con estas acciones el 3 y 4 de setiembre cuando la carrera se realice en San Juan.<\/p>\n<p><img loading=\"lazy\" decoding=\"async\" class=\"aligncenter size-full wp-image-19684\" src=\"http:\/\/www.curva1.com.ar\/wp-content\/uploads\/2016\/08\/83896a08-0ed2-4abe-b027-dcf21c94e274.jpg\" alt=\"83896a08-0ed2-4abe-b027-dcf21c94e274\" width=\"700\" height=\"394\" srcset=\"https:\/\/curva1.com.ar\/wp-content\/uploads\/2016\/08\/83896a08-0ed2-4abe-b027-dcf21c94e274.jpg 700w, https:\/\/curva1.com.ar\/wp-content\/uploads\/2016\/08\/83896a08-0ed2-4abe-b027-dcf21c94e274-300x169.jpg 300w, https:\/\/curva1.com.ar\/wp-content\/uploads\/2016\/08\/83896a08-0ed2-4abe-b027-dcf21c94e274-600x337.jpg 600w\" sizes=\"auto, (max-width: 700px) 100vw, 700px\" \/> <img loading=\"lazy\" decoding=\"async\" class=\"aligncenter size-full wp-image-19685\" src=\"http:\/\/www.curva1.com.ar\/wp-content\/uploads\/2016\/08\/cd02bac5-c012-4381-a631-5aaf707a6a68.jpg\" alt=\"cd02bac5-c012-4381-a631-5aaf707a6a68\" width=\"700\" height=\"394\" srcset=\"https:\/\/curva1.com.ar\/wp-content\/uploads\/2016\/08\/cd02bac5-c012-4381-a631-5aaf707a6a68.jpg 700w, https:\/\/curva1.com.ar\/wp-content\/uploads\/2016\/08\/cd02bac5-c012-4381-a631-5aaf707a6a68-300x169.jpg 300w, https:\/\/curva1.com.ar\/wp-content\/uploads\/2016\/08\/cd02bac5-c012-4381-a631-5aaf707a6a68-600x337.jpg 600w\" sizes=\"auto, (max-width: 700px) 100vw, 700px\" \/><\/p>\n","protected":false},"excerpt":{"rendered":"<p>Como es habitual luego de cada competencia del Zonal Cuyano\u00a0de Automovilismo, dirigentes de la Asociaci\u00f3n<\/p>\n","protected":false},"author":1,"featured_media":19685,"comment_status":"closed","ping_status":"closed","sticky":false,"template":"","format":"standard","meta":{"footnotes":""},"categories":[1],"tags":[],"class_list":["post-19682","post","type-post","status-publish","format-standard","has-post-thumbnail","hentry","category-zonal-cuyano"],"featured_image_urls":{"full":["https:\/\/curva1.com.ar\/wp-content\/uploads\/2016\/08\/cd02bac5-c012-4381-a631-5aaf707a6a68.jpg",700,394,false],"thumbnail":["https:\/\/curva1.com.ar\/wp-content\/uploads\/2016\/08\/cd02bac5-c012-4381-a631-5aaf707a6a68-300x169.jpg",300,169,true],"medium":["https:\/\/curva1.com.ar\/wp-content\/uploads\/2016\/08\/cd02bac5-c012-4381-a631-5aaf707a6a68-600x337.jpg",600,337,true],"medium_large":["https:\/\/curva1.com.ar\/wp-content\/uploads\/2016\/08\/cd02bac5-c012-4381-a631-5aaf707a6a68.jpg",640,360,false],"large":["https:\/\/curva1.com.ar\/wp-content\/uploads\/2016\/08\/cd02bac5-c012-4381-a631-5aaf707a6a68.jpg",640,360,false],"1536x1536":["https:\/\/curva1.com.ar\/wp-content\/uploads\/2016\/08\/cd02bac5-c012-4381-a631-5aaf707a6a68.jpg",700,394,false],"2048x2048":["https:\/\/curva1.com.ar\/wp-content\/uploads\/2016\/08\/cd02bac5-c012-4381-a631-5aaf707a6a68.jpg",700,394,false],"chromenews-featured":["https:\/\/curva1.com.ar\/wp-content\/uploads\/2016\/08\/cd02bac5-c012-4381-a631-5aaf707a6a68.jpg",700,394,false],"chromenews-large":["https:\/\/curva1.com.ar\/wp-content\/uploads\/2016\/08\/cd02bac5-c012-4381-a631-5aaf707a6a68.jpg",700,394,false],"chromenews-medium":["https:\/\/curva1.com.ar\/wp-content\/uploads\/2016\/08\/cd02bac5-c012-4381-a631-5aaf707a6a68.jpg",590,332,false]},"author_info":{"display_name":"Jos\u00e9 Bravo","author_link":"https:\/\/curva1.com.ar\/?author=1"},"category_info":"<a href=\"https:\/\/curva1.com.ar\/?cat=1\" rel=\"category\">Zonal Cuyano<\/a>","tag_info":"Zonal Cuyano","comment_count":"0","yoast_head":"<!-- This site is optimized with the Yoast SEO Premium plugin v14.7 - https:\/\/yoast.com\/wordpress\/plugins\/seo\/ -->\n<title>Dirigentes del Zonal entregaron donaciones a &quot;La casita del Lago&quot; - Curva 1<\/title>\n<meta name=\"robots\" content=\"index, follow\" \/>\n<meta name=\"googlebot\" content=\"index, follow, max-snippet:-1, max-image-preview:large, max-video-preview:-1\" \/>\n<meta name=\"bingbot\" content=\"index, follow, max-snippet:-1, max-image-preview:large, max-video-preview:-1\" \/>\n<link rel=\"canonical\" href=\"https:\/\/curva1.com.ar\/?p=19682\" \/>\n<meta property=\"og:locale\" content=\"en_US\" \/>\n<meta property=\"og:type\" content=\"article\" \/>\n<meta property=\"og:title\" content=\"Dirigentes del Zonal entregaron donaciones a &quot;La casita del Lago&quot; - Curva 1\" \/>\n<meta property=\"og:description\" content=\"Como es habitual luego de cada competencia del Zonal Cuyano\u00a0de Automovilismo, dirigentes de la Asociaci\u00f3n\" \/>\n<meta property=\"og:url\" content=\"https:\/\/curva1.com.ar\/?p=19682\" \/>\n<meta property=\"og:site_name\" content=\"Curva 1\" \/>\n<meta property=\"article:publisher\" content=\"https:\/\/www.facebook.com\/revistacurva1\/\" \/>\n<meta property=\"article:published_time\" content=\"2016-08-10T21:52:15+00:00\" \/>\n<meta property=\"article:modified_time\" content=\"2016-08-14T22:11:25+00:00\" \/>\n<meta property=\"og:image\" content=\"https:\/\/curva1.com.ar\/wp-content\/uploads\/2016\/08\/cd02bac5-c012-4381-a631-5aaf707a6a68.jpg\" \/>\n\t<meta property=\"og:image:width\" content=\"700\" \/>\n\t<meta property=\"og:image:height\" content=\"394\" \/>\n<meta property=\"fb:app_id\" content=\"1593067817533208\" \/>\n<meta name=\"twitter:card\" content=\"summary_large_image\" \/>\n<meta name=\"twitter:creator\" content=\"@curva1mendoza\" \/>\n<meta name=\"twitter:site\" content=\"@curva1mendoza\" \/>\n<script type=\"application\/ld+json\" class=\"yoast-schema-graph\">{\"@context\":\"https:\/\/schema.org\",\"@graph\":[{\"@type\":\"WebSite\",\"@id\":\"https:\/\/curva1.com.ar\/#website\",\"url\":\"https:\/\/curva1.com.ar\/\",\"name\":\"Curva 1\",\"description\":\"Automovilismo de Mendoza\",\"potentialAction\":[{\"@type\":\"SearchAction\",\"target\":\"https:\/\/curva1.com.ar\/?s={search_term_string}\",\"query-input\":\"required name=search_term_string\"}],\"inLanguage\":\"en-US\"},{\"@type\":\"ImageObject\",\"@id\":\"https:\/\/curva1.com.ar\/?p=19682#primaryimage\",\"inLanguage\":\"en-US\",\"url\":\"https:\/\/curva1.com.ar\/wp-content\/uploads\/2016\/08\/cd02bac5-c012-4381-a631-5aaf707a6a68.jpg\",\"width\":700,\"height\":394},{\"@type\":\"WebPage\",\"@id\":\"https:\/\/curva1.com.ar\/?p=19682#webpage\",\"url\":\"https:\/\/curva1.com.ar\/?p=19682\",\"name\":\"Dirigentes del Zonal entregaron donaciones a \\\"La casita del Lago\\\" - Curva 1\",\"isPartOf\":{\"@id\":\"https:\/\/curva1.com.ar\/#website\"},\"primaryImageOfPage\":{\"@id\":\"https:\/\/curva1.com.ar\/?p=19682#primaryimage\"},\"datePublished\":\"2016-08-10T21:52:15+00:00\",\"dateModified\":\"2016-08-14T22:11:25+00:00\",\"author\":{\"@id\":\"https:\/\/curva1.com.ar\/#\/schema\/person\/f5fd12984d70df7314fbd9ab42f31033\"},\"inLanguage\":\"en-US\",\"potentialAction\":[{\"@type\":\"ReadAction\",\"target\":[\"https:\/\/curva1.com.ar\/?p=19682\"]}]},{\"@type\":[\"Person\"],\"@id\":\"https:\/\/curva1.com.ar\/#\/schema\/person\/f5fd12984d70df7314fbd9ab42f31033\",\"name\":\"Jos\\u00e9 Bravo\",\"image\":{\"@type\":\"ImageObject\",\"@id\":\"https:\/\/curva1.com.ar\/#personlogo\",\"inLanguage\":\"en-US\",\"url\":\"https:\/\/secure.gravatar.com\/avatar\/3ae0b1fdc6ddeb723a6e6c23609ed39de1d40a94b8112fd2c0c2032e2dabf28b?s=96&d=identicon&r=g\",\"caption\":\"Jos\\u00e9 Bravo\"}}]}<\/script>\n<!-- \/ Yoast SEO Premium plugin. -->","_links":{"self":[{"href":"https:\/\/curva1.com.ar\/index.php?rest_route=\/wp\/v2\/posts\/19682","targetHints":{"allow":["GET"]}}],"collection":[{"href":"https:\/\/curva1.com.ar\/index.php?rest_route=\/wp\/v2\/posts"}],"about":[{"href":"https:\/\/curva1.com.ar\/index.php?rest_route=\/wp\/v2\/types\/post"}],"author":[{"embeddable":true,"href":"https:\/\/curva1.com.ar\/index.php?rest_route=\/wp\/v2\/users\/1"}],"replies":[{"embeddable":true,"href":"https:\/\/curva1.com.ar\/index.php?rest_route=%2Fwp%2Fv2%2Fcomments&post=19682"}],"version-history":[{"count":2,"href":"https:\/\/curva1.com.ar\/index.php?rest_route=\/wp\/v2\/posts\/19682\/revisions"}],"predecessor-version":[{"id":19830,"href":"https:\/\/curva1.com.ar\/index.php?rest_route=\/wp\/v2\/posts\/19682\/revisions\/19830"}],"wp:featuredmedia":[{"embeddable":true,"href":"https:\/\/curva1.com.ar\/index.php?rest_route=\/wp\/v2\/media\/19685"}],"wp:attachment":[{"href":"https:\/\/curva1.com.ar\/index.php?rest_route=%2Fwp%2Fv2%2Fmedia&parent=19682"}],"wp:term":[{"taxonomy":"category","embeddable":true,"href":"https:\/\/curva1.com.ar\/index.php?rest_route=%2Fwp%2Fv2%2Fcategories&post=19682"},{"taxonomy":"post_tag","embeddable":true,"href":"https:\/\/curva1.com.ar\/index.php?rest_route=%2Fwp%2Fv2%2Ftags&post=19682"}],"curies":[{"name":"wp","href":"https:\/\/api.w.org\/{rel}","templated":true}]}}