{"id":19839,"date":"2016-08-14T20:30:17","date_gmt":"2016-08-14T23:30:17","guid":{"rendered":"http:\/\/www.curva1.com.ar\/?p=19839"},"modified":"2016-08-14T22:20:50","modified_gmt":"2016-08-15T01:20:50","slug":"el-kartodromo-de-santa-lucia-tuvo-un-nutrido-domingo-de-pruebas","status":"publish","type":"post","link":"https:\/\/curva1.com.ar\/?p=19839","title":{"rendered":"El Kart\u00f3dromo de Santa Luc\u00eda tuvo un nutrido domingo de pruebas"},"content":{"rendered":"<figure id=\"attachment_19840\" aria-describedby=\"caption-attachment-19840\" style=\"width: 700px\" class=\"wp-caption aligncenter\"><img loading=\"lazy\" decoding=\"async\" class=\"size-full wp-image-19840\" src=\"http:\/\/www.curva1.com.ar\/wp-content\/uploads\/2016\/08\/IMG_3394.jpg\" alt=\"FLORES Y APARO\" width=\"700\" height=\"394\" srcset=\"https:\/\/curva1.com.ar\/wp-content\/uploads\/2016\/08\/IMG_3394.jpg 700w, https:\/\/curva1.com.ar\/wp-content\/uploads\/2016\/08\/IMG_3394-300x169.jpg 300w, https:\/\/curva1.com.ar\/wp-content\/uploads\/2016\/08\/IMG_3394-600x337.jpg 600w\" sizes=\"auto, (max-width: 700px) 100vw, 700px\" \/><figcaption id=\"caption-attachment-19840\" class=\"wp-caption-text\">FLORES Y APARO<\/figcaption><\/figure>\n<p>Un buen grupo de pilotos estuvo entrenando hoy domingo en el kart\u00f3dromo de San Juan, como preparaci\u00f3n para la 5\u00ba fecha del Karting Mendocino y Sanjuanino que se correr\u00e1 el 21 de agosto.<\/p>\n<p>Desde Mendoza estuvieron probando por la S\u00faper 4 Tiempos Mart\u00edn Aparo, Federico Santib\u00e1\u00f1ez, los primos Maxi y Alejandro Flores.<\/p>\n<p>En 125 cc Senior Pro giraron Camila Gil, Lucas Vicino y el sanjuanino Franco Bolzonella, entre otros pilotos.<\/p>\n<p>Por la Categor\u00eda Escuela lo hicieron el local Santino Persia junto a su hermana, m\u00e1s el mendocino Valentino Aparo.<\/p>\n<p>Por la Promocional Iame 60 estuvo Franco Meschini.<\/p>\n<blockquote><p>Ma\u00f1ana lunes feriado el kart\u00f3dromo de San Mart\u00edn estar\u00e1 habilitado para pruebas.<\/p><\/blockquote>\n","protected":false},"excerpt":{"rendered":"<p>Un buen grupo de pilotos estuvo entrenando hoy domingo en el kart\u00f3dromo de San Juan,<\/p>\n","protected":false},"author":1,"featured_media":19840,"comment_status":"closed","ping_status":"closed","sticky":false,"template":"","format":"standard","meta":{"footnotes":""},"categories":[4],"tags":[],"class_list":["post-19839","post","type-post","status-publish","format-standard","has-post-thumbnail","hentry","category-karting"],"featured_image_urls":{"full":["https:\/\/curva1.com.ar\/wp-content\/uploads\/2016\/08\/IMG_3394.jpg",700,394,false],"thumbnail":["https:\/\/curva1.com.ar\/wp-content\/uploads\/2016\/08\/IMG_3394-300x169.jpg",300,169,true],"medium":["https:\/\/curva1.com.ar\/wp-content\/uploads\/2016\/08\/IMG_3394-600x337.jpg",600,337,true],"medium_large":["https:\/\/curva1.com.ar\/wp-content\/uploads\/2016\/08\/IMG_3394.jpg",640,360,false],"large":["https:\/\/curva1.com.ar\/wp-content\/uploads\/2016\/08\/IMG_3394.jpg",640,360,false],"1536x1536":["https:\/\/curva1.com.ar\/wp-content\/uploads\/2016\/08\/IMG_3394.jpg",700,394,false],"2048x2048":["https:\/\/curva1.com.ar\/wp-content\/uploads\/2016\/08\/IMG_3394.jpg",700,394,false],"chromenews-featured":["https:\/\/curva1.com.ar\/wp-content\/uploads\/2016\/08\/IMG_3394.jpg",700,394,false],"chromenews-large":["https:\/\/curva1.com.ar\/wp-content\/uploads\/2016\/08\/IMG_3394.jpg",700,394,false],"chromenews-medium":["https:\/\/curva1.com.ar\/wp-content\/uploads\/2016\/08\/IMG_3394.jpg",590,332,false]},"author_info":{"display_name":"Jos\u00e9 Bravo","author_link":"https:\/\/curva1.com.ar\/?author=1"},"category_info":"<a href=\"https:\/\/curva1.com.ar\/?cat=4\" rel=\"category\">Karting Asfalto<\/a>","tag_info":"Karting Asfalto","comment_count":"0","_links":{"self":[{"href":"https:\/\/curva1.com.ar\/index.php?rest_route=\/wp\/v2\/posts\/19839","targetHints":{"allow":["GET"]}}],"collection":[{"href":"https:\/\/curva1.com.ar\/index.php?rest_route=\/wp\/v2\/posts"}],"about":[{"href":"https:\/\/curva1.com.ar\/index.php?rest_route=\/wp\/v2\/types\/post"}],"author":[{"embeddable":true,"href":"https:\/\/curva1.com.ar\/index.php?rest_route=\/wp\/v2\/users\/1"}],"replies":[{"embeddable":true,"href":"https:\/\/curva1.com.ar\/index.php?rest_route=%2Fwp%2Fv2%2Fcomments&post=19839"}],"version-history":[{"count":4,"href":"https:\/\/curva1.com.ar\/index.php?rest_route=\/wp\/v2\/posts\/19839\/revisions"}],"predecessor-version":[{"id":19869,"href":"https:\/\/curva1.com.ar\/index.php?rest_route=\/wp\/v2\/posts\/19839\/revisions\/19869"}],"wp:featuredmedia":[{"embeddable":true,"href":"https:\/\/curva1.com.ar\/index.php?rest_route=\/wp\/v2\/media\/19840"}],"wp:attachment":[{"href":"https:\/\/curva1.com.ar\/index.php?rest_route=%2Fwp%2Fv2%2Fmedia&parent=19839"}],"wp:term":[{"taxonomy":"category","embeddable":true,"href":"https:\/\/curva1.com.ar\/index.php?rest_route=%2Fwp%2Fv2%2Fcategories&post=19839"},{"taxonomy":"post_tag","embeddable":true,"href":"https:\/\/curva1.com.ar\/index.php?rest_route=%2Fwp%2Fv2%2Ftags&post=19839"}],"curies":[{"name":"wp","href":"https:\/\/api.w.org\/{rel}","templated":true}]}}