{"id":19977,"date":"2016-08-17T11:27:00","date_gmt":"2016-08-17T14:27:00","guid":{"rendered":"http:\/\/www.curva1.com.ar\/?p=19977"},"modified":"2016-08-17T11:27:00","modified_gmt":"2016-08-17T14:27:00","slug":"horarios-para-la-5o-fecha-del-karting-mendocino-en-santa-lucia","status":"publish","type":"post","link":"https:\/\/curva1.com.ar\/?p=19977","title":{"rendered":"Horarios para la 5\u00ba fecha del Karting Mendocino en Santa Luc\u00eda"},"content":{"rendered":"<figure id=\"attachment_19978\" aria-describedby=\"caption-attachment-19978\" style=\"width: 700px\" class=\"wp-caption aligncenter\"><img loading=\"lazy\" decoding=\"async\" class=\"size-full wp-image-19978\" src=\"http:\/\/www.curva1.com.ar\/wp-content\/uploads\/2016\/08\/IMG_3275.jpg\" alt=\"ANGEL GIGENA JUNTO AL PILOTO VALENTINO SECCHI\" width=\"700\" height=\"443\" srcset=\"https:\/\/curva1.com.ar\/wp-content\/uploads\/2016\/08\/IMG_3275.jpg 700w, https:\/\/curva1.com.ar\/wp-content\/uploads\/2016\/08\/IMG_3275-533x337.jpg 533w\" sizes=\"auto, (max-width: 700px) 100vw, 700px\" \/><figcaption id=\"caption-attachment-19978\" class=\"wp-caption-text\">ANGEL GIGENA JUNTO AL PILOTO VALENTINO SECCHI<\/figcaption><\/figure>\n<p>El fin de semana se correr\u00e1 la 5\u00ba fecha del\u00a0 Karting Mendocino en el trazado sanjuanino de Santa Luc\u00eda.<\/p>\n<p>Las pruebas de mendocinos en San Juan han sido muchas y entre los que nos falt\u00f3 nombras se encuentran los tres hermanos Palau: Valent\u00edn, Agust\u00edn y Nicol\u00e1s. Tambi\u00e9n Tom\u00e1s Martin y el puntano Alonso Ortega, que si bien no correr\u00e1, estuvo probando un 125 cc Pre J\u00fanior pensando en la pr\u00f3xima temporada.<\/p>\n<p>Desde Neuqu\u00e9n, Franco Samcov, confirm\u00f3 su presencia en la &#8220;Pre&#8221; con atenci\u00f3n de Gualerzi.<\/p>\n<p style=\"padding-left: 30px;\"><a href=\"http:\/\/femadmza.com.ar\/2016\/Karting\/RPPKartingPista2016-05.pdf\"><em><strong>Descargar RPP 5\u00ba Fecha<\/strong><\/em><\/a><\/p>\n<div class=\"text_exposed_show\">\n<h3><span style=\"color: #ff0000;\">D\u00cdA S\u00c1BADO<\/span><\/h3>\n<p>\u2022 10 Hs a 12 Hs Verificaci\u00f3n Administrativa<br \/>\nPRIMERA TANDA DE PRUEBA<br \/>\n\u2022 12:00 Hs CATEGOR\u00cdA ESCUELA<br \/>\n\u2022 12:15 Hs PROMOCIONAL IAME 60<br \/>\n\u2022 12:30 Hs PRE JUNIOR MAX Y ROTAX<br \/>\n\u2022 12:45 Hs GUERRERO 110<br \/>\n\u2022 13:00 Hs SUPER 4T<br \/>\n\u2022 13:15 HS SENIOR SUPER PRO<br \/>\nSEGUNDA TANDA DE PRUEBA<br \/>\n\u2022 13:30 Hs CATEGOR\u00cdA ESCUELA<br \/>\n\u2022 13:45 Hs PROMOCIONAL IAME 60<br \/>\n\u2022 14:00 Hs PRE JUNIOR MAX Y ROTAX<br \/>\n\u2022 14:15 Hs GUERRERO 110<br \/>\n\u2022 14:30 Hs SUPER 4T<br \/>\n\u2022 14:45 HS SENIOR SUPER PRO<\/p>\n<p>TERCERA TANDA DE PRUEBA<br \/>\n\u2022 15:00 Hs CATEGOR\u00cdA ESCUELA<br \/>\n\u2022 15:15 Hs PROMOCIONAL IAME 60<br \/>\n\u2022 15:30 Hs PRE JUNIOR MAX Y ROTAX<br \/>\n\u2022 15:45 Hs GUERRERO 110<br \/>\n\u2022 16:00 Hs SUPER 4T<br \/>\n\u2022 16:15 HS SENIOR SUPER PRO<br \/>\nCUARTA TANDA DE PRUEBA<br \/>\n\u2022 16:30 Hs CATEGOR\u00cdA ESCUELA<br \/>\n\u2022 16:45 Hs PROMOCIONAL IAME 60<br \/>\n\u2022 17:00 Hs PRE JUNIOR MAX Y ROTAX<br \/>\n\u2022 17:15 Hs GUERRERO 110<br \/>\n\u2022 17:30 Hs SUPER 4T<br \/>\n\u2022 17:45 HS SENIOR SUPER PRO<\/p>\n<h3><span style=\"color: #ff0000;\">D\u00cdA DOMINGO<\/span><\/h3>\n<p>\u2022 08:30 Hs a 10:30 Hs Verificaci\u00f3n Administrativa<br \/>\n\u2022 08.30 Hs Sorteo de Motores categor\u00eda Guerrero 110<br \/>\n\u2022 08:30 Hs a 11:00 Hs Verificaci\u00f3n T\u00e9cnica.<\/p>\n<p>PRIMERA TANDA DE PRUEBA<\/p>\n<p>\u2022 9:30 Hs PROMOCIONAL IAME 60<br \/>\n\u2022 9:45 Hs PRE JUNIOR MAX Y ROTAX<br \/>\n\u2022 10:00 Hs SUPER 4T<br \/>\n\u2022 10:15 Hs GUERRERO 110<br \/>\n\u2022 10:30 HS SENIOR SUPER PRO<\/p>\n<p>\u2022 11:00 Hs REUNION OBLIGATORIA DE PILOTOS Y SORTEO ORDEN DE LARGADA<\/p>\n<p>\u2022 11:25 Hs ACTO PROTOCOLAR<\/p>\n<p>PRIMERA SERIE CLASIFICATORIA<\/p>\n<p>\u2022 11:40 Hs PROMOCIONAL IAME 60 \u201c5 VUELTAS\u201d<br \/>\n\u2022 11:55 Hs PRE JUNIOR MAX Y ROTAX \u201c8 VUELTAS\u201d<br \/>\n\u2022 12:10 Hs SUPER 4T (IMPARES) \u201c6 VUELTAS\u201d<br \/>\n\u2022 12:25 Hs SUPER 4T (PARES) \u201c6 VUELTAS\u201d<br \/>\n\u2022 12:40 Hs GUERRERO 110 \u201c8 VUELTAS\u201d<br \/>\n\u2022 12:55 HS SENIOR SUPER PRO \u201c 10 VUELTAS\u201d<br \/>\n\u2022 13:10 Hs 1\u00ba EXIBICI\u00d3N CATEGOR\u00cdA ESCUELA \u201c5 VUELTAS\u201d<\/p>\n<p>SEGUNDA SERIE CLASIFICATORIA<\/p>\n<p>\u2022 13:30 Hs PROMOCIONAL IAME 60 \u201c6 VUELTAS\u201d<br \/>\n\u2022 13:45 Hs PRE JUNIOR MAX Y ROTAX \u201c8 VUELTAS\u201d<br \/>\n\u2022 14:00 Hs SUPER 4T \u201c8 VUELTAS\u201d<br \/>\n\u2022 14:15 Hs GUERRERO 110 \u201c8 VUELTAS\u201d<br \/>\n\u2022 14:30 HS SENIOR SUPER PRO \u201c10 VUELTAS\u201d<br \/>\n\u2022 14:45 Hs 2\u00ba EXIBICI\u00d3N CATEGOR\u00cdA ESCUELA \u201c6 VUELTAS\u201d<\/p>\n<p>FINALES<\/p>\n<p>\u2022 15:10 Hs PROMOCIONAL IAME 60 \u201c8 VUELTAS\u201d<br \/>\n\u2022 15:30 Hs PRE JUNIOR MAX Y ROTAX \u201c12 VUELTAS\u201d<br \/>\n\u2022 15:50 Hs SUPER 4T \u201c15 VUELTAS\u201d<br \/>\n\u2022 16:10 Hs GUERRERO 110 \u201c12 VUELTAS\u201d<br \/>\n\u2022 16:30 HS SENIOR SUPER PRO \u201c18 VUELTAS\u201d<br \/>\n\u2022 17:30 Hs PODIO TRIUNFADORES TODAS LAS CATEGORIA<\/p>\n<\/div>\n","protected":false},"excerpt":{"rendered":"<p>El fin de semana se correr\u00e1 la 5\u00ba fecha del\u00a0 Karting Mendocino en el trazado<\/p>\n","protected":false},"author":1,"featured_media":19978,"comment_status":"closed","ping_status":"closed","sticky":false,"template":"","format":"standard","meta":{"footnotes":""},"categories":[4],"tags":[],"class_list":["post-19977","post","type-post","status-publish","format-standard","has-post-thumbnail","hentry","category-karting"],"featured_image_urls":{"full":["https:\/\/curva1.com.ar\/wp-content\/uploads\/2016\/08\/IMG_3275.jpg",700,443,false],"thumbnail":["https:\/\/curva1.com.ar\/wp-content\/uploads\/2016\/08\/IMG_3275-300x169.jpg",300,169,true],"medium":["https:\/\/curva1.com.ar\/wp-content\/uploads\/2016\/08\/IMG_3275-533x337.jpg",533,337,true],"medium_large":["https:\/\/curva1.com.ar\/wp-content\/uploads\/2016\/08\/IMG_3275.jpg",640,405,false],"large":["https:\/\/curva1.com.ar\/wp-content\/uploads\/2016\/08\/IMG_3275.jpg",640,405,false],"1536x1536":["https:\/\/curva1.com.ar\/wp-content\/uploads\/2016\/08\/IMG_3275.jpg",700,443,false],"2048x2048":["https:\/\/curva1.com.ar\/wp-content\/uploads\/2016\/08\/IMG_3275.jpg",700,443,false],"chromenews-featured":["https:\/\/curva1.com.ar\/wp-content\/uploads\/2016\/08\/IMG_3275.jpg",700,443,false],"chromenews-large":["https:\/\/curva1.com.ar\/wp-content\/uploads\/2016\/08\/IMG_3275.jpg",700,443,false],"chromenews-medium":["https:\/\/curva1.com.ar\/wp-content\/uploads\/2016\/08\/IMG_3275.jpg",590,373,false]},"author_info":{"display_name":"Jos\u00e9 Bravo","author_link":"https:\/\/curva1.com.ar\/?author=1"},"category_info":"<a href=\"https:\/\/curva1.com.ar\/?cat=4\" rel=\"category\">Karting Asfalto<\/a>","tag_info":"Karting Asfalto","comment_count":"0","_links":{"self":[{"href":"https:\/\/curva1.com.ar\/index.php?rest_route=\/wp\/v2\/posts\/19977","targetHints":{"allow":["GET"]}}],"collection":[{"href":"https:\/\/curva1.com.ar\/index.php?rest_route=\/wp\/v2\/posts"}],"about":[{"href":"https:\/\/curva1.com.ar\/index.php?rest_route=\/wp\/v2\/types\/post"}],"author":[{"embeddable":true,"href":"https:\/\/curva1.com.ar\/index.php?rest_route=\/wp\/v2\/users\/1"}],"replies":[{"embeddable":true,"href":"https:\/\/curva1.com.ar\/index.php?rest_route=%2Fwp%2Fv2%2Fcomments&post=19977"}],"version-history":[{"count":1,"href":"https:\/\/curva1.com.ar\/index.php?rest_route=\/wp\/v2\/posts\/19977\/revisions"}],"predecessor-version":[{"id":19979,"href":"https:\/\/curva1.com.ar\/index.php?rest_route=\/wp\/v2\/posts\/19977\/revisions\/19979"}],"wp:featuredmedia":[{"embeddable":true,"href":"https:\/\/curva1.com.ar\/index.php?rest_route=\/wp\/v2\/media\/19978"}],"wp:attachment":[{"href":"https:\/\/curva1.com.ar\/index.php?rest_route=%2Fwp%2Fv2%2Fmedia&parent=19977"}],"wp:term":[{"taxonomy":"category","embeddable":true,"href":"https:\/\/curva1.com.ar\/index.php?rest_route=%2Fwp%2Fv2%2Fcategories&post=19977"},{"taxonomy":"post_tag","embeddable":true,"href":"https:\/\/curva1.com.ar\/index.php?rest_route=%2Fwp%2Fv2%2Ftags&post=19977"}],"curies":[{"name":"wp","href":"https:\/\/api.w.org\/{rel}","templated":true}]}}