{"id":19980,"date":"2016-08-17T11:38:54","date_gmt":"2016-08-17T14:38:54","guid":{"rendered":"http:\/\/www.curva1.com.ar\/?p=19980"},"modified":"2016-08-22T12:47:58","modified_gmt":"2016-08-22T15:47:58","slug":"peluche-caceres-dejo-el-equipo-psg-16-de-tc2000-y-analiza-su-continuidad","status":"publish","type":"post","link":"https:\/\/curva1.com.ar\/?p=19980","title":{"rendered":"C\u00e1ceres dej\u00f3 el equipo PSG16 de TC2000 y analiza su continuidad"},"content":{"rendered":"<p><img loading=\"lazy\" decoding=\"async\" class=\"aligncenter size-full wp-image-19981\" src=\"http:\/\/www.curva1.com.ar\/wp-content\/uploads\/2016\/08\/hc_385699.jpg\" alt=\"hc_385699\" width=\"700\" height=\"394\" srcset=\"https:\/\/curva1.com.ar\/wp-content\/uploads\/2016\/08\/hc_385699.jpg 700w, https:\/\/curva1.com.ar\/wp-content\/uploads\/2016\/08\/hc_385699-300x169.jpg 300w, https:\/\/curva1.com.ar\/wp-content\/uploads\/2016\/08\/hc_385699-600x337.jpg 600w\" sizes=\"auto, (max-width: 700px) 100vw, 700px\" \/><\/p>\n<p>Gan\u00f3 el domingo pasado en Buenos Aires y se convirti\u00f3 en el m\u00e1ximo ganador en la historia del TC2000.<\/p>\n<p>Hablamos de Emmanuel C\u00e1ceres que ahora analiza como continuar su carrera deportiva en la categor\u00eda.<\/p>\n<p><strong>&#8220;Anoche decidimos no seguir m\u00e1s con el equipo PSG 16, con el cual tenemos una muy buena relaci\u00f3n y queremos continuar as\u00ed. Fue por eso que, al estar bastantes apretados con el presupuesto, decidimos prescindir de sus servicios y analizar como seguimos la temporada. Es una l\u00e1stima esta situaci\u00f3n, pero no quer\u00edamos complicar el trabajo del equipo que nos ha brindado todo y tampoco exigirnos nosotros m\u00e1s de lo que podemos en la actualidad&#8221;<\/strong>\u00a0 explic\u00f3 Peluche a Curva 1.<\/p>\n<p>El sanmartiniano se encuentra segundo en el campeonato del TC2000 y busca retener el t\u00edtulo que obtuvo en 2015, siempre y cuando las empresas y sponsor lo sigan acompa\u00f1ando, algo fundamental.<\/p>\n<p><img loading=\"lazy\" decoding=\"async\" class=\"aligncenter size-full wp-image-19985\" src=\"http:\/\/www.curva1.com.ar\/wp-content\/uploads\/2016\/08\/hc_385844-1.jpg\" alt=\"hc_385844\" width=\"709\" height=\"399\" srcset=\"https:\/\/curva1.com.ar\/wp-content\/uploads\/2016\/08\/hc_385844-1.jpg 709w, https:\/\/curva1.com.ar\/wp-content\/uploads\/2016\/08\/hc_385844-1-300x169.jpg 300w, https:\/\/curva1.com.ar\/wp-content\/uploads\/2016\/08\/hc_385844-1-600x337.jpg 600w\" sizes=\"auto, (max-width: 709px) 100vw, 709px\" \/><\/p>\n","protected":false},"excerpt":{"rendered":"<p>Gan\u00f3 el domingo pasado en Buenos Aires y se convirti\u00f3 en el m\u00e1ximo ganador en<\/p>\n","protected":false},"author":1,"featured_media":19985,"comment_status":"closed","ping_status":"closed","sticky":false,"template":"","format":"standard","meta":{"footnotes":""},"categories":[6],"tags":[],"class_list":["post-19980","post","type-post","status-publish","format-standard","has-post-thumbnail","hentry","category-nacionales"],"featured_image_urls":{"full":["https:\/\/curva1.com.ar\/wp-content\/uploads\/2016\/08\/hc_385844-1.jpg",709,399,false],"thumbnail":["https:\/\/curva1.com.ar\/wp-content\/uploads\/2016\/08\/hc_385844-1-300x169.jpg",300,169,true],"medium":["https:\/\/curva1.com.ar\/wp-content\/uploads\/2016\/08\/hc_385844-1-600x337.jpg",600,337,true],"medium_large":["https:\/\/curva1.com.ar\/wp-content\/uploads\/2016\/08\/hc_385844-1.jpg",640,360,false],"large":["https:\/\/curva1.com.ar\/wp-content\/uploads\/2016\/08\/hc_385844-1.jpg",640,360,false],"1536x1536":["https:\/\/curva1.com.ar\/wp-content\/uploads\/2016\/08\/hc_385844-1.jpg",709,399,false],"2048x2048":["https:\/\/curva1.com.ar\/wp-content\/uploads\/2016\/08\/hc_385844-1.jpg",709,399,false],"chromenews-featured":["https:\/\/curva1.com.ar\/wp-content\/uploads\/2016\/08\/hc_385844-1.jpg",709,399,false],"chromenews-large":["https:\/\/curva1.com.ar\/wp-content\/uploads\/2016\/08\/hc_385844-1.jpg",709,399,false],"chromenews-medium":["https:\/\/curva1.com.ar\/wp-content\/uploads\/2016\/08\/hc_385844-1.jpg",590,332,false]},"author_info":{"display_name":"Jos\u00e9 Bravo","author_link":"https:\/\/curva1.com.ar\/?author=1"},"category_info":"<a href=\"https:\/\/curva1.com.ar\/?cat=6\" rel=\"category\">Nacionales<\/a>","tag_info":"Nacionales","comment_count":"0","_links":{"self":[{"href":"https:\/\/curva1.com.ar\/index.php?rest_route=\/wp\/v2\/posts\/19980","targetHints":{"allow":["GET"]}}],"collection":[{"href":"https:\/\/curva1.com.ar\/index.php?rest_route=\/wp\/v2\/posts"}],"about":[{"href":"https:\/\/curva1.com.ar\/index.php?rest_route=\/wp\/v2\/types\/post"}],"author":[{"embeddable":true,"href":"https:\/\/curva1.com.ar\/index.php?rest_route=\/wp\/v2\/users\/1"}],"replies":[{"embeddable":true,"href":"https:\/\/curva1.com.ar\/index.php?rest_route=%2Fwp%2Fv2%2Fcomments&post=19980"}],"version-history":[{"count":5,"href":"https:\/\/curva1.com.ar\/index.php?rest_route=\/wp\/v2\/posts\/19980\/revisions"}],"predecessor-version":[{"id":20022,"href":"https:\/\/curva1.com.ar\/index.php?rest_route=\/wp\/v2\/posts\/19980\/revisions\/20022"}],"wp:featuredmedia":[{"embeddable":true,"href":"https:\/\/curva1.com.ar\/index.php?rest_route=\/wp\/v2\/media\/19985"}],"wp:attachment":[{"href":"https:\/\/curva1.com.ar\/index.php?rest_route=%2Fwp%2Fv2%2Fmedia&parent=19980"}],"wp:term":[{"taxonomy":"category","embeddable":true,"href":"https:\/\/curva1.com.ar\/index.php?rest_route=%2Fwp%2Fv2%2Fcategories&post=19980"},{"taxonomy":"post_tag","embeddable":true,"href":"https:\/\/curva1.com.ar\/index.php?rest_route=%2Fwp%2Fv2%2Ftags&post=19980"}],"curies":[{"name":"wp","href":"https:\/\/api.w.org\/{rel}","templated":true}]}}