{"id":2000,"date":"2012-11-06T11:05:58","date_gmt":"2012-11-06T14:05:58","guid":{"rendered":"http:\/\/www.curva1.com.ar\/?p=2000"},"modified":"2012-11-06T11:21:24","modified_gmt":"2012-11-06T14:21:24","slug":"asi-se-llega-a-la-segunda-fecha-de-los-play-off-del-zonal","status":"publish","type":"post","link":"https:\/\/curva1.com.ar\/?p=2000","title":{"rendered":"As\u00ed se llega a la 2\u00ba fecha de los play off que se corre en San Juan"},"content":{"rendered":"<p><img loading=\"lazy\" decoding=\"async\" class=\"aligncenter size-full wp-image-2006\" title=\"GEDSC DIGITAL CAMERA\" src=\"http:\/\/www.curva1.com.ar\/wp-content\/uploads\/2012\/11\/GEDaC0141.jpg\" alt=\"\" width=\"500\" height=\"281\" srcset=\"https:\/\/curva1.com.ar\/wp-content\/uploads\/2012\/11\/GEDaC0141.jpg 500w, https:\/\/curva1.com.ar\/wp-content\/uploads\/2012\/11\/GEDaC0141-300x168.jpg 300w\" sizes=\"auto, (max-width: 500px) 100vw, 500px\" \/><\/p>\n<p>El fin de semana se llevar\u00e1 a cabo una nueva fecha del Zonal Cuyano, ser\u00e1 la pen\u00faltima del a\u00f1o y tambi\u00e9n la 2\u00ba fecha (de 3) de los Play Off que determinar\u00e1 los Campeones 2012.<\/p>\n<p>El sanjuanino Fernando Persia lidera la Clase 1,\u00a0 mientras que Pablo Mauri (de Bah\u00eda Blanca pero radicado en San Juan) est\u00e1 arriba de todos en la Clase 2 (foto).<\/p>\n<p>El maipucino Leo Fioquetti (TC J\u00fanior), el sanrafaelino Pedro Piastrellini (TP 1100) y el sanjuanino Franco Benedetti (TC Cuyano) son punteros en sus categor\u00edas.<\/p>\n<blockquote><p><strong>Resultados confirmados de la 8\u00ba fecha y campeonatos completos <a href=\"http:\/\/femadmza.com.ar\/2012\/Zonal\/Zonal08.htm\" target=\"_blank\">AQUI<\/a><\/strong><\/p><\/blockquote>\n<p><img loading=\"lazy\" decoding=\"async\" class=\"aligncenter size-full wp-image-2001\" title=\"clas1ats\" src=\"http:\/\/www.curva1.com.ar\/wp-content\/uploads\/2012\/11\/clas1ats.jpg\" alt=\"\" width=\"389\" height=\"252\" srcset=\"https:\/\/curva1.com.ar\/wp-content\/uploads\/2012\/11\/clas1ats.jpg 389w, https:\/\/curva1.com.ar\/wp-content\/uploads\/2012\/11\/clas1ats-300x194.jpg 300w\" sizes=\"auto, (max-width: 389px) 100vw, 389px\" \/><\/p>\n<p><img loading=\"lazy\" decoding=\"async\" class=\"aligncenter size-full wp-image-2002\" title=\"c2ats\" src=\"http:\/\/www.curva1.com.ar\/wp-content\/uploads\/2012\/11\/c2ats.jpg\" alt=\"\" width=\"391\" height=\"308\" srcset=\"https:\/\/curva1.com.ar\/wp-content\/uploads\/2012\/11\/c2ats.jpg 391w, https:\/\/curva1.com.ar\/wp-content\/uploads\/2012\/11\/c2ats-300x236.jpg 300w\" sizes=\"auto, (max-width: 391px) 100vw, 391px\" \/><\/p>\n<p><img loading=\"lazy\" decoding=\"async\" class=\"aligncenter size-full wp-image-2003\" title=\"caJJts\" src=\"http:\/\/www.curva1.com.ar\/wp-content\/uploads\/2012\/11\/caJJts.jpg\" alt=\"\" width=\"387\" height=\"181\" srcset=\"https:\/\/curva1.com.ar\/wp-content\/uploads\/2012\/11\/caJJts.jpg 387w, https:\/\/curva1.com.ar\/wp-content\/uploads\/2012\/11\/caJJts-300x140.jpg 300w\" sizes=\"auto, (max-width: 387px) 100vw, 387px\" \/><\/p>\n<p><img loading=\"lazy\" decoding=\"async\" class=\"aligncenter size-full wp-image-2004\" title=\"cTPats\" src=\"http:\/\/www.curva1.com.ar\/wp-content\/uploads\/2012\/11\/cTPats.jpg\" alt=\"\" width=\"396\" height=\"305\" srcset=\"https:\/\/curva1.com.ar\/wp-content\/uploads\/2012\/11\/cTPats.jpg 396w, https:\/\/curva1.com.ar\/wp-content\/uploads\/2012\/11\/cTPats-300x231.jpg 300w\" sizes=\"auto, (max-width: 396px) 100vw, 396px\" \/><\/p>\n<p><img loading=\"lazy\" decoding=\"async\" class=\"aligncenter size-full wp-image-2005\" title=\"cTCats\" src=\"http:\/\/www.curva1.com.ar\/wp-content\/uploads\/2012\/11\/cTCats.jpg\" alt=\"\" width=\"396\" height=\"338\" srcset=\"https:\/\/curva1.com.ar\/wp-content\/uploads\/2012\/11\/cTCats.jpg 396w, https:\/\/curva1.com.ar\/wp-content\/uploads\/2012\/11\/cTCats-300x256.jpg 300w\" sizes=\"auto, (max-width: 396px) 100vw, 396px\" \/><\/p>\n","protected":false},"excerpt":{"rendered":"<p>El fin de semana se llevar\u00e1 a cabo una nueva fecha del Zonal Cuyano, ser\u00e1<\/p>\n","protected":false},"author":1,"featured_media":2006,"comment_status":"open","ping_status":"closed","sticky":false,"template":"","format":"standard","meta":{"footnotes":""},"categories":[1],"tags":[],"class_list":["post-2000","post","type-post","status-publish","format-standard","has-post-thumbnail","hentry","category-zonal-cuyano"],"featured_image_urls":{"full":["https:\/\/curva1.com.ar\/wp-content\/uploads\/2012\/11\/GEDaC0141.jpg",500,281,false],"thumbnail":["https:\/\/curva1.com.ar\/wp-content\/uploads\/2012\/11\/GEDaC0141-150x150.jpg",150,150,true],"medium":["https:\/\/curva1.com.ar\/wp-content\/uploads\/2012\/11\/GEDaC0141-300x168.jpg",300,168,true],"medium_large":["https:\/\/curva1.com.ar\/wp-content\/uploads\/2012\/11\/GEDaC0141.jpg",500,281,false],"large":["https:\/\/curva1.com.ar\/wp-content\/uploads\/2012\/11\/GEDaC0141.jpg",500,281,false],"1536x1536":["https:\/\/curva1.com.ar\/wp-content\/uploads\/2012\/11\/GEDaC0141.jpg",500,281,false],"2048x2048":["https:\/\/curva1.com.ar\/wp-content\/uploads\/2012\/11\/GEDaC0141.jpg",500,281,false],"chromenews-featured":["https:\/\/curva1.com.ar\/wp-content\/uploads\/2012\/11\/GEDaC0141.jpg",500,281,false],"chromenews-large":["https:\/\/curva1.com.ar\/wp-content\/uploads\/2012\/11\/GEDaC0141.jpg",500,281,false],"chromenews-medium":["https:\/\/curva1.com.ar\/wp-content\/uploads\/2012\/11\/GEDaC0141.jpg",500,281,false]},"author_info":{"display_name":"Jos\u00e9 Bravo","author_link":"https:\/\/curva1.com.ar\/?author=1"},"category_info":"<a href=\"https:\/\/curva1.com.ar\/?cat=1\" rel=\"category\">Zonal Cuyano<\/a>","tag_info":"Zonal Cuyano","comment_count":"0","_links":{"self":[{"href":"https:\/\/curva1.com.ar\/index.php?rest_route=\/wp\/v2\/posts\/2000","targetHints":{"allow":["GET"]}}],"collection":[{"href":"https:\/\/curva1.com.ar\/index.php?rest_route=\/wp\/v2\/posts"}],"about":[{"href":"https:\/\/curva1.com.ar\/index.php?rest_route=\/wp\/v2\/types\/post"}],"author":[{"embeddable":true,"href":"https:\/\/curva1.com.ar\/index.php?rest_route=\/wp\/v2\/users\/1"}],"replies":[{"embeddable":true,"href":"https:\/\/curva1.com.ar\/index.php?rest_route=%2Fwp%2Fv2%2Fcomments&post=2000"}],"version-history":[{"count":3,"href":"https:\/\/curva1.com.ar\/index.php?rest_route=\/wp\/v2\/posts\/2000\/revisions"}],"predecessor-version":[{"id":2014,"href":"https:\/\/curva1.com.ar\/index.php?rest_route=\/wp\/v2\/posts\/2000\/revisions\/2014"}],"wp:featuredmedia":[{"embeddable":true,"href":"https:\/\/curva1.com.ar\/index.php?rest_route=\/wp\/v2\/media\/2006"}],"wp:attachment":[{"href":"https:\/\/curva1.com.ar\/index.php?rest_route=%2Fwp%2Fv2%2Fmedia&parent=2000"}],"wp:term":[{"taxonomy":"category","embeddable":true,"href":"https:\/\/curva1.com.ar\/index.php?rest_route=%2Fwp%2Fv2%2Fcategories&post=2000"},{"taxonomy":"post_tag","embeddable":true,"href":"https:\/\/curva1.com.ar\/index.php?rest_route=%2Fwp%2Fv2%2Ftags&post=2000"}],"curies":[{"name":"wp","href":"https:\/\/api.w.org\/{rel}","templated":true}]}}