{"id":20056,"date":"2016-08-29T23:01:14","date_gmt":"2016-08-30T02:01:14","guid":{"rendered":"http:\/\/www.curva1.com.ar\/?p=20056"},"modified":"2016-08-29T23:01:14","modified_gmt":"2016-08-30T02:01:14","slug":"peluche-caceres-ya-tiene-nuevo-equipo-y-auto-para-el-tc2000","status":"publish","type":"post","link":"https:\/\/curva1.com.ar\/?p=20056","title":{"rendered":"Peluche C\u00e1ceres ya tiene nuevo equipo y auto para el TC2000"},"content":{"rendered":"<p><img loading=\"lazy\" decoding=\"async\" class=\"aligncenter size-full wp-image-20057\" src=\"http:\/\/www.curva1.com.ar\/wp-content\/uploads\/2016\/08\/8e5c002e-1157-4559-ab6b-fdc05c799996.jpg\" alt=\"8e5c002e-1157-4559-ab6b-fdc05c799996\" width=\"700\" height=\"394\" srcset=\"https:\/\/curva1.com.ar\/wp-content\/uploads\/2016\/08\/8e5c002e-1157-4559-ab6b-fdc05c799996.jpg 700w, https:\/\/curva1.com.ar\/wp-content\/uploads\/2016\/08\/8e5c002e-1157-4559-ab6b-fdc05c799996-300x169.jpg 300w, https:\/\/curva1.com.ar\/wp-content\/uploads\/2016\/08\/8e5c002e-1157-4559-ab6b-fdc05c799996-600x337.jpg 600w\" sizes=\"auto, (max-width: 700px) 100vw, 700px\" \/><\/p>\n<p>Lunes por la tarde fue el momento donde el mendocino Emmanuel C\u00e1ceres cerr\u00f3 el trato con el equipo Pro Racing e ir\u00e1 a la pr\u00f3xima fecha de Concordia a manejar un Chevrolet Cruze.<\/p>\n<p>Peluche marcha como escolta en la tabla de campeonato del TC2000.<\/p>\n","protected":false},"excerpt":{"rendered":"<p>Lunes por la tarde fue el momento donde el mendocino Emmanuel C\u00e1ceres cerr\u00f3 el trato<\/p>\n","protected":false},"author":1,"featured_media":20057,"comment_status":"closed","ping_status":"closed","sticky":false,"template":"","format":"standard","meta":{"footnotes":""},"categories":[6],"tags":[],"class_list":["post-20056","post","type-post","status-publish","format-standard","has-post-thumbnail","hentry","category-nacionales"],"featured_image_urls":{"full":["https:\/\/curva1.com.ar\/wp-content\/uploads\/2016\/08\/8e5c002e-1157-4559-ab6b-fdc05c799996.jpg",700,394,false],"thumbnail":["https:\/\/curva1.com.ar\/wp-content\/uploads\/2016\/08\/8e5c002e-1157-4559-ab6b-fdc05c799996-300x169.jpg",300,169,true],"medium":["https:\/\/curva1.com.ar\/wp-content\/uploads\/2016\/08\/8e5c002e-1157-4559-ab6b-fdc05c799996-600x337.jpg",600,337,true],"medium_large":["https:\/\/curva1.com.ar\/wp-content\/uploads\/2016\/08\/8e5c002e-1157-4559-ab6b-fdc05c799996.jpg",640,360,false],"large":["https:\/\/curva1.com.ar\/wp-content\/uploads\/2016\/08\/8e5c002e-1157-4559-ab6b-fdc05c799996.jpg",640,360,false],"1536x1536":["https:\/\/curva1.com.ar\/wp-content\/uploads\/2016\/08\/8e5c002e-1157-4559-ab6b-fdc05c799996.jpg",700,394,false],"2048x2048":["https:\/\/curva1.com.ar\/wp-content\/uploads\/2016\/08\/8e5c002e-1157-4559-ab6b-fdc05c799996.jpg",700,394,false],"chromenews-featured":["https:\/\/curva1.com.ar\/wp-content\/uploads\/2016\/08\/8e5c002e-1157-4559-ab6b-fdc05c799996.jpg",700,394,false],"chromenews-large":["https:\/\/curva1.com.ar\/wp-content\/uploads\/2016\/08\/8e5c002e-1157-4559-ab6b-fdc05c799996.jpg",700,394,false],"chromenews-medium":["https:\/\/curva1.com.ar\/wp-content\/uploads\/2016\/08\/8e5c002e-1157-4559-ab6b-fdc05c799996.jpg",590,332,false]},"author_info":{"display_name":"Jos\u00e9 Bravo","author_link":"https:\/\/curva1.com.ar\/?author=1"},"category_info":"<a href=\"https:\/\/curva1.com.ar\/?cat=6\" rel=\"category\">Nacionales<\/a>","tag_info":"Nacionales","comment_count":"0","_links":{"self":[{"href":"https:\/\/curva1.com.ar\/index.php?rest_route=\/wp\/v2\/posts\/20056","targetHints":{"allow":["GET"]}}],"collection":[{"href":"https:\/\/curva1.com.ar\/index.php?rest_route=\/wp\/v2\/posts"}],"about":[{"href":"https:\/\/curva1.com.ar\/index.php?rest_route=\/wp\/v2\/types\/post"}],"author":[{"embeddable":true,"href":"https:\/\/curva1.com.ar\/index.php?rest_route=\/wp\/v2\/users\/1"}],"replies":[{"embeddable":true,"href":"https:\/\/curva1.com.ar\/index.php?rest_route=%2Fwp%2Fv2%2Fcomments&post=20056"}],"version-history":[{"count":1,"href":"https:\/\/curva1.com.ar\/index.php?rest_route=\/wp\/v2\/posts\/20056\/revisions"}],"predecessor-version":[{"id":20058,"href":"https:\/\/curva1.com.ar\/index.php?rest_route=\/wp\/v2\/posts\/20056\/revisions\/20058"}],"wp:featuredmedia":[{"embeddable":true,"href":"https:\/\/curva1.com.ar\/index.php?rest_route=\/wp\/v2\/media\/20057"}],"wp:attachment":[{"href":"https:\/\/curva1.com.ar\/index.php?rest_route=%2Fwp%2Fv2%2Fmedia&parent=20056"}],"wp:term":[{"taxonomy":"category","embeddable":true,"href":"https:\/\/curva1.com.ar\/index.php?rest_route=%2Fwp%2Fv2%2Fcategories&post=20056"},{"taxonomy":"post_tag","embeddable":true,"href":"https:\/\/curva1.com.ar\/index.php?rest_route=%2Fwp%2Fv2%2Ftags&post=20056"}],"curies":[{"name":"wp","href":"https:\/\/api.w.org\/{rel}","templated":true}]}}