{"id":20072,"date":"2016-09-01T09:43:55","date_gmt":"2016-09-01T12:43:55","guid":{"rendered":"http:\/\/www.curva1.com.ar\/?p=20072"},"modified":"2016-09-01T09:46:27","modified_gmt":"2016-09-01T12:46:27","slug":"por-el-clima-se-postergo-una-semana-el-zonal-cuyano-en-san-juan","status":"publish","type":"post","link":"https:\/\/curva1.com.ar\/?p=20072","title":{"rendered":"Por el clima, se posterg\u00f3 una semana el Zonal Cuyano en San Juan"},"content":{"rendered":"<p><img loading=\"lazy\" decoding=\"async\" class=\"aligncenter size-full wp-image-20074\" src=\"http:\/\/www.curva1.com.ar\/wp-content\/uploads\/2016\/09\/IMG_4776.jpg\" alt=\"IMG_4776\" width=\"700\" height=\"394\" srcset=\"https:\/\/curva1.com.ar\/wp-content\/uploads\/2016\/09\/IMG_4776.jpg 700w, https:\/\/curva1.com.ar\/wp-content\/uploads\/2016\/09\/IMG_4776-300x169.jpg 300w, https:\/\/curva1.com.ar\/wp-content\/uploads\/2016\/09\/IMG_4776-600x337.jpg 600w\" sizes=\"auto, (max-width: 700px) 100vw, 700px\" \/><\/p>\n<p>Los clubes APATC (Mendoza) y APAC (San Juan), en conjunto con la Federaci\u00f3n Mendocina Automovilismo Deportivo, decidieron postergar una semana la sexta fecha del Zonal Cuyano que se iba a correr este fin semana en el Aut\u00f3dromo Eduardo Copello de San Juan.<\/p>\n<p>El motivo es el pron\u00f3stico de lluvia que radica sobre la zona donde se sit\u00faa el circuito El Zonda. Las entidades consultaron distintas fuentes de informaci\u00f3n del clima antes de tomar esta <span class=\"text_exposed_show\">determinaci\u00f3n. El objetivo primordial es cuidar la integridad de los pilotos, ya que en caso de contar con pista h\u00fameda el riesgo de probabilidad de accidentes aumenta.<\/span><\/p>\n<div class=\"text_exposed_show\">\n<p>La nueva fecha para el Zonal Cuyano en la provincia de San Juan ser\u00e1 el 10 y 11 de setiembre.<\/p>\n<\/div>\n","protected":false},"excerpt":{"rendered":"<p>Los clubes APATC (Mendoza) y APAC (San Juan), en conjunto con la Federaci\u00f3n Mendocina Automovilismo<\/p>\n","protected":false},"author":1,"featured_media":20074,"comment_status":"closed","ping_status":"closed","sticky":false,"template":"","format":"standard","meta":{"footnotes":""},"categories":[1],"tags":[],"class_list":["post-20072","post","type-post","status-publish","format-standard","has-post-thumbnail","hentry","category-zonal-cuyano"],"featured_image_urls":{"full":["https:\/\/curva1.com.ar\/wp-content\/uploads\/2016\/09\/IMG_4776.jpg",700,394,false],"thumbnail":["https:\/\/curva1.com.ar\/wp-content\/uploads\/2016\/09\/IMG_4776-300x169.jpg",300,169,true],"medium":["https:\/\/curva1.com.ar\/wp-content\/uploads\/2016\/09\/IMG_4776-600x337.jpg",600,337,true],"medium_large":["https:\/\/curva1.com.ar\/wp-content\/uploads\/2016\/09\/IMG_4776.jpg",640,360,false],"large":["https:\/\/curva1.com.ar\/wp-content\/uploads\/2016\/09\/IMG_4776.jpg",640,360,false],"1536x1536":["https:\/\/curva1.com.ar\/wp-content\/uploads\/2016\/09\/IMG_4776.jpg",700,394,false],"2048x2048":["https:\/\/curva1.com.ar\/wp-content\/uploads\/2016\/09\/IMG_4776.jpg",700,394,false],"chromenews-featured":["https:\/\/curva1.com.ar\/wp-content\/uploads\/2016\/09\/IMG_4776.jpg",700,394,false],"chromenews-large":["https:\/\/curva1.com.ar\/wp-content\/uploads\/2016\/09\/IMG_4776.jpg",700,394,false],"chromenews-medium":["https:\/\/curva1.com.ar\/wp-content\/uploads\/2016\/09\/IMG_4776.jpg",590,332,false]},"author_info":{"display_name":"Jos\u00e9 Bravo","author_link":"https:\/\/curva1.com.ar\/?author=1"},"category_info":"<a href=\"https:\/\/curva1.com.ar\/?cat=1\" rel=\"category\">Zonal Cuyano<\/a>","tag_info":"Zonal Cuyano","comment_count":"0","_links":{"self":[{"href":"https:\/\/curva1.com.ar\/index.php?rest_route=\/wp\/v2\/posts\/20072","targetHints":{"allow":["GET"]}}],"collection":[{"href":"https:\/\/curva1.com.ar\/index.php?rest_route=\/wp\/v2\/posts"}],"about":[{"href":"https:\/\/curva1.com.ar\/index.php?rest_route=\/wp\/v2\/types\/post"}],"author":[{"embeddable":true,"href":"https:\/\/curva1.com.ar\/index.php?rest_route=\/wp\/v2\/users\/1"}],"replies":[{"embeddable":true,"href":"https:\/\/curva1.com.ar\/index.php?rest_route=%2Fwp%2Fv2%2Fcomments&post=20072"}],"version-history":[{"count":2,"href":"https:\/\/curva1.com.ar\/index.php?rest_route=\/wp\/v2\/posts\/20072\/revisions"}],"predecessor-version":[{"id":20075,"href":"https:\/\/curva1.com.ar\/index.php?rest_route=\/wp\/v2\/posts\/20072\/revisions\/20075"}],"wp:featuredmedia":[{"embeddable":true,"href":"https:\/\/curva1.com.ar\/index.php?rest_route=\/wp\/v2\/media\/20074"}],"wp:attachment":[{"href":"https:\/\/curva1.com.ar\/index.php?rest_route=%2Fwp%2Fv2%2Fmedia&parent=20072"}],"wp:term":[{"taxonomy":"category","embeddable":true,"href":"https:\/\/curva1.com.ar\/index.php?rest_route=%2Fwp%2Fv2%2Fcategories&post=20072"},{"taxonomy":"post_tag","embeddable":true,"href":"https:\/\/curva1.com.ar\/index.php?rest_route=%2Fwp%2Fv2%2Ftags&post=20072"}],"curies":[{"name":"wp","href":"https:\/\/api.w.org\/{rel}","templated":true}]}}