{"id":20104,"date":"2016-09-05T21:51:05","date_gmt":"2016-09-06T00:51:05","guid":{"rendered":"http:\/\/www.curva1.com.ar\/?p=20104"},"modified":"2016-09-05T21:51:05","modified_gmt":"2016-09-06T00:51:05","slug":"postergacion-del-zonal-en-san-juan-medida-acertada","status":"publish","type":"post","link":"https:\/\/curva1.com.ar\/?p=20104","title":{"rendered":"Postergaci\u00f3n del Zonal en San Juan \u00bfmedida acertada?"},"content":{"rendered":"<p><img loading=\"lazy\" decoding=\"async\" class=\"aligncenter size-full wp-image-20105\" src=\"http:\/\/www.curva1.com.ar\/wp-content\/uploads\/2016\/09\/IMG-20160904-WA0013.jpg\" alt=\"IMG-20160904-WA0013\" width=\"720\" height=\"540\" srcset=\"https:\/\/curva1.com.ar\/wp-content\/uploads\/2016\/09\/IMG-20160904-WA0013.jpg 720w, https:\/\/curva1.com.ar\/wp-content\/uploads\/2016\/09\/IMG-20160904-WA0013-449x337.jpg 449w\" sizes=\"auto, (max-width: 720px) 100vw, 720px\" \/><\/p>\n<p>El Zonal Cuyano deb\u00eda correr su sexto compromiso el pasado fin de semana, pero entre los clubes APAC, APATC y la Federaci\u00f3n decidieron postergar la fecha una semana por el clima.<\/p>\n<p><strong>&#8220;Hemos consultado varios pron\u00f3sticos e incluso hablado en varias oportunidades con la gente de Contingencias de San Juan y todo indica que el clima no ser\u00e1 el mejor&#8221;<\/strong> nos dec\u00edan dirigentes de APATC, que al momento de la postergaci\u00f3n dijeron en el parte de prensa <strong>&#8220;El objetivo primordial es cuidar la integridad de los pilotos, ya que en caso de contar con pista h\u00fameda el riesgo de probabilidad de accidentes aumenta&#8221;.<\/strong><\/p>\n<p>La medida parece que fue acertada. En la zona del aut\u00f3dromo llovizn\u00f3 un poco el s\u00e1bado y a pocos kil\u00f3metros nev\u00f3 bastante, tal como indica la foto enviada por un colega sanjuanino.<\/p>\n<p>Todos esperamos ahora al 10 y 11 de setiembre para una nueva fecha del Zonal.<\/p>\n<p>Repasa el clima para el fin de semana:<\/p>\n<div id=\"cont_4ce709672639dc76444dd611e587a46b\"><script type=\"text\/javascript\" async src=\"https:\/\/www.tiempo.com\/wid_loader\/4ce709672639dc76444dd611e587a46b\"><\/script><\/div>\n<p><span style=\"color: #ffffff;\">.<\/span><\/p>\n","protected":false},"excerpt":{"rendered":"<p>El Zonal Cuyano deb\u00eda correr su sexto compromiso el pasado fin de semana, pero entre<\/p>\n","protected":false},"author":1,"featured_media":20105,"comment_status":"closed","ping_status":"closed","sticky":false,"template":"","format":"standard","meta":{"footnotes":""},"categories":[1],"tags":[],"class_list":["post-20104","post","type-post","status-publish","format-standard","has-post-thumbnail","hentry","category-zonal-cuyano"],"featured_image_urls":{"full":["https:\/\/curva1.com.ar\/wp-content\/uploads\/2016\/09\/IMG-20160904-WA0013.jpg",720,540,false],"thumbnail":["https:\/\/curva1.com.ar\/wp-content\/uploads\/2016\/09\/IMG-20160904-WA0013-300x169.jpg",300,169,true],"medium":["https:\/\/curva1.com.ar\/wp-content\/uploads\/2016\/09\/IMG-20160904-WA0013-449x337.jpg",449,337,true],"medium_large":["https:\/\/curva1.com.ar\/wp-content\/uploads\/2016\/09\/IMG-20160904-WA0013.jpg",640,480,false],"large":["https:\/\/curva1.com.ar\/wp-content\/uploads\/2016\/09\/IMG-20160904-WA0013.jpg",640,480,false],"1536x1536":["https:\/\/curva1.com.ar\/wp-content\/uploads\/2016\/09\/IMG-20160904-WA0013.jpg",720,540,false],"2048x2048":["https:\/\/curva1.com.ar\/wp-content\/uploads\/2016\/09\/IMG-20160904-WA0013.jpg",720,540,false],"chromenews-featured":["https:\/\/curva1.com.ar\/wp-content\/uploads\/2016\/09\/IMG-20160904-WA0013.jpg",720,540,false],"chromenews-large":["https:\/\/curva1.com.ar\/wp-content\/uploads\/2016\/09\/IMG-20160904-WA0013.jpg",720,540,false],"chromenews-medium":["https:\/\/curva1.com.ar\/wp-content\/uploads\/2016\/09\/IMG-20160904-WA0013.jpg",547,410,false]},"author_info":{"display_name":"Jos\u00e9 Bravo","author_link":"https:\/\/curva1.com.ar\/?author=1"},"category_info":"<a href=\"https:\/\/curva1.com.ar\/?cat=1\" rel=\"category\">Zonal Cuyano<\/a>","tag_info":"Zonal Cuyano","comment_count":"0","_links":{"self":[{"href":"https:\/\/curva1.com.ar\/index.php?rest_route=\/wp\/v2\/posts\/20104","targetHints":{"allow":["GET"]}}],"collection":[{"href":"https:\/\/curva1.com.ar\/index.php?rest_route=\/wp\/v2\/posts"}],"about":[{"href":"https:\/\/curva1.com.ar\/index.php?rest_route=\/wp\/v2\/types\/post"}],"author":[{"embeddable":true,"href":"https:\/\/curva1.com.ar\/index.php?rest_route=\/wp\/v2\/users\/1"}],"replies":[{"embeddable":true,"href":"https:\/\/curva1.com.ar\/index.php?rest_route=%2Fwp%2Fv2%2Fcomments&post=20104"}],"version-history":[{"count":2,"href":"https:\/\/curva1.com.ar\/index.php?rest_route=\/wp\/v2\/posts\/20104\/revisions"}],"predecessor-version":[{"id":20107,"href":"https:\/\/curva1.com.ar\/index.php?rest_route=\/wp\/v2\/posts\/20104\/revisions\/20107"}],"wp:featuredmedia":[{"embeddable":true,"href":"https:\/\/curva1.com.ar\/index.php?rest_route=\/wp\/v2\/media\/20105"}],"wp:attachment":[{"href":"https:\/\/curva1.com.ar\/index.php?rest_route=%2Fwp%2Fv2%2Fmedia&parent=20104"}],"wp:term":[{"taxonomy":"category","embeddable":true,"href":"https:\/\/curva1.com.ar\/index.php?rest_route=%2Fwp%2Fv2%2Fcategories&post=20104"},{"taxonomy":"post_tag","embeddable":true,"href":"https:\/\/curva1.com.ar\/index.php?rest_route=%2Fwp%2Fv2%2Ftags&post=20104"}],"curies":[{"name":"wp","href":"https:\/\/api.w.org\/{rel}","templated":true}]}}