{"id":20113,"date":"2016-09-06T01:49:23","date_gmt":"2016-09-06T04:49:23","guid":{"rendered":"http:\/\/www.curva1.com.ar\/?p=20113"},"modified":"2016-09-06T01:56:23","modified_gmt":"2016-09-06T04:56:23","slug":"tobias-martinez-probo-un-formula-2-0-del-litoral-group","status":"publish","type":"post","link":"https:\/\/curva1.com.ar\/?p=20113","title":{"rendered":"Tob\u00edas Mart\u00ednez prob\u00f3 un F\u00f3rmula 2.0 del Litoral Group"},"content":{"rendered":"<p><img loading=\"lazy\" decoding=\"async\" class=\"aligncenter size-full wp-image-20115\" src=\"http:\/\/www.curva1.com.ar\/wp-content\/uploads\/2016\/09\/IMG-20160905-WA0023.jpg\" alt=\"IMG-20160905-WA0023\" width=\"700\" height=\"394\" srcset=\"https:\/\/curva1.com.ar\/wp-content\/uploads\/2016\/09\/IMG-20160905-WA0023.jpg 700w, https:\/\/curva1.com.ar\/wp-content\/uploads\/2016\/09\/IMG-20160905-WA0023-300x169.jpg 300w, https:\/\/curva1.com.ar\/wp-content\/uploads\/2016\/09\/IMG-20160905-WA0023-600x337.jpg 600w\" sizes=\"auto, (max-width: 700px) 100vw, 700px\" \/><\/p>\n<p>El piloto de la provincia de San Juan realiz\u00f3 la semana pasada una importante prueba a bordo de un F\u00f3rmula Renault 2.0, categor\u00eda que habitualmente acompa\u00f1a al S\u00faper TC2000.<\/p>\n<p><strong>&#8220;Estuvimos en el aut\u00f3dromo de\u00a0 San Jorge, Santa Fe, probando un auto de f\u00f3rmula del equipo Litoral Group. La experiencia fue linda y ser\u00eda muy lindo poder correr el a\u00f1o que viene en la divisional&#8221;<\/strong> dijo Tob\u00edas Mart\u00ednez, quien luego estar all\u00ed se traslad\u00f3 hasta Buenos Aires para disputar la quinta fecha del Campeonato Regional de Karting donde fue 2\u00ba y 7\u00ba en la series y luego lleg\u00f3 8\u00ba en la carrera final de la clase J\u00fanior (<a href=\"http:\/\/curva1kart.com.ar\/noticias\/?p=66747\" target=\"_blank\"><strong>ver aqu\u00ed<\/strong><\/a>).<\/p>\n<p><img loading=\"lazy\" decoding=\"async\" class=\"aligncenter size-full wp-image-20116\" src=\"http:\/\/www.curva1.com.ar\/wp-content\/uploads\/2016\/09\/IMG-20160905-WA0021.jpg\" alt=\"IMG-20160905-WA0021\" width=\"700\" height=\"394\" srcset=\"https:\/\/curva1.com.ar\/wp-content\/uploads\/2016\/09\/IMG-20160905-WA0021.jpg 700w, https:\/\/curva1.com.ar\/wp-content\/uploads\/2016\/09\/IMG-20160905-WA0021-300x169.jpg 300w, https:\/\/curva1.com.ar\/wp-content\/uploads\/2016\/09\/IMG-20160905-WA0021-600x337.jpg 600w\" sizes=\"auto, (max-width: 700px) 100vw, 700px\" \/> <img loading=\"lazy\" decoding=\"async\" class=\"aligncenter size-full wp-image-20117\" src=\"http:\/\/www.curva1.com.ar\/wp-content\/uploads\/2016\/09\/IMG-20160905-WA0022.jpg\" alt=\"IMG-20160905-WA0022\" width=\"700\" height=\"700\" srcset=\"https:\/\/curva1.com.ar\/wp-content\/uploads\/2016\/09\/IMG-20160905-WA0022.jpg 700w, https:\/\/curva1.com.ar\/wp-content\/uploads\/2016\/09\/IMG-20160905-WA0022-337x337.jpg 337w, https:\/\/curva1.com.ar\/wp-content\/uploads\/2016\/09\/IMG-20160905-WA0022-160x160.jpg 160w, https:\/\/curva1.com.ar\/wp-content\/uploads\/2016\/09\/IMG-20160905-WA0022-320x320.jpg 320w\" sizes=\"auto, (max-width: 700px) 100vw, 700px\" \/><\/p>\n","protected":false},"excerpt":{"rendered":"<p>El piloto de la provincia de San Juan realiz\u00f3 la semana pasada una importante prueba<\/p>\n","protected":false},"author":1,"featured_media":20115,"comment_status":"closed","ping_status":"closed","sticky":false,"template":"","format":"standard","meta":{"footnotes":""},"categories":[6],"tags":[],"class_list":["post-20113","post","type-post","status-publish","format-standard","has-post-thumbnail","hentry","category-nacionales"],"featured_image_urls":{"full":["https:\/\/curva1.com.ar\/wp-content\/uploads\/2016\/09\/IMG-20160905-WA0023.jpg",700,394,false],"thumbnail":["https:\/\/curva1.com.ar\/wp-content\/uploads\/2016\/09\/IMG-20160905-WA0023-300x169.jpg",300,169,true],"medium":["https:\/\/curva1.com.ar\/wp-content\/uploads\/2016\/09\/IMG-20160905-WA0023-600x337.jpg",600,337,true],"medium_large":["https:\/\/curva1.com.ar\/wp-content\/uploads\/2016\/09\/IMG-20160905-WA0023.jpg",640,360,false],"large":["https:\/\/curva1.com.ar\/wp-content\/uploads\/2016\/09\/IMG-20160905-WA0023.jpg",640,360,false],"1536x1536":["https:\/\/curva1.com.ar\/wp-content\/uploads\/2016\/09\/IMG-20160905-WA0023.jpg",700,394,false],"2048x2048":["https:\/\/curva1.com.ar\/wp-content\/uploads\/2016\/09\/IMG-20160905-WA0023.jpg",700,394,false],"chromenews-featured":["https:\/\/curva1.com.ar\/wp-content\/uploads\/2016\/09\/IMG-20160905-WA0023.jpg",700,394,false],"chromenews-large":["https:\/\/curva1.com.ar\/wp-content\/uploads\/2016\/09\/IMG-20160905-WA0023.jpg",700,394,false],"chromenews-medium":["https:\/\/curva1.com.ar\/wp-content\/uploads\/2016\/09\/IMG-20160905-WA0023.jpg",590,332,false]},"author_info":{"display_name":"Jos\u00e9 Bravo","author_link":"https:\/\/curva1.com.ar\/?author=1"},"category_info":"<a href=\"https:\/\/curva1.com.ar\/?cat=6\" rel=\"category\">Nacionales<\/a>","tag_info":"Nacionales","comment_count":"0","_links":{"self":[{"href":"https:\/\/curva1.com.ar\/index.php?rest_route=\/wp\/v2\/posts\/20113","targetHints":{"allow":["GET"]}}],"collection":[{"href":"https:\/\/curva1.com.ar\/index.php?rest_route=\/wp\/v2\/posts"}],"about":[{"href":"https:\/\/curva1.com.ar\/index.php?rest_route=\/wp\/v2\/types\/post"}],"author":[{"embeddable":true,"href":"https:\/\/curva1.com.ar\/index.php?rest_route=\/wp\/v2\/users\/1"}],"replies":[{"embeddable":true,"href":"https:\/\/curva1.com.ar\/index.php?rest_route=%2Fwp%2Fv2%2Fcomments&post=20113"}],"version-history":[{"count":3,"href":"https:\/\/curva1.com.ar\/index.php?rest_route=\/wp\/v2\/posts\/20113\/revisions"}],"predecessor-version":[{"id":20120,"href":"https:\/\/curva1.com.ar\/index.php?rest_route=\/wp\/v2\/posts\/20113\/revisions\/20120"}],"wp:featuredmedia":[{"embeddable":true,"href":"https:\/\/curva1.com.ar\/index.php?rest_route=\/wp\/v2\/media\/20115"}],"wp:attachment":[{"href":"https:\/\/curva1.com.ar\/index.php?rest_route=%2Fwp%2Fv2%2Fmedia&parent=20113"}],"wp:term":[{"taxonomy":"category","embeddable":true,"href":"https:\/\/curva1.com.ar\/index.php?rest_route=%2Fwp%2Fv2%2Fcategories&post=20113"},{"taxonomy":"post_tag","embeddable":true,"href":"https:\/\/curva1.com.ar\/index.php?rest_route=%2Fwp%2Fv2%2Ftags&post=20113"}],"curies":[{"name":"wp","href":"https:\/\/api.w.org\/{rel}","templated":true}]}}