{"id":20150,"date":"2016-09-12T16:10:03","date_gmt":"2016-09-12T19:10:03","guid":{"rendered":"http:\/\/www.curva1.com.ar\/?p=20150"},"modified":"2016-09-12T16:46:37","modified_gmt":"2016-09-12T19:46:37","slug":"final-muy-corta-para-antolin-en-el-turismo-pista-de-concordia","status":"publish","type":"post","link":"https:\/\/curva1.com.ar\/?p=20150","title":{"rendered":"Final muy corta para Antol\u00edn en el Turismo Pista de Concordia"},"content":{"rendered":"<p><img loading=\"lazy\" decoding=\"async\" class=\"aligncenter size-full wp-image-20151\" src=\"http:\/\/www.curva1.com.ar\/wp-content\/uploads\/2016\/09\/14242451_1200669349976347_5217919190403057099_o.jpg\" alt=\"14242451_1200669349976347_5217919190403057099_o\" width=\"700\" height=\"394\" srcset=\"https:\/\/curva1.com.ar\/wp-content\/uploads\/2016\/09\/14242451_1200669349976347_5217919190403057099_o.jpg 700w, https:\/\/curva1.com.ar\/wp-content\/uploads\/2016\/09\/14242451_1200669349976347_5217919190403057099_o-300x169.jpg 300w, https:\/\/curva1.com.ar\/wp-content\/uploads\/2016\/09\/14242451_1200669349976347_5217919190403057099_o-600x337.jpg 600w\" sizes=\"auto, (max-width: 700px) 100vw, 700px\" \/><\/p>\n<p>El piloto sanrafaelino desert\u00f3 apenas largada la final de la Clase Tres de Turismo Pista por la rotura de la caja de velocidades.<\/p>\n<p>Fue corta la participaci\u00f3n de Mat\u00edas Antol\u00edn en la final de la Clase Tres de Turismo Pista en Concordia, debido a la rotura de la caja de velocidades del Chevrolet Corsa N\u00b013 cuando la prueba apenas se hab\u00eda iniciado y sin poder completar un giro de los trece pactados para la exigencia.<\/p>\n<p>Tras par<span class=\"text_exposed_show\">tir desde el caj\u00f3n N\u00b08 el mendocino buscaba acomodarse en la hilera oficial e iniciar una carrera pensante que le permitiera acercarse a la punta pese al lastre que carga en su auto, pero al llegar a la curva dos del trazado entrerriano la caja lo dej\u00f3 a pie y cerr\u00f3 su fin de semana sin la suma de puntos que vino a buscar para mantenerse donde estaba en la tabla anual.<\/span><\/p>\n<p><span class=\"text_exposed_show\"><strong>&#8220;Nos vamos con las manos vac\u00edas de Concordia por la rotura de la caja cuando apenas hab\u00edamos arrancado la final y todav\u00eda estaba todo por hacer. As\u00ed son las carreras y en esta nos toc\u00f3 perder, pero desde que llegamos fuimos progresando y esper\u00e1bamos terminar de mostrar los avances en la final que no pudimos completar. Ahora a pensar en La Plata, donde fuimos protagonistas en la presentaci\u00f3n anterior y donde iremos por la victoria como hacemos siempre gracias al gran trabajo que se hace en el taller para poner el auto en pista, m\u00e9rito de mi padre y de todos los que son parte del equipo. Gracias a ellos y a los que nos apoyan permanentemente, a la gente de San Rafael y a todos los que siempre nos acompa\u00f1an y hacen que disfrutemos de cada fin de semana de carreras&#8221;<\/strong> se\u00f1al\u00f3 Mat\u00edas despu\u00e9s de la decepci\u00f3n de no poder completar la final que fue para Lucas Yerobi con un Renault Clio, acompa\u00f1ado en el podio por Horacio Evolo y Marcos D&#8217;agostino. Con ese resultado Mat\u00edas ocupa ahora la s\u00e9ptima colocaci\u00f3n en el campeonato con 129,5 unidades, a 105,5 del lider Horacio Evolo.<\/span><\/p>\n<p><span class=\"text_exposed_show\">La pr\u00f3xima fecha ser\u00e1 el fin de semana del 14, 15 y 16 de octubre en el &#8220;Roberto Mouras&#8221; de La Plata, siendo la novena del calendario.<\/span><\/p>\n","protected":false},"excerpt":{"rendered":"<p>El piloto sanrafaelino desert\u00f3 apenas largada la final de la Clase Tres de Turismo Pista<\/p>\n","protected":false},"author":1,"featured_media":20151,"comment_status":"closed","ping_status":"closed","sticky":false,"template":"","format":"standard","meta":{"footnotes":""},"categories":[6],"tags":[],"class_list":["post-20150","post","type-post","status-publish","format-standard","has-post-thumbnail","hentry","category-nacionales"],"featured_image_urls":{"full":["https:\/\/curva1.com.ar\/wp-content\/uploads\/2016\/09\/14242451_1200669349976347_5217919190403057099_o.jpg",700,394,false],"thumbnail":["https:\/\/curva1.com.ar\/wp-content\/uploads\/2016\/09\/14242451_1200669349976347_5217919190403057099_o-300x169.jpg",300,169,true],"medium":["https:\/\/curva1.com.ar\/wp-content\/uploads\/2016\/09\/14242451_1200669349976347_5217919190403057099_o-600x337.jpg",600,337,true],"medium_large":["https:\/\/curva1.com.ar\/wp-content\/uploads\/2016\/09\/14242451_1200669349976347_5217919190403057099_o.jpg",640,360,false],"large":["https:\/\/curva1.com.ar\/wp-content\/uploads\/2016\/09\/14242451_1200669349976347_5217919190403057099_o.jpg",640,360,false],"1536x1536":["https:\/\/curva1.com.ar\/wp-content\/uploads\/2016\/09\/14242451_1200669349976347_5217919190403057099_o.jpg",700,394,false],"2048x2048":["https:\/\/curva1.com.ar\/wp-content\/uploads\/2016\/09\/14242451_1200669349976347_5217919190403057099_o.jpg",700,394,false],"chromenews-featured":["https:\/\/curva1.com.ar\/wp-content\/uploads\/2016\/09\/14242451_1200669349976347_5217919190403057099_o.jpg",700,394,false],"chromenews-large":["https:\/\/curva1.com.ar\/wp-content\/uploads\/2016\/09\/14242451_1200669349976347_5217919190403057099_o.jpg",700,394,false],"chromenews-medium":["https:\/\/curva1.com.ar\/wp-content\/uploads\/2016\/09\/14242451_1200669349976347_5217919190403057099_o.jpg",590,332,false]},"author_info":{"display_name":"Jos\u00e9 Bravo","author_link":"https:\/\/curva1.com.ar\/?author=1"},"category_info":"<a href=\"https:\/\/curva1.com.ar\/?cat=6\" rel=\"category\">Nacionales<\/a>","tag_info":"Nacionales","comment_count":"0","_links":{"self":[{"href":"https:\/\/curva1.com.ar\/index.php?rest_route=\/wp\/v2\/posts\/20150","targetHints":{"allow":["GET"]}}],"collection":[{"href":"https:\/\/curva1.com.ar\/index.php?rest_route=\/wp\/v2\/posts"}],"about":[{"href":"https:\/\/curva1.com.ar\/index.php?rest_route=\/wp\/v2\/types\/post"}],"author":[{"embeddable":true,"href":"https:\/\/curva1.com.ar\/index.php?rest_route=\/wp\/v2\/users\/1"}],"replies":[{"embeddable":true,"href":"https:\/\/curva1.com.ar\/index.php?rest_route=%2Fwp%2Fv2%2Fcomments&post=20150"}],"version-history":[{"count":1,"href":"https:\/\/curva1.com.ar\/index.php?rest_route=\/wp\/v2\/posts\/20150\/revisions"}],"predecessor-version":[{"id":20152,"href":"https:\/\/curva1.com.ar\/index.php?rest_route=\/wp\/v2\/posts\/20150\/revisions\/20152"}],"wp:featuredmedia":[{"embeddable":true,"href":"https:\/\/curva1.com.ar\/index.php?rest_route=\/wp\/v2\/media\/20151"}],"wp:attachment":[{"href":"https:\/\/curva1.com.ar\/index.php?rest_route=%2Fwp%2Fv2%2Fmedia&parent=20150"}],"wp:term":[{"taxonomy":"category","embeddable":true,"href":"https:\/\/curva1.com.ar\/index.php?rest_route=%2Fwp%2Fv2%2Fcategories&post=20150"},{"taxonomy":"post_tag","embeddable":true,"href":"https:\/\/curva1.com.ar\/index.php?rest_route=%2Fwp%2Fv2%2Ftags&post=20150"}],"curies":[{"name":"wp","href":"https:\/\/api.w.org\/{rel}","templated":true}]}}