{"id":20161,"date":"2016-09-23T17:53:48","date_gmt":"2016-09-23T20:53:48","guid":{"rendered":"http:\/\/www.curva1.com.ar\/?p=20161"},"modified":"2016-09-24T17:54:52","modified_gmt":"2016-09-24T20:54:52","slug":"todo-listo-para-la-sexta-del-karting-mendocino-en-san-martin","status":"publish","type":"post","link":"https:\/\/curva1.com.ar\/?p=20161","title":{"rendered":"Todo listo para la sexta del Karting Mendocino en San Mart\u00edn"},"content":{"rendered":"<p><img loading=\"lazy\" decoding=\"async\" class=\"aligncenter size-full wp-image-67643\" src=\"http:\/\/curva1kart.com.ar\/noticias\/wp-content\/uploads\/2016\/09\/IMG_3528.jpg\" alt=\"img_3528\" width=\"800\" height=\"450\" \/><\/p>\n<p>El pr\u00f3ximo domingo se realizar\u00e1 una nueva fecha del Campeonato Mendocino y Sanjuanino de Karting, que luego de su visita a Santa Luc\u00eda, regresa a competir en el Kart\u00f3dromo de San Mart\u00edn.<\/p>\n<p>La cita se realizar\u00e1 por el trazado corto de 837 metros donde de a poco se comenzar\u00e1n a definir los candidatos al t\u00edtulo 2016.<\/p>\n<p>Una info importante es que desde la organizaci\u00f3n del karting anunciaron que\u00a0para las fechas 7\u00ba y 8\u00ba, proyectadas para los d\u00edas 23 de Octubre y 20 de noviembre respectivamente, el costo de las inscripciones para participar de ambas carreras ser\u00e1n del 50%.\u00a0Esto quiere decir que solo deber\u00e1n abonar $ 600 por cada una.<\/p>\n<p><img loading=\"lazy\" decoding=\"async\" class=\"aligncenter size-full wp-image-67645\" src=\"http:\/\/curva1kart.com.ar\/noticias\/wp-content\/uploads\/2016\/09\/IMG_3728.jpg\" alt=\"img_3728\" width=\"800\" height=\"495\" \/><\/p>\n<h3><span style=\"color: #ff0000;\">CAMPEONATOS<\/span><\/h3>\n<p><img loading=\"lazy\" decoding=\"async\" class=\"aligncenter size-full wp-image-67642\" src=\"http:\/\/curva1kart.com.ar\/noticias\/wp-content\/uploads\/2016\/09\/4.pp_.jpg\" alt=\"4-pp\" width=\"800\" height=\"594\" \/> <img loading=\"lazy\" decoding=\"async\" class=\"aligncenter size-full wp-image-67641\" src=\"http:\/\/curva1kart.com.ar\/noticias\/wp-content\/uploads\/2016\/09\/3.pp_.jpg\" alt=\"3-pp\" width=\"800\" height=\"689\" \/> <img loading=\"lazy\" decoding=\"async\" class=\"aligncenter size-full wp-image-67640\" src=\"http:\/\/curva1kart.com.ar\/noticias\/wp-content\/uploads\/2016\/09\/2.pp_.jpg\" alt=\"2-pp\" width=\"800\" height=\"296\" \/> <img loading=\"lazy\" decoding=\"async\" class=\"aligncenter size-full wp-image-67639\" src=\"http:\/\/curva1kart.com.ar\/noticias\/wp-content\/uploads\/2016\/09\/1.pp_.jpg\" alt=\"1-pp\" width=\"800\" height=\"238\" \/><\/p>\n<figure id=\"attachment_67644\" aria-describedby=\"caption-attachment-67644\" style=\"width: 800px\" class=\"wp-caption aligncenter\"><img loading=\"lazy\" decoding=\"async\" class=\"size-full wp-image-67644\" src=\"http:\/\/curva1kart.com.ar\/noticias\/wp-content\/uploads\/2016\/09\/IMG_3880.jpg\" alt=\"AGUSTIN PALAU LIDERA LA IAME 60\" width=\"800\" height=\"450\" \/><figcaption id=\"caption-attachment-67644\" class=\"wp-caption-text\">AGUSTIN PALAU LIDERA LA IAME 60<\/figcaption><\/figure>\n<p>&nbsp;<\/p>\n<h3><span style=\"color: #ff0000;\">CLIMA<\/span><\/h3>\n<div id=\"cont_e92a4097011e58ce135eae128502c15b\"><script type=\"text\/javascript\" async src=\"https:\/\/www.tiempo.com\/wid_loader\/e92a4097011e58ce135eae128502c15b\"><\/script><\/div>\n<p>.<\/p>\n<h3><span style=\"color: #ff0000;\">CRONOGRAMA<\/span><\/h3>\n<p>Descarga el RPP desde <a href=\"http:\/\/femadmza.com.ar\/2016\/Karting\/RPPKartingPista2016.pdf\" target=\"_blank\"><strong>aqu\u00ed<\/strong><\/a><\/p>\n<p><strong><span style=\"color: #3366ff;\">SABADO<\/span><\/strong><\/p>\n<p>PRIMERA TANDA DE PRUEBA<br \/>\n\u2022 13:00 Hs CATEGOR\u00cdA ESCUELA (Circuito Escuela)<br \/>\n\u2022 13:10 Hs PROMOCIONAL IAME 60<span class=\"text_exposed_show\"><br \/>\n\u2022 13:25 Hs PRE JUNIOR MAX , ROTAX Y GUERRERO<br \/>\n\u2022 13:40 Hs SUPER 4T<br \/>\n\u2022 13:55 HS SENIOR<\/span><\/p>\n<div class=\"text_exposed_show\">\n<p>SEGUNDA TANDA DE PRUEBA<br \/>\n\u2022 14:10 Hs CATEGOR\u00cdA ESCUELA (Circuito Escuela)<br \/>\n\u2022 14:20 Hs PROMOCIONAL IAME 60<br \/>\n\u2022 14:35 Hs PRE JUNIOR MAX , ROTAX Y GUERRERO<br \/>\n\u2022 14:50 Hs SUPER 4T<br \/>\n\u2022 15:05 HS SENIOR<\/p>\n<p>TERCERA TANDA DE PRUEBA<br \/>\n\u2022 15:20 Hs CATEGOR\u00cdA ESCUELA (Circuito Escuela)<br \/>\n\u2022 15:30 Hs PROMOCIONAL IAME 60<br \/>\n\u2022 15:45 Hs PRE JUNIOR MAX , ROTAX Y GUERRERO<br \/>\n\u2022 16:00 Hs SUPER 4T<br \/>\n\u2022 16:15 HS SENIOR<\/p>\n<p>CUARTA TANDA DE PRUEBA<br \/>\n\u2022 16:30 Hs CATEGOR\u00cdA ESCUELA (Circuito Escuela)<br \/>\n\u2022 16:40 Hs PROMOCIONAL IAME 60<br \/>\n\u2022 16:55 Hs PRE JUNIOR MAX , ROTAX Y GUERRERO<br \/>\n\u2022 17:10 Hs SUPER 4T<br \/>\n\u2022 17:25 HS SENIOR<\/p>\n<p>QUINTA TANDA DE PRUEBA<br \/>\n\u2022 17:40 Hs CATEGOR\u00cdA ESCUELA (Circuito Escuela)<br \/>\n\u2022 17:50 Hs PROMOCIONAL IAME 60<br \/>\n\u2022 18:05 Hs PRE JUNIOR MAX , ROTAX Y GUERRERO<br \/>\n\u2022 18:20 Hs SUPER 4T<br \/>\n\u2022 18:35 HS SENIOR<\/p>\n<\/div>\n<p><strong><span style=\"color: #3366ff;\">DOMINGO<\/span><\/strong><\/p>\n<p><img loading=\"lazy\" decoding=\"async\" class=\"aligncenter size-full wp-image-67637\" src=\"http:\/\/curva1kart.com.ar\/noticias\/wp-content\/uploads\/2016\/09\/11.jpg\" alt=\"11\" width=\"720\" height=\"747\" \/> <img loading=\"lazy\" decoding=\"async\" class=\"aligncenter size-large wp-image-67638\" src=\"http:\/\/curva1kart.com.ar\/noticias\/wp-content\/uploads\/2016\/09\/22.jpg\" alt=\"22\" width=\"720\" height=\"341\" \/><\/p>\n","protected":false},"excerpt":{"rendered":"<p>El pr\u00f3ximo domingo se realizar\u00e1 una nueva fecha del Campeonato Mendocino y Sanjuanino de Karting,<\/p>\n","protected":false},"author":1,"featured_media":20162,"comment_status":"closed","ping_status":"closed","sticky":false,"template":"","format":"standard","meta":{"footnotes":""},"categories":[1],"tags":[],"class_list":["post-20161","post","type-post","status-publish","format-standard","has-post-thumbnail","hentry","category-zonal-cuyano"],"featured_image_urls":{"full":["https:\/\/curva1.com.ar\/wp-content\/uploads\/2016\/09\/IMG_3528.jpg",800,450,false],"thumbnail":["https:\/\/curva1.com.ar\/wp-content\/uploads\/2016\/09\/IMG_3528-300x169.jpg",300,169,true],"medium":["https:\/\/curva1.com.ar\/wp-content\/uploads\/2016\/09\/IMG_3528-600x337.jpg",600,337,true],"medium_large":["https:\/\/curva1.com.ar\/wp-content\/uploads\/2016\/09\/IMG_3528-768x432.jpg",640,360,true],"large":["https:\/\/curva1.com.ar\/wp-content\/uploads\/2016\/09\/IMG_3528.jpg",640,360,false],"1536x1536":["https:\/\/curva1.com.ar\/wp-content\/uploads\/2016\/09\/IMG_3528.jpg",800,450,false],"2048x2048":["https:\/\/curva1.com.ar\/wp-content\/uploads\/2016\/09\/IMG_3528.jpg",800,450,false],"chromenews-featured":["https:\/\/curva1.com.ar\/wp-content\/uploads\/2016\/09\/IMG_3528.jpg",800,450,false],"chromenews-large":["https:\/\/curva1.com.ar\/wp-content\/uploads\/2016\/09\/IMG_3528.jpg",800,450,false],"chromenews-medium":["https:\/\/curva1.com.ar\/wp-content\/uploads\/2016\/09\/IMG_3528.jpg",590,332,false]},"author_info":{"display_name":"Jos\u00e9 Bravo","author_link":"https:\/\/curva1.com.ar\/?author=1"},"category_info":"<a href=\"https:\/\/curva1.com.ar\/?cat=1\" rel=\"category\">Zonal Cuyano<\/a>","tag_info":"Zonal Cuyano","comment_count":"0","_links":{"self":[{"href":"https:\/\/curva1.com.ar\/index.php?rest_route=\/wp\/v2\/posts\/20161","targetHints":{"allow":["GET"]}}],"collection":[{"href":"https:\/\/curva1.com.ar\/index.php?rest_route=\/wp\/v2\/posts"}],"about":[{"href":"https:\/\/curva1.com.ar\/index.php?rest_route=\/wp\/v2\/types\/post"}],"author":[{"embeddable":true,"href":"https:\/\/curva1.com.ar\/index.php?rest_route=\/wp\/v2\/users\/1"}],"replies":[{"embeddable":true,"href":"https:\/\/curva1.com.ar\/index.php?rest_route=%2Fwp%2Fv2%2Fcomments&post=20161"}],"version-history":[{"count":1,"href":"https:\/\/curva1.com.ar\/index.php?rest_route=\/wp\/v2\/posts\/20161\/revisions"}],"predecessor-version":[{"id":20163,"href":"https:\/\/curva1.com.ar\/index.php?rest_route=\/wp\/v2\/posts\/20161\/revisions\/20163"}],"wp:featuredmedia":[{"embeddable":true,"href":"https:\/\/curva1.com.ar\/index.php?rest_route=\/wp\/v2\/media\/20162"}],"wp:attachment":[{"href":"https:\/\/curva1.com.ar\/index.php?rest_route=%2Fwp%2Fv2%2Fmedia&parent=20161"}],"wp:term":[{"taxonomy":"category","embeddable":true,"href":"https:\/\/curva1.com.ar\/index.php?rest_route=%2Fwp%2Fv2%2Fcategories&post=20161"},{"taxonomy":"post_tag","embeddable":true,"href":"https:\/\/curva1.com.ar\/index.php?rest_route=%2Fwp%2Fv2%2Ftags&post=20161"}],"curies":[{"name":"wp","href":"https:\/\/api.w.org\/{rel}","templated":true}]}}