{"id":20164,"date":"2016-09-20T17:55:14","date_gmt":"2016-09-20T20:55:14","guid":{"rendered":"http:\/\/www.curva1.com.ar\/?p=20164"},"modified":"2016-09-24T17:57:32","modified_gmt":"2016-09-24T20:57:32","slug":"jose-garcia-se-corono-campeon-del-rally-cross-country","status":"publish","type":"post","link":"https:\/\/curva1.com.ar\/?p=20164","title":{"rendered":"Jos\u00e9 Garc\u00eda se coron\u00f3 campe\u00f3n del Rally Cross Country"},"content":{"rendered":"<p><img loading=\"lazy\" decoding=\"async\" class=\"aligncenter size-full wp-image-20165\" src=\"http:\/\/www.curva1.com.ar\/wp-content\/uploads\/2016\/09\/JoseGarcia-2.jpg\" alt=\"josegarcia-2\" width=\"700\" height=\"394\" srcset=\"https:\/\/curva1.com.ar\/wp-content\/uploads\/2016\/09\/JoseGarcia-2.jpg 700w, https:\/\/curva1.com.ar\/wp-content\/uploads\/2016\/09\/JoseGarcia-2-300x169.jpg 300w, https:\/\/curva1.com.ar\/wp-content\/uploads\/2016\/09\/JoseGarcia-2-600x337.jpg 600w\" sizes=\"auto, (max-width: 700px) 100vw, 700px\" \/><\/p>\n<p><em>El<strong> Equipo Chevrolet S10 <\/strong>cerr\u00f3 un espectacular fin de semana en Chaco. Jos\u00e9 Garc\u00eda gan\u00f3 la cuarta fecha del<strong> Campeonato Argentino de Rally Cross Country <\/strong>y se coron\u00f3 campe\u00f3n. Con esto el team dirigido por <strong>Adri\u00e1n Yacopini<\/strong> logra el t\u00edtulo en su primer a\u00f1o dentro de la especialidad. <strong>Demetrio Lamtzev<\/strong> pudo recuperar terreno y se meti\u00f3 cuarto en su categor\u00eda.<\/em><\/p>\n<p><em>El veloz y contundente andar de<strong> Jos\u00e9 Garc\u00eda <\/strong>navegado por<strong> Ricardo Torlaschi <\/strong>hicieron que la dupla se imponga a bordo de la <strong>Chevrolet S10<\/strong> tras los casi 1000 kil\u00f3metros de carrera. Aventajaron por 25 minutos a Gast\u00f3n Pasten (Toyota Hilux) y por 26.46 a Mart\u00edn Conrado (Mercedes Benz).<\/em><\/p>\n<p><em><strong>Demetrio Lamtzev<\/strong><\/em><em> junto a <strong>Sergio Casas<\/strong> tuvieron un muy buen d\u00eda, fueron terceros en la etapa y quedaron cuartos en la categor\u00eda T1.<\/em><\/p>\n<p><em><strong>Jos\u00e9 Garc\u00eda<\/strong><\/em><em><strong>:<\/strong><\/em><em> \u201cEstamos muy felices, hemos cumplido el objetivo que nos pusimos con el Chino <strong>Adri\u00e1n Yacopini<\/strong> cuando empez\u00f3 con este proyecto que era tratar de lograr el t\u00edtulo para la marca Chevrolet que nos dieron el apoyo y el respaldo, y se logr\u00f3, adem\u00e1s tengo la enorme satisfacci\u00f3n de haberlo hecho con mi gente en nuestro taller. Respecto a la carrera, hoy salimos un poco m\u00e1s tranquilos, pero solo un poco, a mi copiloto <strong>Ricardo Torlaschi<\/strong> no le gusta cuando bajamos el ritmo por lo que la hicimos bastante r\u00e1pido, por suerte este fin de semana se di\u00f3 todo, volver a ganar y llevarnos el campeonato\u201d<\/em><\/p>\n<p><em><strong>Demetrio Lamtzev<\/strong><\/em><em>: <\/em><em>\u201cFue una etapa mucho mejor que la de ayer, salvo que en dos oportunidades nos quedamos sin el navegador lo dem\u00e1s fue todo muy bien, mejoramos mucho hoy y sobre todas las cosas pudimos terminarla que era el objetivo que nos planteamos\u201d.<\/em><\/p>\n<p>Por su parte el Director Deportivo del equipo <strong>Adri\u00e1n Yacopini<\/strong> manifest\u00f3: \u201cNo es poco lo que se acaba de lograr, \u00a0parec\u00eda una locura la idea a principios de a\u00f1o cuando surgi\u00f3 la idea, con el apoyo y confianza de los directivos de General Motors logramos crear el Equipo Chevrolet S10, Jos\u00e9 Garc\u00eda parte fundamental al igual que los pilotos, copilotos y los chicos que componen este equipo se obtuvo el campeonato en su primer a\u00f1o de vida. Quiero agradeces especialmente a Chevrolet Argentina por la posibilidad, a todo el equipos, familia, amigos y los sponsors que hicieron posible este campeonato\u201d<\/p>\n<p>El Campeonato tendr\u00e1 su \u00faltima fecha el 28, 29 y 30 de Octubre en Neuqu\u00e9n.<\/p>\n<p><img loading=\"lazy\" decoding=\"async\" class=\"aligncenter size-full wp-image-20166\" src=\"http:\/\/www.curva1.com.ar\/wp-content\/uploads\/2016\/09\/demetrioLamtzev.jpg\" alt=\"demetriolamtzev\" width=\"700\" height=\"394\" srcset=\"https:\/\/curva1.com.ar\/wp-content\/uploads\/2016\/09\/demetrioLamtzev.jpg 700w, https:\/\/curva1.com.ar\/wp-content\/uploads\/2016\/09\/demetrioLamtzev-300x169.jpg 300w, https:\/\/curva1.com.ar\/wp-content\/uploads\/2016\/09\/demetrioLamtzev-600x337.jpg 600w\" sizes=\"auto, (max-width: 700px) 100vw, 700px\" \/><\/p>\n","protected":false},"excerpt":{"rendered":"<p>El Equipo Chevrolet S10 cerr\u00f3 un espectacular fin de semana en Chaco. Jos\u00e9 Garc\u00eda gan\u00f3<\/p>\n","protected":false},"author":1,"featured_media":20165,"comment_status":"closed","ping_status":"closed","sticky":false,"template":"","format":"standard","meta":{"footnotes":""},"categories":[6],"tags":[],"class_list":["post-20164","post","type-post","status-publish","format-standard","has-post-thumbnail","hentry","category-nacionales"],"featured_image_urls":{"full":["https:\/\/curva1.com.ar\/wp-content\/uploads\/2016\/09\/JoseGarcia-2.jpg",700,394,false],"thumbnail":["https:\/\/curva1.com.ar\/wp-content\/uploads\/2016\/09\/JoseGarcia-2-300x169.jpg",300,169,true],"medium":["https:\/\/curva1.com.ar\/wp-content\/uploads\/2016\/09\/JoseGarcia-2-600x337.jpg",600,337,true],"medium_large":["https:\/\/curva1.com.ar\/wp-content\/uploads\/2016\/09\/JoseGarcia-2.jpg",640,360,false],"large":["https:\/\/curva1.com.ar\/wp-content\/uploads\/2016\/09\/JoseGarcia-2.jpg",640,360,false],"1536x1536":["https:\/\/curva1.com.ar\/wp-content\/uploads\/2016\/09\/JoseGarcia-2.jpg",700,394,false],"2048x2048":["https:\/\/curva1.com.ar\/wp-content\/uploads\/2016\/09\/JoseGarcia-2.jpg",700,394,false],"chromenews-featured":["https:\/\/curva1.com.ar\/wp-content\/uploads\/2016\/09\/JoseGarcia-2.jpg",700,394,false],"chromenews-large":["https:\/\/curva1.com.ar\/wp-content\/uploads\/2016\/09\/JoseGarcia-2.jpg",700,394,false],"chromenews-medium":["https:\/\/curva1.com.ar\/wp-content\/uploads\/2016\/09\/JoseGarcia-2.jpg",590,332,false]},"author_info":{"display_name":"Jos\u00e9 Bravo","author_link":"https:\/\/curva1.com.ar\/?author=1"},"category_info":"<a href=\"https:\/\/curva1.com.ar\/?cat=6\" rel=\"category\">Nacionales<\/a>","tag_info":"Nacionales","comment_count":"0","_links":{"self":[{"href":"https:\/\/curva1.com.ar\/index.php?rest_route=\/wp\/v2\/posts\/20164","targetHints":{"allow":["GET"]}}],"collection":[{"href":"https:\/\/curva1.com.ar\/index.php?rest_route=\/wp\/v2\/posts"}],"about":[{"href":"https:\/\/curva1.com.ar\/index.php?rest_route=\/wp\/v2\/types\/post"}],"author":[{"embeddable":true,"href":"https:\/\/curva1.com.ar\/index.php?rest_route=\/wp\/v2\/users\/1"}],"replies":[{"embeddable":true,"href":"https:\/\/curva1.com.ar\/index.php?rest_route=%2Fwp%2Fv2%2Fcomments&post=20164"}],"version-history":[{"count":1,"href":"https:\/\/curva1.com.ar\/index.php?rest_route=\/wp\/v2\/posts\/20164\/revisions"}],"predecessor-version":[{"id":20167,"href":"https:\/\/curva1.com.ar\/index.php?rest_route=\/wp\/v2\/posts\/20164\/revisions\/20167"}],"wp:featuredmedia":[{"embeddable":true,"href":"https:\/\/curva1.com.ar\/index.php?rest_route=\/wp\/v2\/media\/20165"}],"wp:attachment":[{"href":"https:\/\/curva1.com.ar\/index.php?rest_route=%2Fwp%2Fv2%2Fmedia&parent=20164"}],"wp:term":[{"taxonomy":"category","embeddable":true,"href":"https:\/\/curva1.com.ar\/index.php?rest_route=%2Fwp%2Fv2%2Fcategories&post=20164"},{"taxonomy":"post_tag","embeddable":true,"href":"https:\/\/curva1.com.ar\/index.php?rest_route=%2Fwp%2Fv2%2Ftags&post=20164"}],"curies":[{"name":"wp","href":"https:\/\/api.w.org\/{rel}","templated":true}]}}