{"id":20229,"date":"2016-10-07T11:29:20","date_gmt":"2016-10-07T14:29:20","guid":{"rendered":"http:\/\/www.curva1.com.ar\/?p=20229"},"modified":"2016-10-07T16:31:16","modified_gmt":"2016-10-07T19:31:16","slug":"el-penultimo-evento-del-karting-va-a-fines-de-octubre","status":"publish","type":"post","link":"https:\/\/curva1.com.ar\/?p=20229","title":{"rendered":"El pen\u00faltimo evento del karting va a fines de octubre"},"content":{"rendered":"<p><img loading=\"lazy\" decoding=\"async\" class=\"aligncenter size-full wp-image-20230\" src=\"http:\/\/www.curva1.com.ar\/wp-content\/uploads\/2016\/10\/IMG_9382.jpg\" alt=\"img_9382\" width=\"700\" height=\"394\" srcset=\"https:\/\/curva1.com.ar\/wp-content\/uploads\/2016\/10\/IMG_9382.jpg 700w, https:\/\/curva1.com.ar\/wp-content\/uploads\/2016\/10\/IMG_9382-300x169.jpg 300w, https:\/\/curva1.com.ar\/wp-content\/uploads\/2016\/10\/IMG_9382-600x337.jpg 600w\" sizes=\"auto, (max-width: 700px) 100vw, 700px\" \/><\/p>\n<p>Quienes comandan el Campeonato Mendocino de Karting informaron que la pr\u00f3xima fecha, s\u00e9ptima del calendario, se realizar\u00e1 el domingo\u00a023 de Octubre.<\/p>\n<p>La cita se llevar\u00e1 a cabo en el circuito mayor\u00a0del Kartodromo de San Mart\u00edn.<\/p>\n","protected":false},"excerpt":{"rendered":"<p>Quienes comandan el Campeonato Mendocino de Karting informaron que la pr\u00f3xima fecha, s\u00e9ptima del calendario,<\/p>\n","protected":false},"author":1,"featured_media":20230,"comment_status":"closed","ping_status":"closed","sticky":false,"template":"","format":"standard","meta":{"footnotes":""},"categories":[1],"tags":[],"class_list":["post-20229","post","type-post","status-publish","format-standard","has-post-thumbnail","hentry","category-zonal-cuyano"],"featured_image_urls":{"full":["https:\/\/curva1.com.ar\/wp-content\/uploads\/2016\/10\/IMG_9382.jpg",700,394,false],"thumbnail":["https:\/\/curva1.com.ar\/wp-content\/uploads\/2016\/10\/IMG_9382-300x169.jpg",300,169,true],"medium":["https:\/\/curva1.com.ar\/wp-content\/uploads\/2016\/10\/IMG_9382-600x337.jpg",600,337,true],"medium_large":["https:\/\/curva1.com.ar\/wp-content\/uploads\/2016\/10\/IMG_9382.jpg",640,360,false],"large":["https:\/\/curva1.com.ar\/wp-content\/uploads\/2016\/10\/IMG_9382.jpg",640,360,false],"1536x1536":["https:\/\/curva1.com.ar\/wp-content\/uploads\/2016\/10\/IMG_9382.jpg",700,394,false],"2048x2048":["https:\/\/curva1.com.ar\/wp-content\/uploads\/2016\/10\/IMG_9382.jpg",700,394,false],"chromenews-featured":["https:\/\/curva1.com.ar\/wp-content\/uploads\/2016\/10\/IMG_9382.jpg",700,394,false],"chromenews-large":["https:\/\/curva1.com.ar\/wp-content\/uploads\/2016\/10\/IMG_9382.jpg",700,394,false],"chromenews-medium":["https:\/\/curva1.com.ar\/wp-content\/uploads\/2016\/10\/IMG_9382.jpg",590,332,false]},"author_info":{"display_name":"Jos\u00e9 Bravo","author_link":"https:\/\/curva1.com.ar\/?author=1"},"category_info":"<a href=\"https:\/\/curva1.com.ar\/?cat=1\" rel=\"category\">Zonal Cuyano<\/a>","tag_info":"Zonal Cuyano","comment_count":"0","_links":{"self":[{"href":"https:\/\/curva1.com.ar\/index.php?rest_route=\/wp\/v2\/posts\/20229","targetHints":{"allow":["GET"]}}],"collection":[{"href":"https:\/\/curva1.com.ar\/index.php?rest_route=\/wp\/v2\/posts"}],"about":[{"href":"https:\/\/curva1.com.ar\/index.php?rest_route=\/wp\/v2\/types\/post"}],"author":[{"embeddable":true,"href":"https:\/\/curva1.com.ar\/index.php?rest_route=\/wp\/v2\/users\/1"}],"replies":[{"embeddable":true,"href":"https:\/\/curva1.com.ar\/index.php?rest_route=%2Fwp%2Fv2%2Fcomments&post=20229"}],"version-history":[{"count":1,"href":"https:\/\/curva1.com.ar\/index.php?rest_route=\/wp\/v2\/posts\/20229\/revisions"}],"predecessor-version":[{"id":20231,"href":"https:\/\/curva1.com.ar\/index.php?rest_route=\/wp\/v2\/posts\/20229\/revisions\/20231"}],"wp:featuredmedia":[{"embeddable":true,"href":"https:\/\/curva1.com.ar\/index.php?rest_route=\/wp\/v2\/media\/20230"}],"wp:attachment":[{"href":"https:\/\/curva1.com.ar\/index.php?rest_route=%2Fwp%2Fv2%2Fmedia&parent=20229"}],"wp:term":[{"taxonomy":"category","embeddable":true,"href":"https:\/\/curva1.com.ar\/index.php?rest_route=%2Fwp%2Fv2%2Fcategories&post=20229"},{"taxonomy":"post_tag","embeddable":true,"href":"https:\/\/curva1.com.ar\/index.php?rest_route=%2Fwp%2Fv2%2Ftags&post=20229"}],"curies":[{"name":"wp","href":"https:\/\/api.w.org\/{rel}","templated":true}]}}