{"id":20232,"date":"2016-10-07T16:48:59","date_gmt":"2016-10-07T19:48:59","guid":{"rendered":"http:\/\/www.curva1.com.ar\/?p=20232"},"modified":"2016-10-07T18:09:21","modified_gmt":"2016-10-07T21:09:21","slug":"curva-1-viaja-a-italia-para-el-mundial-de-karting-rotax","status":"publish","type":"post","link":"https:\/\/curva1.com.ar\/?p=20232","title":{"rendered":"Curva 1 viaja a ITALIA al Mundial de Karting Rotax"},"content":{"rendered":"<p><img loading=\"lazy\" decoding=\"async\" class=\"aligncenter size-full wp-image-20233\" src=\"http:\/\/www.curva1.com.ar\/wp-content\/uploads\/2016\/10\/637c59e90b602603a0a53bc66f413a7b.jpg\" alt=\"637c59e90b602603a0a53bc66f413a7b\" width=\"700\" height=\"467\" srcset=\"https:\/\/curva1.com.ar\/wp-content\/uploads\/2016\/10\/637c59e90b602603a0a53bc66f413a7b.jpg 700w, https:\/\/curva1.com.ar\/wp-content\/uploads\/2016\/10\/637c59e90b602603a0a53bc66f413a7b-505x337.jpg 505w\" sizes=\"auto, (max-width: 700px) 100vw, 700px\" \/><\/p>\n<p>La pr\u00f3xima semana el periodista mendocino <strong>Jos\u00e9 Bravo<\/strong>, director de Curva 1, viajar\u00e1 a Europa para realizar la cobertura del <strong>Mundial de Karting Rotax 2016<\/strong> que se llevar\u00e1 a cabo del 15 al 22 de octubre en el <strong>Circuito Internacional de Napoli, en Italia<\/strong>.<\/p>\n<p>Ser\u00e1 la TERCERA VEZ que <a href=\"http:\/\/curva1kart.com.ar\/\" target=\"_blank\"><strong>www.curva1kart.com.ar<\/strong><\/a> estar\u00e1 en una Grand Finals Rotax, uno de los eventos de karting deportivo m\u00e1s grande del mundo, que este a\u00f1o convocar\u00e1 a casi 400 pilotos de 53 pa\u00edses.<\/p>\n<p>En la temporada 2014, Jos\u00e9 Bravo estuvo en Valencia (Espa\u00f1a), luego en 2015 en Portimao (Portugal) y ahora es el turno de Sarno (Italia).<\/p>\n<p><strong>Curva 1 KART<\/strong> tiene su base de trabajo en San Mart\u00edn, Mendoza, y ser\u00e1 el <strong>\u00fanico medio de prensa argentino<\/strong> en el evento, informando a m\u00e1s de 20 mil seguidores a diario y realizando el seguimiento a pilotos de Argentina, Chile, Uruguay y Paraguay.<\/p>\n<p>La delegaci\u00f3n argentina est\u00e1 formada por 10 piloto:<\/p>\n<ul>\n<li>MICRO MAX \u2013 <strong>Lucas Bohdaowicz<\/strong> (Chaco)<strong><br \/>\n<\/strong><\/li>\n<li>MINI MAX \u2013 <strong>Otto Fritzler<\/strong> (Buenos Aires)<strong><br \/>\n<\/strong><\/li>\n<li>JUNIOR \u00a0MAX \u2013 <strong>Santiago Fabani <\/strong>(CABA)<strong><br \/>\n<\/strong><\/li>\n<li>SENIOR MAX \u2013 <strong>Ramiro De Bonis<\/strong> (Buenos Aires)<\/li>\n<li>SENIOR MAX &#8211; <strong>Francisco Darder<\/strong> (Buenos Aires)<\/li>\n<li>DD2 SENIOR \u2013 <strong>Patricio Maggio<\/strong> (Buenos Aires)<\/li>\n<li>DD2 MASTER \u2013 <strong>Gabriel Zughella <\/strong>(CABA)<\/li>\n<li>DD2 MASTER \u2013 <strong>Rafael Moro<\/strong> (Santa Fe)<\/li>\n<li>DD2 MASTER \u2013 <strong>Diego Graziani <\/strong>(CABA)<\/li>\n<li>DD2 MASTER &#8211; <strong>Leandro Iglesias <\/strong>(Buenos Aires)<\/li>\n<\/ul>\n<figure id=\"attachment_20236\" aria-describedby=\"caption-attachment-20236\" style=\"width: 700px\" class=\"wp-caption aligncenter\"><img loading=\"lazy\" decoding=\"async\" class=\"wp-image-20236 size-full\" src=\"http:\/\/www.curva1.com.ar\/wp-content\/uploads\/2016\/10\/IMG_9363.jpg\" alt=\"img_9363\" width=\"700\" height=\"394\" srcset=\"https:\/\/curva1.com.ar\/wp-content\/uploads\/2016\/10\/IMG_9363.jpg 700w, https:\/\/curva1.com.ar\/wp-content\/uploads\/2016\/10\/IMG_9363-300x169.jpg 300w, https:\/\/curva1.com.ar\/wp-content\/uploads\/2016\/10\/IMG_9363-600x337.jpg 600w\" sizes=\"auto, (max-width: 700px) 100vw, 700px\" \/><figcaption id=\"caption-attachment-20236\" class=\"wp-caption-text\">JOSE BRAVO JUNTO A LA DELEGACION ARGENTINA, EN LA EDICI\u00d3N 2015 EN PORTUGAL<\/figcaption><\/figure>\n<p><img loading=\"lazy\" decoding=\"async\" class=\"aligncenter size-full wp-image-20235\" src=\"http:\/\/www.curva1.com.ar\/wp-content\/uploads\/2016\/10\/IMG_9198-1024x576.jpg\" alt=\"img_9198-1024x576\" width=\"700\" height=\"364\" srcset=\"https:\/\/curva1.com.ar\/wp-content\/uploads\/2016\/10\/IMG_9198-1024x576.jpg 700w, https:\/\/curva1.com.ar\/wp-content\/uploads\/2016\/10\/IMG_9198-1024x576-600x312.jpg 600w\" sizes=\"auto, (max-width: 700px) 100vw, 700px\" \/> <img loading=\"lazy\" decoding=\"async\" class=\"aligncenter size-full wp-image-20237\" src=\"http:\/\/www.curva1.com.ar\/wp-content\/uploads\/2016\/10\/Kart-Line-up-31.jpg\" alt=\"kart-line-up-31\" width=\"700\" height=\"394\" srcset=\"https:\/\/curva1.com.ar\/wp-content\/uploads\/2016\/10\/Kart-Line-up-31.jpg 700w, https:\/\/curva1.com.ar\/wp-content\/uploads\/2016\/10\/Kart-Line-up-31-300x169.jpg 300w, https:\/\/curva1.com.ar\/wp-content\/uploads\/2016\/10\/Kart-Line-up-31-600x337.jpg 600w\" sizes=\"auto, (max-width: 700px) 100vw, 700px\" \/><\/p>\n","protected":false},"excerpt":{"rendered":"<p>La pr\u00f3xima semana el periodista mendocino Jos\u00e9 Bravo, director de Curva 1, viajar\u00e1 a Europa<\/p>\n","protected":false},"author":1,"featured_media":20233,"comment_status":"closed","ping_status":"closed","sticky":false,"template":"","format":"standard","meta":{"footnotes":""},"categories":[4],"tags":[],"class_list":["post-20232","post","type-post","status-publish","format-standard","has-post-thumbnail","hentry","category-karting"],"featured_image_urls":{"full":["https:\/\/curva1.com.ar\/wp-content\/uploads\/2016\/10\/637c59e90b602603a0a53bc66f413a7b.jpg",700,467,false],"thumbnail":["https:\/\/curva1.com.ar\/wp-content\/uploads\/2016\/10\/637c59e90b602603a0a53bc66f413a7b-300x169.jpg",300,169,true],"medium":["https:\/\/curva1.com.ar\/wp-content\/uploads\/2016\/10\/637c59e90b602603a0a53bc66f413a7b-505x337.jpg",505,337,true],"medium_large":["https:\/\/curva1.com.ar\/wp-content\/uploads\/2016\/10\/637c59e90b602603a0a53bc66f413a7b.jpg",640,427,false],"large":["https:\/\/curva1.com.ar\/wp-content\/uploads\/2016\/10\/637c59e90b602603a0a53bc66f413a7b.jpg",640,427,false],"1536x1536":["https:\/\/curva1.com.ar\/wp-content\/uploads\/2016\/10\/637c59e90b602603a0a53bc66f413a7b.jpg",700,467,false],"2048x2048":["https:\/\/curva1.com.ar\/wp-content\/uploads\/2016\/10\/637c59e90b602603a0a53bc66f413a7b.jpg",700,467,false],"chromenews-featured":["https:\/\/curva1.com.ar\/wp-content\/uploads\/2016\/10\/637c59e90b602603a0a53bc66f413a7b.jpg",700,467,false],"chromenews-large":["https:\/\/curva1.com.ar\/wp-content\/uploads\/2016\/10\/637c59e90b602603a0a53bc66f413a7b.jpg",700,467,false],"chromenews-medium":["https:\/\/curva1.com.ar\/wp-content\/uploads\/2016\/10\/637c59e90b602603a0a53bc66f413a7b.jpg",590,394,false]},"author_info":{"display_name":"Jos\u00e9 Bravo","author_link":"https:\/\/curva1.com.ar\/?author=1"},"category_info":"<a href=\"https:\/\/curva1.com.ar\/?cat=4\" rel=\"category\">Karting Asfalto<\/a>","tag_info":"Karting Asfalto","comment_count":"0","_links":{"self":[{"href":"https:\/\/curva1.com.ar\/index.php?rest_route=\/wp\/v2\/posts\/20232","targetHints":{"allow":["GET"]}}],"collection":[{"href":"https:\/\/curva1.com.ar\/index.php?rest_route=\/wp\/v2\/posts"}],"about":[{"href":"https:\/\/curva1.com.ar\/index.php?rest_route=\/wp\/v2\/types\/post"}],"author":[{"embeddable":true,"href":"https:\/\/curva1.com.ar\/index.php?rest_route=\/wp\/v2\/users\/1"}],"replies":[{"embeddable":true,"href":"https:\/\/curva1.com.ar\/index.php?rest_route=%2Fwp%2Fv2%2Fcomments&post=20232"}],"version-history":[{"count":5,"href":"https:\/\/curva1.com.ar\/index.php?rest_route=\/wp\/v2\/posts\/20232\/revisions"}],"predecessor-version":[{"id":20242,"href":"https:\/\/curva1.com.ar\/index.php?rest_route=\/wp\/v2\/posts\/20232\/revisions\/20242"}],"wp:featuredmedia":[{"embeddable":true,"href":"https:\/\/curva1.com.ar\/index.php?rest_route=\/wp\/v2\/media\/20233"}],"wp:attachment":[{"href":"https:\/\/curva1.com.ar\/index.php?rest_route=%2Fwp%2Fv2%2Fmedia&parent=20232"}],"wp:term":[{"taxonomy":"category","embeddable":true,"href":"https:\/\/curva1.com.ar\/index.php?rest_route=%2Fwp%2Fv2%2Fcategories&post=20232"},{"taxonomy":"post_tag","embeddable":true,"href":"https:\/\/curva1.com.ar\/index.php?rest_route=%2Fwp%2Fv2%2Ftags&post=20232"}],"curies":[{"name":"wp","href":"https:\/\/api.w.org\/{rel}","templated":true}]}}