{"id":20334,"date":"2016-10-25T14:29:32","date_gmt":"2016-10-25T17:29:32","guid":{"rendered":"http:\/\/www.curva1.com.ar\/?p=20334"},"modified":"2016-10-27T14:36:40","modified_gmt":"2016-10-27T17:36:40","slug":"equipo-chevrolet-s10-finalizo-la-temporada-del-rally-cross-country","status":"publish","type":"post","link":"https:\/\/curva1.com.ar\/?p=20334","title":{"rendered":"Equipo Chevrolet S10 finaliz\u00f3 la temporada del Rally Cross Country"},"content":{"rendered":"<p><img loading=\"lazy\" decoding=\"async\" class=\"aligncenter size-full wp-image-20335\" src=\"http:\/\/www.curva1.com.ar\/wp-content\/uploads\/2016\/10\/JoseGarciaAlta-2.jpg\" alt=\"josegarciaalta-2\" width=\"700\" height=\"467\" srcset=\"https:\/\/curva1.com.ar\/wp-content\/uploads\/2016\/10\/JoseGarciaAlta-2.jpg 700w, https:\/\/curva1.com.ar\/wp-content\/uploads\/2016\/10\/JoseGarciaAlta-2-505x337.jpg 505w\" sizes=\"auto, (max-width: 700px) 100vw, 700px\" \/><\/p>\n<p><em>Con la disputa del <strong>Rally de Neuqu\u00e9n<\/strong> finaliz\u00f3 la temporada del <\/em><em><strong>Campeonato Argentino de Rally Cross Country<\/strong><\/em> <em>que coron\u00f3 campe\u00f3n al<strong> Equipo Chevrolet S10<\/strong> \u00a0de la mano de <strong>Jos\u00e9 Garc\u00eda<\/strong> en la conducci\u00f3n y <strong>Ricardo Torlaschi<\/strong> en la navegaci\u00f3n. Hoy la S10 con el n\u00famero 301 en los laterales finaliz\u00f3 en la tercera posici\u00f3n detr\u00e1s de <strong>Juan Manuel \u201cPato\u201d Silva<\/strong> y <strong>Mart\u00edn Maldonado<\/strong>. <\/em><\/p>\n<p><em><strong>Jos\u00e9 Garc\u00eda<\/strong><\/em><em> cierra as\u00ed un a\u00f1o espectacular, el t\u00edtulo y podio en todas las fechas corridas desde aquella primera carrera del a\u00f1o en Mina Clavero, pasando por el Desaf\u00edo Ruta 40, La Cumbre, Chaco y hoy en Chos Malal, Neuqu\u00e9n. <\/em><\/p>\n<p><em><strong>Demetrio Lamtzev <\/strong><\/em><em>fue quinto y <strong>\u00a0Fernando Bradach <\/strong>sexto en la Clasificaci\u00f3n General. Por su parte <strong>Adri\u00e1n Yacopini <\/strong>se mantuvo en el d\u00e9cimo puesto logrando imponerse en la categor\u00eda UTV. <\/em><\/p>\n<p><img loading=\"lazy\" decoding=\"async\" class=\"aligncenter size-full wp-image-20336\" src=\"http:\/\/www.curva1.com.ar\/wp-content\/uploads\/2016\/10\/ChinoYacopini1.jpg\" alt=\"chinoyacopini1\" width=\"700\" height=\"400\" srcset=\"https:\/\/curva1.com.ar\/wp-content\/uploads\/2016\/10\/ChinoYacopini1.jpg 700w, https:\/\/curva1.com.ar\/wp-content\/uploads\/2016\/10\/ChinoYacopini1-590x337.jpg 590w\" sizes=\"auto, (max-width: 700px) 100vw, 700px\" \/> <img loading=\"lazy\" decoding=\"async\" class=\"aligncenter size-full wp-image-20337\" src=\"http:\/\/www.curva1.com.ar\/wp-content\/uploads\/2016\/10\/ChinoYacopini2.jpg\" alt=\"chinoyacopini2\" width=\"700\" height=\"299\" srcset=\"https:\/\/curva1.com.ar\/wp-content\/uploads\/2016\/10\/ChinoYacopini2.jpg 700w, https:\/\/curva1.com.ar\/wp-content\/uploads\/2016\/10\/ChinoYacopini2-600x256.jpg 600w\" sizes=\"auto, (max-width: 700px) 100vw, 700px\" \/> <img loading=\"lazy\" decoding=\"async\" class=\"aligncenter size-full wp-image-20338\" src=\"http:\/\/www.curva1.com.ar\/wp-content\/uploads\/2016\/10\/DemetrioLamtzev.jpg\" alt=\"demetriolamtzev\" width=\"700\" height=\"363\" srcset=\"https:\/\/curva1.com.ar\/wp-content\/uploads\/2016\/10\/DemetrioLamtzev.jpg 700w, https:\/\/curva1.com.ar\/wp-content\/uploads\/2016\/10\/DemetrioLamtzev-600x311.jpg 600w\" sizes=\"auto, (max-width: 700px) 100vw, 700px\" \/> <img loading=\"lazy\" decoding=\"async\" class=\"aligncenter size-full wp-image-20339\" src=\"http:\/\/www.curva1.com.ar\/wp-content\/uploads\/2016\/10\/FernandoBradach.jpg\" alt=\"fernandobradach\" width=\"700\" height=\"403\" srcset=\"https:\/\/curva1.com.ar\/wp-content\/uploads\/2016\/10\/FernandoBradach.jpg 700w, https:\/\/curva1.com.ar\/wp-content\/uploads\/2016\/10\/FernandoBradach-585x337.jpg 585w\" sizes=\"auto, (max-width: 700px) 100vw, 700px\" \/> <img loading=\"lazy\" decoding=\"async\" class=\"aligncenter size-full wp-image-20340\" src=\"http:\/\/www.curva1.com.ar\/wp-content\/uploads\/2016\/10\/FernandoBradach2.jpg\" alt=\"fernandobradach2\" width=\"700\" height=\"429\" srcset=\"https:\/\/curva1.com.ar\/wp-content\/uploads\/2016\/10\/FernandoBradach2.jpg 700w, https:\/\/curva1.com.ar\/wp-content\/uploads\/2016\/10\/FernandoBradach2-550x337.jpg 550w\" sizes=\"auto, (max-width: 700px) 100vw, 700px\" \/> <img loading=\"lazy\" decoding=\"async\" class=\"aligncenter size-full wp-image-20341\" src=\"http:\/\/www.curva1.com.ar\/wp-content\/uploads\/2016\/10\/JoseGarcia.jpg\" alt=\"josegarcia\" width=\"700\" height=\"283\" srcset=\"https:\/\/curva1.com.ar\/wp-content\/uploads\/2016\/10\/JoseGarcia.jpg 700w, https:\/\/curva1.com.ar\/wp-content\/uploads\/2016\/10\/JoseGarcia-600x243.jpg 600w\" sizes=\"auto, (max-width: 700px) 100vw, 700px\" \/><\/p>\n","protected":false},"excerpt":{"rendered":"<p>Con la disputa del Rally de Neuqu\u00e9n finaliz\u00f3 la temporada del Campeonato Argentino de Rally<\/p>\n","protected":false},"author":1,"featured_media":20335,"comment_status":"closed","ping_status":"closed","sticky":false,"template":"","format":"standard","meta":{"footnotes":""},"categories":[6],"tags":[],"class_list":["post-20334","post","type-post","status-publish","format-standard","has-post-thumbnail","hentry","category-nacionales"],"featured_image_urls":{"full":["https:\/\/curva1.com.ar\/wp-content\/uploads\/2016\/10\/JoseGarciaAlta-2.jpg",700,467,false],"thumbnail":["https:\/\/curva1.com.ar\/wp-content\/uploads\/2016\/10\/JoseGarciaAlta-2-300x169.jpg",300,169,true],"medium":["https:\/\/curva1.com.ar\/wp-content\/uploads\/2016\/10\/JoseGarciaAlta-2-505x337.jpg",505,337,true],"medium_large":["https:\/\/curva1.com.ar\/wp-content\/uploads\/2016\/10\/JoseGarciaAlta-2.jpg",640,427,false],"large":["https:\/\/curva1.com.ar\/wp-content\/uploads\/2016\/10\/JoseGarciaAlta-2.jpg",640,427,false],"1536x1536":["https:\/\/curva1.com.ar\/wp-content\/uploads\/2016\/10\/JoseGarciaAlta-2.jpg",700,467,false],"2048x2048":["https:\/\/curva1.com.ar\/wp-content\/uploads\/2016\/10\/JoseGarciaAlta-2.jpg",700,467,false],"chromenews-featured":["https:\/\/curva1.com.ar\/wp-content\/uploads\/2016\/10\/JoseGarciaAlta-2.jpg",700,467,false],"chromenews-large":["https:\/\/curva1.com.ar\/wp-content\/uploads\/2016\/10\/JoseGarciaAlta-2.jpg",700,467,false],"chromenews-medium":["https:\/\/curva1.com.ar\/wp-content\/uploads\/2016\/10\/JoseGarciaAlta-2.jpg",590,394,false]},"author_info":{"display_name":"Jos\u00e9 Bravo","author_link":"https:\/\/curva1.com.ar\/?author=1"},"category_info":"<a href=\"https:\/\/curva1.com.ar\/?cat=6\" rel=\"category\">Nacionales<\/a>","tag_info":"Nacionales","comment_count":"0","_links":{"self":[{"href":"https:\/\/curva1.com.ar\/index.php?rest_route=\/wp\/v2\/posts\/20334","targetHints":{"allow":["GET"]}}],"collection":[{"href":"https:\/\/curva1.com.ar\/index.php?rest_route=\/wp\/v2\/posts"}],"about":[{"href":"https:\/\/curva1.com.ar\/index.php?rest_route=\/wp\/v2\/types\/post"}],"author":[{"embeddable":true,"href":"https:\/\/curva1.com.ar\/index.php?rest_route=\/wp\/v2\/users\/1"}],"replies":[{"embeddable":true,"href":"https:\/\/curva1.com.ar\/index.php?rest_route=%2Fwp%2Fv2%2Fcomments&post=20334"}],"version-history":[{"count":1,"href":"https:\/\/curva1.com.ar\/index.php?rest_route=\/wp\/v2\/posts\/20334\/revisions"}],"predecessor-version":[{"id":20342,"href":"https:\/\/curva1.com.ar\/index.php?rest_route=\/wp\/v2\/posts\/20334\/revisions\/20342"}],"wp:featuredmedia":[{"embeddable":true,"href":"https:\/\/curva1.com.ar\/index.php?rest_route=\/wp\/v2\/media\/20335"}],"wp:attachment":[{"href":"https:\/\/curva1.com.ar\/index.php?rest_route=%2Fwp%2Fv2%2Fmedia&parent=20334"}],"wp:term":[{"taxonomy":"category","embeddable":true,"href":"https:\/\/curva1.com.ar\/index.php?rest_route=%2Fwp%2Fv2%2Fcategories&post=20334"},{"taxonomy":"post_tag","embeddable":true,"href":"https:\/\/curva1.com.ar\/index.php?rest_route=%2Fwp%2Fv2%2Ftags&post=20334"}],"curies":[{"name":"wp","href":"https:\/\/api.w.org\/{rel}","templated":true}]}}