{"id":20343,"date":"2016-10-27T14:42:27","date_gmt":"2016-10-27T17:42:27","guid":{"rendered":"http:\/\/www.curva1.com.ar\/?p=20343"},"modified":"2016-10-27T14:42:27","modified_gmt":"2016-10-27T17:42:27","slug":"pruebas-en-san-martin-en-un-dia-un-poco-lluvioso","status":"publish","type":"post","link":"https:\/\/curva1.com.ar\/?p=20343","title":{"rendered":"Pruebas en San Mart\u00edn en un d\u00eda un poco lluvioso"},"content":{"rendered":"<p><img loading=\"lazy\" decoding=\"async\" class=\"aligncenter size-full wp-image-20344\" src=\"http:\/\/www.curva1.com.ar\/wp-content\/uploads\/2016\/10\/IMG_8439.jpg\" alt=\"img_8439\" width=\"700\" height=\"394\" srcset=\"https:\/\/curva1.com.ar\/wp-content\/uploads\/2016\/10\/IMG_8439.jpg 700w, https:\/\/curva1.com.ar\/wp-content\/uploads\/2016\/10\/IMG_8439-300x169.jpg 300w, https:\/\/curva1.com.ar\/wp-content\/uploads\/2016\/10\/IMG_8439-600x337.jpg 600w\" sizes=\"auto, (max-width: 700px) 100vw, 700px\" \/><\/p>\n<p>El pasado martes Jos\u00e9 Par\u00eds teste\u00f3 su auto del Zonal Cuyano con la firme intenci\u00f3n de estar presente en el premio coronaci\u00f3n.<\/p>\n<p><strong>&#8220;Estamos dejando todo listo para la \u00faltima carrera del a\u00f1o. En la anterior fecha no se pudo estar por compromisos personales, pero si estaremos en la fcha de cierre de la Clase 2&#8221;<\/strong> coment\u00f3 Nicol\u00e1s Par\u00eds a Curva 1.<\/p>\n<p>Adem\u00e1s, estuvo probando la guaymallina Camila Gil con su kart de la Senior Pro, donde competir\u00e1 el pr\u00f3ximo domingo en San Mart\u00edn.<\/p>\n","protected":false},"excerpt":{"rendered":"<p>El pasado martes Jos\u00e9 Par\u00eds teste\u00f3 su auto del Zonal Cuyano con la firme intenci\u00f3n<\/p>\n","protected":false},"author":1,"featured_media":20344,"comment_status":"closed","ping_status":"closed","sticky":false,"template":"","format":"standard","meta":{"footnotes":""},"categories":[1],"tags":[],"class_list":["post-20343","post","type-post","status-publish","format-standard","has-post-thumbnail","hentry","category-zonal-cuyano"],"featured_image_urls":{"full":["https:\/\/curva1.com.ar\/wp-content\/uploads\/2016\/10\/IMG_8439.jpg",700,394,false],"thumbnail":["https:\/\/curva1.com.ar\/wp-content\/uploads\/2016\/10\/IMG_8439-300x169.jpg",300,169,true],"medium":["https:\/\/curva1.com.ar\/wp-content\/uploads\/2016\/10\/IMG_8439-600x337.jpg",600,337,true],"medium_large":["https:\/\/curva1.com.ar\/wp-content\/uploads\/2016\/10\/IMG_8439.jpg",640,360,false],"large":["https:\/\/curva1.com.ar\/wp-content\/uploads\/2016\/10\/IMG_8439.jpg",640,360,false],"1536x1536":["https:\/\/curva1.com.ar\/wp-content\/uploads\/2016\/10\/IMG_8439.jpg",700,394,false],"2048x2048":["https:\/\/curva1.com.ar\/wp-content\/uploads\/2016\/10\/IMG_8439.jpg",700,394,false],"chromenews-featured":["https:\/\/curva1.com.ar\/wp-content\/uploads\/2016\/10\/IMG_8439.jpg",700,394,false],"chromenews-large":["https:\/\/curva1.com.ar\/wp-content\/uploads\/2016\/10\/IMG_8439.jpg",700,394,false],"chromenews-medium":["https:\/\/curva1.com.ar\/wp-content\/uploads\/2016\/10\/IMG_8439.jpg",590,332,false]},"author_info":{"display_name":"Jos\u00e9 Bravo","author_link":"https:\/\/curva1.com.ar\/?author=1"},"category_info":"<a href=\"https:\/\/curva1.com.ar\/?cat=1\" rel=\"category\">Zonal Cuyano<\/a>","tag_info":"Zonal Cuyano","comment_count":"0","_links":{"self":[{"href":"https:\/\/curva1.com.ar\/index.php?rest_route=\/wp\/v2\/posts\/20343","targetHints":{"allow":["GET"]}}],"collection":[{"href":"https:\/\/curva1.com.ar\/index.php?rest_route=\/wp\/v2\/posts"}],"about":[{"href":"https:\/\/curva1.com.ar\/index.php?rest_route=\/wp\/v2\/types\/post"}],"author":[{"embeddable":true,"href":"https:\/\/curva1.com.ar\/index.php?rest_route=\/wp\/v2\/users\/1"}],"replies":[{"embeddable":true,"href":"https:\/\/curva1.com.ar\/index.php?rest_route=%2Fwp%2Fv2%2Fcomments&post=20343"}],"version-history":[{"count":1,"href":"https:\/\/curva1.com.ar\/index.php?rest_route=\/wp\/v2\/posts\/20343\/revisions"}],"predecessor-version":[{"id":20345,"href":"https:\/\/curva1.com.ar\/index.php?rest_route=\/wp\/v2\/posts\/20343\/revisions\/20345"}],"wp:featuredmedia":[{"embeddable":true,"href":"https:\/\/curva1.com.ar\/index.php?rest_route=\/wp\/v2\/media\/20344"}],"wp:attachment":[{"href":"https:\/\/curva1.com.ar\/index.php?rest_route=%2Fwp%2Fv2%2Fmedia&parent=20343"}],"wp:term":[{"taxonomy":"category","embeddable":true,"href":"https:\/\/curva1.com.ar\/index.php?rest_route=%2Fwp%2Fv2%2Fcategories&post=20343"},{"taxonomy":"post_tag","embeddable":true,"href":"https:\/\/curva1.com.ar\/index.php?rest_route=%2Fwp%2Fv2%2Ftags&post=20343"}],"curies":[{"name":"wp","href":"https:\/\/api.w.org\/{rel}","templated":true}]}}