{"id":20352,"date":"2016-10-27T14:59:25","date_gmt":"2016-10-27T17:59:25","guid":{"rendered":"http:\/\/www.curva1.com.ar\/?p=20352"},"modified":"2016-10-27T15:22:27","modified_gmt":"2016-10-27T18:22:27","slug":"la-super-4-tiempos-promete-35-pilotos-para-el-domingo","status":"publish","type":"post","link":"https:\/\/curva1.com.ar\/?p=20352","title":{"rendered":"La S\u00faper 4 Tiempos promete 35 pilotos para el domingo y hay m\u00e1s"},"content":{"rendered":"<p><img loading=\"lazy\" decoding=\"async\" class=\"aligncenter size-full wp-image-20353\" src=\"http:\/\/www.curva1.com.ar\/wp-content\/uploads\/2016\/10\/IMG_9285.jpg\" alt=\"img_9285\" width=\"700\" height=\"394\" srcset=\"https:\/\/curva1.com.ar\/wp-content\/uploads\/2016\/10\/IMG_9285.jpg 700w, https:\/\/curva1.com.ar\/wp-content\/uploads\/2016\/10\/IMG_9285-300x169.jpg 300w, https:\/\/curva1.com.ar\/wp-content\/uploads\/2016\/10\/IMG_9285-600x337.jpg 600w\" sizes=\"auto, (max-width: 700px) 100vw, 700px\" \/><\/p>\n<p>Federico Santib\u00e1\u00f1ez coment\u00f3 a Curva 1 que el pr\u00f3ximo domingo la categor\u00eda S\u00faper 4 Tiempos puede tener un r\u00e9cord de inscriptos.<\/p>\n<p><strong>&#8220;Tenemos 33 pilotos confirmados, m\u00e1s dos que me dijeron esta ma\u00f1ana que est\u00e1n interesados en sumarse y le estamos buscando karts. Estar\u00e1n debutando Sebasti\u00e1n Ventur\u00edn (piloto del Zonal Cuyano de autos) y Santiago Mol\u00e9. Regresan Rodrigo Mol\u00e9, Hern\u00e1n Altieri y Nicol\u00e1s Tejada. Otros que regresan son Diego &#8220;Coquito&#8221; Chades y Nicol\u00e1s Par\u00eds. Tambi\u00e9n es posible que se sume Caito Mol\u00e9, con lo cual los tres hermanos estar\u00edan compitiendo en la misma categor\u00eda&#8221;<\/strong> dijo el tambi\u00e9n piloto de la 4T, divisional que dar\u00e1 espect\u00e1culo el domingo en San Mart\u00edn.<\/p>\n<p>Por otro lado, desde Santa Fe el piloto<strong> Alan Palacio<\/strong> confirm\u00f3 a Curva 1 que ser\u00e1 parte de la 125 cc Senior Pro. Palacio no viene a competir a Mendoza desde hace tres a\u00f1os, cuando fue protagonista en la clase J\u00fanior. Tambi\u00e9n habr\u00e1 pilotos de Mendoza, San Juan, San Luis y Neuqu\u00e9n.<\/p>\n","protected":false},"excerpt":{"rendered":"<p>Federico Santib\u00e1\u00f1ez coment\u00f3 a Curva 1 que el pr\u00f3ximo domingo la categor\u00eda S\u00faper 4 Tiempos<\/p>\n","protected":false},"author":1,"featured_media":20353,"comment_status":"closed","ping_status":"closed","sticky":false,"template":"","format":"standard","meta":{"footnotes":""},"categories":[1],"tags":[],"class_list":["post-20352","post","type-post","status-publish","format-standard","has-post-thumbnail","hentry","category-zonal-cuyano"],"featured_image_urls":{"full":["https:\/\/curva1.com.ar\/wp-content\/uploads\/2016\/10\/IMG_9285.jpg",700,394,false],"thumbnail":["https:\/\/curva1.com.ar\/wp-content\/uploads\/2016\/10\/IMG_9285-300x169.jpg",300,169,true],"medium":["https:\/\/curva1.com.ar\/wp-content\/uploads\/2016\/10\/IMG_9285-600x337.jpg",600,337,true],"medium_large":["https:\/\/curva1.com.ar\/wp-content\/uploads\/2016\/10\/IMG_9285.jpg",640,360,false],"large":["https:\/\/curva1.com.ar\/wp-content\/uploads\/2016\/10\/IMG_9285.jpg",640,360,false],"1536x1536":["https:\/\/curva1.com.ar\/wp-content\/uploads\/2016\/10\/IMG_9285.jpg",700,394,false],"2048x2048":["https:\/\/curva1.com.ar\/wp-content\/uploads\/2016\/10\/IMG_9285.jpg",700,394,false],"chromenews-featured":["https:\/\/curva1.com.ar\/wp-content\/uploads\/2016\/10\/IMG_9285.jpg",700,394,false],"chromenews-large":["https:\/\/curva1.com.ar\/wp-content\/uploads\/2016\/10\/IMG_9285.jpg",700,394,false],"chromenews-medium":["https:\/\/curva1.com.ar\/wp-content\/uploads\/2016\/10\/IMG_9285.jpg",590,332,false]},"author_info":{"display_name":"Jos\u00e9 Bravo","author_link":"https:\/\/curva1.com.ar\/?author=1"},"category_info":"<a href=\"https:\/\/curva1.com.ar\/?cat=1\" rel=\"category\">Zonal Cuyano<\/a>","tag_info":"Zonal Cuyano","comment_count":"0","_links":{"self":[{"href":"https:\/\/curva1.com.ar\/index.php?rest_route=\/wp\/v2\/posts\/20352","targetHints":{"allow":["GET"]}}],"collection":[{"href":"https:\/\/curva1.com.ar\/index.php?rest_route=\/wp\/v2\/posts"}],"about":[{"href":"https:\/\/curva1.com.ar\/index.php?rest_route=\/wp\/v2\/types\/post"}],"author":[{"embeddable":true,"href":"https:\/\/curva1.com.ar\/index.php?rest_route=\/wp\/v2\/users\/1"}],"replies":[{"embeddable":true,"href":"https:\/\/curva1.com.ar\/index.php?rest_route=%2Fwp%2Fv2%2Fcomments&post=20352"}],"version-history":[{"count":5,"href":"https:\/\/curva1.com.ar\/index.php?rest_route=\/wp\/v2\/posts\/20352\/revisions"}],"predecessor-version":[{"id":20359,"href":"https:\/\/curva1.com.ar\/index.php?rest_route=\/wp\/v2\/posts\/20352\/revisions\/20359"}],"wp:featuredmedia":[{"embeddable":true,"href":"https:\/\/curva1.com.ar\/index.php?rest_route=\/wp\/v2\/media\/20353"}],"wp:attachment":[{"href":"https:\/\/curva1.com.ar\/index.php?rest_route=%2Fwp%2Fv2%2Fmedia&parent=20352"}],"wp:term":[{"taxonomy":"category","embeddable":true,"href":"https:\/\/curva1.com.ar\/index.php?rest_route=%2Fwp%2Fv2%2Fcategories&post=20352"},{"taxonomy":"post_tag","embeddable":true,"href":"https:\/\/curva1.com.ar\/index.php?rest_route=%2Fwp%2Fv2%2Ftags&post=20352"}],"curies":[{"name":"wp","href":"https:\/\/api.w.org\/{rel}","templated":true}]}}