{"id":20374,"date":"2016-10-28T11:16:29","date_gmt":"2016-10-28T14:16:29","guid":{"rendered":"http:\/\/www.curva1.com.ar\/?p=20374"},"modified":"2016-10-28T11:16:29","modified_gmt":"2016-10-28T14:16:29","slug":"campeonatos-del-karting-previos-a-la-penultima-fecha-del-domingo","status":"publish","type":"post","link":"https:\/\/curva1.com.ar\/?p=20374","title":{"rendered":"Campeonatos del Karting previos a la pen\u00faltima fecha del domingo"},"content":{"rendered":"<figure id=\"attachment_68881\" aria-describedby=\"caption-attachment-68881\" style=\"width: 800px\" class=\"wp-caption aligncenter\"><img loading=\"lazy\" decoding=\"async\" class=\"size-full wp-image-68881\" src=\"http:\/\/curva1kart.com.ar\/noticias\/wp-content\/uploads\/2016\/10\/IMG_9250.jpg\" alt=\"AGUSTIN PALAU DOMINA LA CATEGOR\u00cdA PROMOCIONAL IAME 60\" width=\"800\" height=\"450\" \/><figcaption id=\"caption-attachment-68881\" class=\"wp-caption-text\">AGUSTIN PALAU DOMINA LA CATEGOR\u00cdA PROMOCIONAL IAME 60<\/figcaption><\/figure>\n<p>El Campeonato Mendocino y Sanjuanino de Karting compite este domingo en San Mart\u00edn y te mostramos como llega cada divisional a la pen\u00faltima fecha, ingresando a la fase final de definiciones.<\/p>\n<h3><span style=\"color: #ff0000;\">LO QUE VIENE<\/span><\/h3>\n<p>El coronaci\u00f3n del karting est\u00e1 confirmado y se realizar\u00e1 el domingo 27 de noviembre en el Kart\u00f3dromo de San Mart\u00edn, donde se definir\u00e1n los nuevos campeonatos.<\/p>\n<div data-canvas-width=\"454.0317814602902\">La \u00faltima fecha otorgar\u00e1 el 150% de la escala normal de puntos, adem\u00e1s del presentismo y p\u00f3leman, seg\u00fan lo establecen el Reglamento Deportivo. No es necesario haber ganado una competencia para obtener el t\u00edtulo.<\/div>\n<h3><span style=\"color: #ff0000;\">DEBUTANTES<\/span><\/h3>\n<p>La\u00a0Federaci\u00f3n\u00a0Mendocina de Automovilismo Deportivo\u00a0, comunica a todos \u00a0los Sres. Pilotos Licenciados de las distintas Categor\u00edas\u00a0de Karting , que la<br \/>\nComisi\u00f3n Directiva y T\u00e9cnica ha decidido modificar el Reglamento Deportivo vigente versi\u00f3n 2016, en el siguiente punto:<\/p>\n<p style=\"padding-left: 30px;\"><em>45\u00a0&#8211;\u00a0PILOTOS DEBUTANTES<\/em><br \/>\n<em>No podr\u00e1\u00a0aceptarse la inscripci\u00f3n en la \u00faltima fecha\u00a0de pilotos que no\u00a0hayan participado en al menos 2 fechas en esa categor\u00eda<\/em><\/p>\n<h3><span style=\"color: #ff0000;\">HORARIOS<\/span><\/h3>\n<p>Descarga el RPP y cronograma completo <a href=\"http:\/\/femadmza.com.ar\/2016\/Karting\/RPPKartingPista2016-07.pdf\" target=\"_blank\"><strong>desde AQUI<\/strong><\/a><\/p>\n<h3><img loading=\"lazy\" decoding=\"async\" class=\"aligncenter size-full wp-image-68882\" src=\"http:\/\/curva1kart.com.ar\/noticias\/wp-content\/uploads\/2016\/10\/fdadfadsf.jpg\" alt=\"fdadfadsf\" width=\"800\" height=\"533\" \/><\/h3>\n<h3><span style=\"color: #ff0000;\">CAMPEONATOS<\/span><\/h3>\n<p>Mira las estad\u00edsticas completas en cada link:<\/p>\n<p><strong><a href=\"http:\/\/femadmza.com.ar\/2016\/Karting\/CAMPIAME.pdf\" target=\"_blank\">Promocional Iame 60<\/a> &#8211; <a href=\"http:\/\/femadmza.com.ar\/2016\/Karting\/CAMPPJUN.pdf\" target=\"_blank\">Pre J\u00fanior<\/a> &#8211; <a href=\"http:\/\/femadmza.com.ar\/2016\/Karting\/CAMPS4T.pdf\" target=\"_blank\">S\u00faper 4 Tiempos<\/a> &#8211; <a href=\"http:\/\/femadmza.com.ar\/2016\/Karting\/CAMPSSP.pdf\" target=\"_blank\">Senior Pro<\/a><\/strong><\/p>\n<p><img loading=\"lazy\" decoding=\"async\" class=\"aligncenter size-full wp-image-68877\" src=\"http:\/\/curva1kart.com.ar\/noticias\/wp-content\/uploads\/2016\/10\/1.jpg\" alt=\"1\" width=\"800\" height=\"533\" \/> <img loading=\"lazy\" decoding=\"async\" class=\"aligncenter size-full wp-image-68878\" src=\"http:\/\/curva1kart.com.ar\/noticias\/wp-content\/uploads\/2016\/10\/2.jpg\" alt=\"2\" width=\"800\" height=\"533\" \/> <img loading=\"lazy\" decoding=\"async\" class=\"aligncenter size-full wp-image-68879\" src=\"http:\/\/curva1kart.com.ar\/noticias\/wp-content\/uploads\/2016\/10\/3.jpg\" alt=\"3\" width=\"800\" height=\"533\" \/> <img loading=\"lazy\" decoding=\"async\" class=\"aligncenter size-full wp-image-68880\" src=\"http:\/\/curva1kart.com.ar\/noticias\/wp-content\/uploads\/2016\/10\/4.jpg\" alt=\"4\" width=\"800\" height=\"533\" \/><\/p>\n","protected":false},"excerpt":{"rendered":"<p>El Campeonato Mendocino y Sanjuanino de Karting compite este domingo en San Mart\u00edn y te<\/p>\n","protected":false},"author":1,"featured_media":20375,"comment_status":"closed","ping_status":"closed","sticky":false,"template":"","format":"standard","meta":{"footnotes":""},"categories":[4],"tags":[],"class_list":["post-20374","post","type-post","status-publish","format-standard","has-post-thumbnail","hentry","category-karting"],"featured_image_urls":{"full":["https:\/\/curva1.com.ar\/wp-content\/uploads\/2016\/10\/IMG_9292.jpg",700,394,false],"thumbnail":["https:\/\/curva1.com.ar\/wp-content\/uploads\/2016\/10\/IMG_9292-300x169.jpg",300,169,true],"medium":["https:\/\/curva1.com.ar\/wp-content\/uploads\/2016\/10\/IMG_9292-600x337.jpg",600,337,true],"medium_large":["https:\/\/curva1.com.ar\/wp-content\/uploads\/2016\/10\/IMG_9292.jpg",640,360,false],"large":["https:\/\/curva1.com.ar\/wp-content\/uploads\/2016\/10\/IMG_9292.jpg",640,360,false],"1536x1536":["https:\/\/curva1.com.ar\/wp-content\/uploads\/2016\/10\/IMG_9292.jpg",700,394,false],"2048x2048":["https:\/\/curva1.com.ar\/wp-content\/uploads\/2016\/10\/IMG_9292.jpg",700,394,false],"chromenews-featured":["https:\/\/curva1.com.ar\/wp-content\/uploads\/2016\/10\/IMG_9292.jpg",700,394,false],"chromenews-large":["https:\/\/curva1.com.ar\/wp-content\/uploads\/2016\/10\/IMG_9292.jpg",700,394,false],"chromenews-medium":["https:\/\/curva1.com.ar\/wp-content\/uploads\/2016\/10\/IMG_9292.jpg",590,332,false]},"author_info":{"display_name":"Jos\u00e9 Bravo","author_link":"https:\/\/curva1.com.ar\/?author=1"},"category_info":"<a href=\"https:\/\/curva1.com.ar\/?cat=4\" rel=\"category\">Karting Asfalto<\/a>","tag_info":"Karting Asfalto","comment_count":"0","_links":{"self":[{"href":"https:\/\/curva1.com.ar\/index.php?rest_route=\/wp\/v2\/posts\/20374","targetHints":{"allow":["GET"]}}],"collection":[{"href":"https:\/\/curva1.com.ar\/index.php?rest_route=\/wp\/v2\/posts"}],"about":[{"href":"https:\/\/curva1.com.ar\/index.php?rest_route=\/wp\/v2\/types\/post"}],"author":[{"embeddable":true,"href":"https:\/\/curva1.com.ar\/index.php?rest_route=\/wp\/v2\/users\/1"}],"replies":[{"embeddable":true,"href":"https:\/\/curva1.com.ar\/index.php?rest_route=%2Fwp%2Fv2%2Fcomments&post=20374"}],"version-history":[{"count":1,"href":"https:\/\/curva1.com.ar\/index.php?rest_route=\/wp\/v2\/posts\/20374\/revisions"}],"predecessor-version":[{"id":20376,"href":"https:\/\/curva1.com.ar\/index.php?rest_route=\/wp\/v2\/posts\/20374\/revisions\/20376"}],"wp:featuredmedia":[{"embeddable":true,"href":"https:\/\/curva1.com.ar\/index.php?rest_route=\/wp\/v2\/media\/20375"}],"wp:attachment":[{"href":"https:\/\/curva1.com.ar\/index.php?rest_route=%2Fwp%2Fv2%2Fmedia&parent=20374"}],"wp:term":[{"taxonomy":"category","embeddable":true,"href":"https:\/\/curva1.com.ar\/index.php?rest_route=%2Fwp%2Fv2%2Fcategories&post=20374"},{"taxonomy":"post_tag","embeddable":true,"href":"https:\/\/curva1.com.ar\/index.php?rest_route=%2Fwp%2Fv2%2Ftags&post=20374"}],"curies":[{"name":"wp","href":"https:\/\/api.w.org\/{rel}","templated":true}]}}