{"id":2038,"date":"2012-11-08T18:41:53","date_gmt":"2012-11-08T21:41:53","guid":{"rendered":"http:\/\/www.curva1.com.ar\/?p=2038"},"modified":"2012-11-08T18:46:29","modified_gmt":"2012-11-08T21:46:29","slug":"varios-mendocinos-competiran-en-el-gran-premio-ramiro-tot","status":"publish","type":"post","link":"https:\/\/curva1.com.ar\/?p=2038","title":{"rendered":"Varios mendocinos presentes en la carrera m\u00e1s importante del a\u00f1o"},"content":{"rendered":"<p><img loading=\"lazy\" decoding=\"async\" class=\"aligncenter size-full wp-image-2039\" title=\"P178fa0830\" src=\"http:\/\/www.curva1.com.ar\/wp-content\/uploads\/2012\/11\/P178fa0830.jpg\" alt=\"\" width=\"500\" height=\"281\" srcset=\"https:\/\/curva1.com.ar\/wp-content\/uploads\/2012\/11\/P178fa0830.jpg 500w, https:\/\/curva1.com.ar\/wp-content\/uploads\/2012\/11\/P178fa0830-300x168.jpg 300w\" sizes=\"auto, (max-width: 500px) 100vw, 500px\" \/><\/p>\n<p>Este fin de semana se llevar\u00e1 a cabo la primera edici\u00f3n del GP Ramiro Tot, en homenaje al piloto de karting de 11 a\u00f1os fallecido en 2011 tras un accidente en Buenos Aires.<\/p>\n<p>La cita ser\u00e1 en el Kart\u00f3dromo de Baradero y contar\u00e1 con la presencia de los mendocinos Jorge Vitar y Nazareno Moscetta (J\u00fanior), Juan Manuel Segura (Pre J\u00fanior) y Juli\u00e1n M\u00f3dica (Promocional). Tambi\u00e9n lo har\u00e1 el sanjuanino Tob\u00edas Mart\u00ednez (Promocional).<\/p>\n<p>La competencia &#8220;de fecha \u00fanica&#8221; ha tomado mucha repercusi\u00f3n en medios de karting y automovilismo, tanto por el homenaje a Ramiro Tot, como por los premios que se distribuir\u00e1n que ascienden a m\u00e1s de 250 mil pesos.<\/p>\n<p>La organizaci\u00f3n est\u00e1 a cargo de los padres de recordado piloto y la Comisi\u00f3n Nacional de Karting, dependiente del Automovil Club Argentino. Fiscaliza CDA.<\/p>\n<p>Entre quienes han aportado premios figuran los equipos <strong>JP Racing<\/strong> y <strong>PSG16<\/strong> con dos pruebas gratis en autos del S\u00faper TC 2000 y los equipos<strong> Schick Racing, C\u00e1ceres Competici\u00f3n<\/strong> y <strong>Werner Competici\u00f3n<\/strong>, que dar\u00e1n pruebas gratis en F\u00f3rmula Renault 2.0. Tambi\u00e9n hay premios para competir durante la temporada 2013 en campeonatos de EE UU, Francia e Italia.<\/p>\n<blockquote><p><strong>La lista de premios completa se puede ver <a href=\"http:\/\/curva1kart.com.ar\/noticias\/?p=23278\" target=\"_blank\">AQUI<\/a><\/strong><\/p><\/blockquote>\n","protected":false},"excerpt":{"rendered":"<p>Este fin de semana se llevar\u00e1 a cabo la primera edici\u00f3n del GP Ramiro Tot,<\/p>\n","protected":false},"author":1,"featured_media":2039,"comment_status":"open","ping_status":"closed","sticky":false,"template":"","format":"standard","meta":{"footnotes":""},"categories":[4],"tags":[],"class_list":["post-2038","post","type-post","status-publish","format-standard","has-post-thumbnail","hentry","category-karting"],"featured_image_urls":{"full":["https:\/\/curva1.com.ar\/wp-content\/uploads\/2012\/11\/P178fa0830.jpg",500,281,false],"thumbnail":["https:\/\/curva1.com.ar\/wp-content\/uploads\/2012\/11\/P178fa0830-150x150.jpg",150,150,true],"medium":["https:\/\/curva1.com.ar\/wp-content\/uploads\/2012\/11\/P178fa0830-300x168.jpg",300,168,true],"medium_large":["https:\/\/curva1.com.ar\/wp-content\/uploads\/2012\/11\/P178fa0830.jpg",500,281,false],"large":["https:\/\/curva1.com.ar\/wp-content\/uploads\/2012\/11\/P178fa0830.jpg",500,281,false],"1536x1536":["https:\/\/curva1.com.ar\/wp-content\/uploads\/2012\/11\/P178fa0830.jpg",500,281,false],"2048x2048":["https:\/\/curva1.com.ar\/wp-content\/uploads\/2012\/11\/P178fa0830.jpg",500,281,false],"chromenews-featured":["https:\/\/curva1.com.ar\/wp-content\/uploads\/2012\/11\/P178fa0830.jpg",500,281,false],"chromenews-large":["https:\/\/curva1.com.ar\/wp-content\/uploads\/2012\/11\/P178fa0830.jpg",500,281,false],"chromenews-medium":["https:\/\/curva1.com.ar\/wp-content\/uploads\/2012\/11\/P178fa0830.jpg",500,281,false]},"author_info":{"display_name":"Jos\u00e9 Bravo","author_link":"https:\/\/curva1.com.ar\/?author=1"},"category_info":"<a href=\"https:\/\/curva1.com.ar\/?cat=4\" rel=\"category\">Karting Asfalto<\/a>","tag_info":"Karting Asfalto","comment_count":"0","_links":{"self":[{"href":"https:\/\/curva1.com.ar\/index.php?rest_route=\/wp\/v2\/posts\/2038","targetHints":{"allow":["GET"]}}],"collection":[{"href":"https:\/\/curva1.com.ar\/index.php?rest_route=\/wp\/v2\/posts"}],"about":[{"href":"https:\/\/curva1.com.ar\/index.php?rest_route=\/wp\/v2\/types\/post"}],"author":[{"embeddable":true,"href":"https:\/\/curva1.com.ar\/index.php?rest_route=\/wp\/v2\/users\/1"}],"replies":[{"embeddable":true,"href":"https:\/\/curva1.com.ar\/index.php?rest_route=%2Fwp%2Fv2%2Fcomments&post=2038"}],"version-history":[{"count":4,"href":"https:\/\/curva1.com.ar\/index.php?rest_route=\/wp\/v2\/posts\/2038\/revisions"}],"predecessor-version":[{"id":2041,"href":"https:\/\/curva1.com.ar\/index.php?rest_route=\/wp\/v2\/posts\/2038\/revisions\/2041"}],"wp:featuredmedia":[{"embeddable":true,"href":"https:\/\/curva1.com.ar\/index.php?rest_route=\/wp\/v2\/media\/2039"}],"wp:attachment":[{"href":"https:\/\/curva1.com.ar\/index.php?rest_route=%2Fwp%2Fv2%2Fmedia&parent=2038"}],"wp:term":[{"taxonomy":"category","embeddable":true,"href":"https:\/\/curva1.com.ar\/index.php?rest_route=%2Fwp%2Fv2%2Fcategories&post=2038"},{"taxonomy":"post_tag","embeddable":true,"href":"https:\/\/curva1.com.ar\/index.php?rest_route=%2Fwp%2Fv2%2Ftags&post=2038"}],"curies":[{"name":"wp","href":"https:\/\/api.w.org\/{rel}","templated":true}]}}