{"id":20471,"date":"2016-11-03T12:00:14","date_gmt":"2016-11-03T15:00:14","guid":{"rendered":"http:\/\/www.curva1.com.ar\/?p=20471"},"modified":"2016-11-03T12:00:53","modified_gmt":"2016-11-03T15:00:53","slug":"mathon-con-intenciones-de-regresar-a-la-clase-2-del-zonal","status":"publish","type":"post","link":"https:\/\/curva1.com.ar\/?p=20471","title":{"rendered":"Dos pilotos m\u00e1s para la temporada 2017 de la Clase 2 del Zonal"},"content":{"rendered":"<p><img loading=\"lazy\" decoding=\"async\" class=\"aligncenter size-full wp-image-20472\" src=\"http:\/\/www.curva1.com.ar\/wp-content\/uploads\/2016\/11\/IMG_0880.jpg\" alt=\"img_0880\" width=\"700\" height=\"394\" srcset=\"https:\/\/curva1.com.ar\/wp-content\/uploads\/2016\/11\/IMG_0880.jpg 700w, https:\/\/curva1.com.ar\/wp-content\/uploads\/2016\/11\/IMG_0880-300x169.jpg 300w, https:\/\/curva1.com.ar\/wp-content\/uploads\/2016\/11\/IMG_0880-600x337.jpg 600w\" sizes=\"auto, (max-width: 700px) 100vw, 700px\" \/><\/p>\n<p>Luis Mathon tiene intenciones de volver a la &#8220;vedette&#8221; del Zonal Cuyano y esto, porque es el nuevo due\u00f1o del Ford Fiesta ahora ex Abdo Girala.<\/p>\n<p>El palmirense tiene otra vez en sus manos el auto que hace tiempo le hab\u00eda vendido al propio Girala, que estar\u00e1 en el coronaci\u00f3n con este auto.<\/p>\n<p>Por otro lado, Girala vendi\u00f3 uno de los VW Gol al rivadaviense &#8220;Carnerito&#8221; Ram\u00edrez. Lo manejer\u00eda su hijo Franco, campe\u00f3n vigente del TC J\u00fanior de Categor\u00edas Tradicionales.<\/p>\n","protected":false},"excerpt":{"rendered":"<p>Luis Mathon tiene intenciones de volver a la &#8220;vedette&#8221; del Zonal Cuyano y esto, porque<\/p>\n","protected":false},"author":1,"featured_media":20472,"comment_status":"closed","ping_status":"closed","sticky":false,"template":"","format":"standard","meta":{"footnotes":""},"categories":[1],"tags":[],"class_list":["post-20471","post","type-post","status-publish","format-standard","has-post-thumbnail","hentry","category-zonal-cuyano"],"featured_image_urls":{"full":["https:\/\/curva1.com.ar\/wp-content\/uploads\/2016\/11\/IMG_0880.jpg",700,394,false],"thumbnail":["https:\/\/curva1.com.ar\/wp-content\/uploads\/2016\/11\/IMG_0880-300x169.jpg",300,169,true],"medium":["https:\/\/curva1.com.ar\/wp-content\/uploads\/2016\/11\/IMG_0880-600x337.jpg",600,337,true],"medium_large":["https:\/\/curva1.com.ar\/wp-content\/uploads\/2016\/11\/IMG_0880.jpg",640,360,false],"large":["https:\/\/curva1.com.ar\/wp-content\/uploads\/2016\/11\/IMG_0880.jpg",640,360,false],"1536x1536":["https:\/\/curva1.com.ar\/wp-content\/uploads\/2016\/11\/IMG_0880.jpg",700,394,false],"2048x2048":["https:\/\/curva1.com.ar\/wp-content\/uploads\/2016\/11\/IMG_0880.jpg",700,394,false],"chromenews-featured":["https:\/\/curva1.com.ar\/wp-content\/uploads\/2016\/11\/IMG_0880.jpg",700,394,false],"chromenews-large":["https:\/\/curva1.com.ar\/wp-content\/uploads\/2016\/11\/IMG_0880.jpg",700,394,false],"chromenews-medium":["https:\/\/curva1.com.ar\/wp-content\/uploads\/2016\/11\/IMG_0880.jpg",590,332,false]},"author_info":{"display_name":"Jos\u00e9 Bravo","author_link":"https:\/\/curva1.com.ar\/?author=1"},"category_info":"<a href=\"https:\/\/curva1.com.ar\/?cat=1\" rel=\"category\">Zonal Cuyano<\/a>","tag_info":"Zonal Cuyano","comment_count":"0","_links":{"self":[{"href":"https:\/\/curva1.com.ar\/index.php?rest_route=\/wp\/v2\/posts\/20471","targetHints":{"allow":["GET"]}}],"collection":[{"href":"https:\/\/curva1.com.ar\/index.php?rest_route=\/wp\/v2\/posts"}],"about":[{"href":"https:\/\/curva1.com.ar\/index.php?rest_route=\/wp\/v2\/types\/post"}],"author":[{"embeddable":true,"href":"https:\/\/curva1.com.ar\/index.php?rest_route=\/wp\/v2\/users\/1"}],"replies":[{"embeddable":true,"href":"https:\/\/curva1.com.ar\/index.php?rest_route=%2Fwp%2Fv2%2Fcomments&post=20471"}],"version-history":[{"count":2,"href":"https:\/\/curva1.com.ar\/index.php?rest_route=\/wp\/v2\/posts\/20471\/revisions"}],"predecessor-version":[{"id":20474,"href":"https:\/\/curva1.com.ar\/index.php?rest_route=\/wp\/v2\/posts\/20471\/revisions\/20474"}],"wp:featuredmedia":[{"embeddable":true,"href":"https:\/\/curva1.com.ar\/index.php?rest_route=\/wp\/v2\/media\/20472"}],"wp:attachment":[{"href":"https:\/\/curva1.com.ar\/index.php?rest_route=%2Fwp%2Fv2%2Fmedia&parent=20471"}],"wp:term":[{"taxonomy":"category","embeddable":true,"href":"https:\/\/curva1.com.ar\/index.php?rest_route=%2Fwp%2Fv2%2Fcategories&post=20471"},{"taxonomy":"post_tag","embeddable":true,"href":"https:\/\/curva1.com.ar\/index.php?rest_route=%2Fwp%2Fv2%2Ftags&post=20471"}],"curies":[{"name":"wp","href":"https:\/\/api.w.org\/{rel}","templated":true}]}}