{"id":20477,"date":"2016-11-03T23:35:46","date_gmt":"2016-11-04T02:35:46","guid":{"rendered":"http:\/\/www.curva1.com.ar\/?p=20477"},"modified":"2016-11-03T23:35:46","modified_gmt":"2016-11-04T02:35:46","slug":"siguen-los-errores-de-federacion-y-el-panorama-es-borroso","status":"publish","type":"post","link":"https:\/\/curva1.com.ar\/?p=20477","title":{"rendered":"Siguen los &#8220;errores&#8221; de Federaci\u00f3n y el panorama es borroso"},"content":{"rendered":"<p><img loading=\"lazy\" decoding=\"async\" class=\"aligncenter size-full wp-image-20480\" src=\"http:\/\/www.curva1.com.ar\/wp-content\/uploads\/2016\/11\/IMG_0224.jpg\" alt=\"img_0224\" width=\"700\" height=\"394\" srcset=\"https:\/\/curva1.com.ar\/wp-content\/uploads\/2016\/11\/IMG_0224.jpg 700w, https:\/\/curva1.com.ar\/wp-content\/uploads\/2016\/11\/IMG_0224-300x169.jpg 300w, https:\/\/curva1.com.ar\/wp-content\/uploads\/2016\/11\/IMG_0224-600x337.jpg 600w\" sizes=\"auto, (max-width: 700px) 100vw, 700px\" \/><\/p>\n<p>Luego del papel\u00f3n del pasado fin de semana con la suspensi\u00f3n de la \u00faltima final por una &#8220;miedo&#8221; a una tormenta, la entidad que fiscalizad el Karting Mendocino sigue sin ordenar los campeonatos y las tablas son confusas y borrosas como la foto de arriba.<\/p>\n<p>Hablamos de la clase Pre J\u00fanior donde el neuquino Franco Samcov tiene su puntaje desdoblado o &#8220;tiene un hermano gemelo&#8221;, no lo sabemos. Esto est\u00e1 as\u00ed desde antes de la fecha del domingo y cuando se ingresa a la etapa de definici\u00f3n del t\u00edtulo.<\/p>\n<p>Otra cosa que no se entiende es que en la tabla aparecen pilotos &#8220;adultos&#8221; cuando en el reglamento de la Pre J\u00fanior claramente dice que est\u00e1 destinado para pilotos de 11 a 15 a\u00f1os (??).<\/p>\n<p><img loading=\"lazy\" decoding=\"async\" class=\"aligncenter wp-image-20479 size-large\" src=\"http:\/\/www.curva1.com.ar\/wp-content\/uploads\/2016\/11\/catfadfas-1024x401.jpg\" alt=\"catfadfas\" width=\"720\" height=\"282\" srcset=\"https:\/\/curva1.com.ar\/wp-content\/uploads\/2016\/11\/catfadfas-1024x401.jpg 1024w, https:\/\/curva1.com.ar\/wp-content\/uploads\/2016\/11\/catfadfas-600x235.jpg 600w, https:\/\/curva1.com.ar\/wp-content\/uploads\/2016\/11\/catfadfas-768x301.jpg 768w, https:\/\/curva1.com.ar\/wp-content\/uploads\/2016\/11\/catfadfas.jpg 1295w\" sizes=\"auto, (max-width: 720px) 100vw, 720px\" \/><img loading=\"lazy\" decoding=\"async\" class=\"aligncenter size-full wp-image-20478\" src=\"http:\/\/www.curva1.com.ar\/wp-content\/uploads\/2016\/11\/caadsfasfts.jpg\" alt=\"caadsfasfts\" width=\"800\" height=\"485\" srcset=\"https:\/\/curva1.com.ar\/wp-content\/uploads\/2016\/11\/caadsfasfts.jpg 800w, https:\/\/curva1.com.ar\/wp-content\/uploads\/2016\/11\/caadsfasfts-556x337.jpg 556w, https:\/\/curva1.com.ar\/wp-content\/uploads\/2016\/11\/caadsfasfts-768x466.jpg 768w\" sizes=\"auto, (max-width: 800px) 100vw, 800px\" \/><\/p>\n","protected":false},"excerpt":{"rendered":"<p>Luego del papel\u00f3n del pasado fin de semana con la suspensi\u00f3n de la \u00faltima final<\/p>\n","protected":false},"author":1,"featured_media":20480,"comment_status":"closed","ping_status":"closed","sticky":false,"template":"","format":"standard","meta":{"footnotes":""},"categories":[4],"tags":[],"class_list":["post-20477","post","type-post","status-publish","format-standard","has-post-thumbnail","hentry","category-karting"],"featured_image_urls":{"full":["https:\/\/curva1.com.ar\/wp-content\/uploads\/2016\/11\/IMG_0224.jpg",700,394,false],"thumbnail":["https:\/\/curva1.com.ar\/wp-content\/uploads\/2016\/11\/IMG_0224-300x169.jpg",300,169,true],"medium":["https:\/\/curva1.com.ar\/wp-content\/uploads\/2016\/11\/IMG_0224-600x337.jpg",600,337,true],"medium_large":["https:\/\/curva1.com.ar\/wp-content\/uploads\/2016\/11\/IMG_0224.jpg",640,360,false],"large":["https:\/\/curva1.com.ar\/wp-content\/uploads\/2016\/11\/IMG_0224.jpg",640,360,false],"1536x1536":["https:\/\/curva1.com.ar\/wp-content\/uploads\/2016\/11\/IMG_0224.jpg",700,394,false],"2048x2048":["https:\/\/curva1.com.ar\/wp-content\/uploads\/2016\/11\/IMG_0224.jpg",700,394,false],"chromenews-featured":["https:\/\/curva1.com.ar\/wp-content\/uploads\/2016\/11\/IMG_0224.jpg",700,394,false],"chromenews-large":["https:\/\/curva1.com.ar\/wp-content\/uploads\/2016\/11\/IMG_0224.jpg",700,394,false],"chromenews-medium":["https:\/\/curva1.com.ar\/wp-content\/uploads\/2016\/11\/IMG_0224.jpg",590,332,false]},"author_info":{"display_name":"Jos\u00e9 Bravo","author_link":"https:\/\/curva1.com.ar\/?author=1"},"category_info":"<a href=\"https:\/\/curva1.com.ar\/?cat=4\" rel=\"category\">Karting Asfalto<\/a>","tag_info":"Karting Asfalto","comment_count":"0","_links":{"self":[{"href":"https:\/\/curva1.com.ar\/index.php?rest_route=\/wp\/v2\/posts\/20477","targetHints":{"allow":["GET"]}}],"collection":[{"href":"https:\/\/curva1.com.ar\/index.php?rest_route=\/wp\/v2\/posts"}],"about":[{"href":"https:\/\/curva1.com.ar\/index.php?rest_route=\/wp\/v2\/types\/post"}],"author":[{"embeddable":true,"href":"https:\/\/curva1.com.ar\/index.php?rest_route=\/wp\/v2\/users\/1"}],"replies":[{"embeddable":true,"href":"https:\/\/curva1.com.ar\/index.php?rest_route=%2Fwp%2Fv2%2Fcomments&post=20477"}],"version-history":[{"count":1,"href":"https:\/\/curva1.com.ar\/index.php?rest_route=\/wp\/v2\/posts\/20477\/revisions"}],"predecessor-version":[{"id":20481,"href":"https:\/\/curva1.com.ar\/index.php?rest_route=\/wp\/v2\/posts\/20477\/revisions\/20481"}],"wp:featuredmedia":[{"embeddable":true,"href":"https:\/\/curva1.com.ar\/index.php?rest_route=\/wp\/v2\/media\/20480"}],"wp:attachment":[{"href":"https:\/\/curva1.com.ar\/index.php?rest_route=%2Fwp%2Fv2%2Fmedia&parent=20477"}],"wp:term":[{"taxonomy":"category","embeddable":true,"href":"https:\/\/curva1.com.ar\/index.php?rest_route=%2Fwp%2Fv2%2Fcategories&post=20477"},{"taxonomy":"post_tag","embeddable":true,"href":"https:\/\/curva1.com.ar\/index.php?rest_route=%2Fwp%2Fv2%2Ftags&post=20477"}],"curies":[{"name":"wp","href":"https:\/\/api.w.org\/{rel}","templated":true}]}}